{"id":6653,"date":"2023-11-16T15:07:09","date_gmt":"2023-11-16T18:07:09","guid":{"rendered":"http:\/\/blogdoarmindomaia.com.br\/?p=6653"},"modified":"2023-11-16T15:07:11","modified_gmt":"2023-11-16T18:07:11","slug":"exposicao-foto-em-pauta-segue-aberta-para-visitacao-gratuita-no-museu-dona-beja","status":"publish","type":"post","link":"http:\/\/blogdoarmindomaia.com.br\/?p=6653","title":{"rendered":"Exposi\u00e7\u00e3o Foto em Pauta segue aberta para visita\u00e7\u00e3o gratuita no Museu Dona Beja"},"content":{"rendered":"\n<figure class=\"wp-block-image size-full is-style-default\"><img loading=\"lazy\" decoding=\"async\" width=\"1024\" height=\"683\" src=\"http:\/\/blogdoarmindomaia.com.br\/wp-content\/uploads\/2023\/11\/Exposicao-Foto-em-Pauta-6.jpg\" alt=\"\" class=\"wp-image-6654\" srcset=\"http:\/\/blogdoarmindomaia.com.br\/wp-content\/uploads\/2023\/11\/Exposicao-Foto-em-Pauta-6.jpg 1024w, http:\/\/blogdoarmindomaia.com.br\/wp-content\/uploads\/2023\/11\/Exposicao-Foto-em-Pauta-6-300x200.jpg 300w, http:\/\/blogdoarmindomaia.com.br\/wp-content\/uploads\/2023\/11\/Exposicao-Foto-em-Pauta-6-768x512.jpg 768w\" sizes=\"auto, (max-width: 1024px) 100vw, 1024px\" \/><\/figure>\n\n\n\n<p>Arax\u00e1 est\u00e1 recebendo uma verdadeira imers\u00e3o pelo mundo da fotografia. O projeto Foto em Pauta, do Festival de Fotografia de Tiradentes, est\u00e1 com duas exposi\u00e7\u00f5es montadas no hall de entrada do Museu Dona Beja. A abertura oficial foi realizada na \u00faltima sexta-feira (10).<br><br>A primeira, Foto em Pauta &#8211; Cosmopol\u00edticas, estabelece um di\u00e1logo profundo das obras com a natureza, destacando uma conex\u00e3o \u00edntima entre os artistas e os elementos que capturam.<br><br>J\u00e1 a mostra Caixas de Ver, de Dirceu Mau\u00e9s, est\u00e1 instalada na entrada do museu. Por ela, \u00e9 poss\u00edvel ter uma experi\u00eancia interativa observando o outro lado por meio de c\u00e2meras de produ\u00e7\u00e3o artesanal.<br><br>Como parte do projeto, o Centro de Refer\u00eancia da Cultura Negra recebeu a oficina \u2018Inicia\u00e7\u00e3o \u00e0 Fotografia com C\u00e2meras Obscuras\u2019, que contou com a participa\u00e7\u00e3o de professoras do N\u00facleo de Incentivo \u00e0 Leitura da Secretaria Municipal de Educa\u00e7\u00e3o e comunidade.<br><br>A exposi\u00e7\u00e3o segue at\u00e9 o dia 10 de dezembro, com visita\u00e7\u00e3o gratuita no Museu Dona Beja, de segunda a sexta-feira, das 12h \u00e0s 18h; s\u00e1bados, das 9h \u00e0s 15h; e domingos e feriados, das 8h \u00e0s 12h.<\/p>\n","protected":false},"excerpt":{"rendered":"<p>Arax\u00e1 est\u00e1 recebendo uma verdadeira imers\u00e3o pelo mundo da fotografia. O projeto Foto em Pauta, do Festival de Fotografia de<\/p>\n","protected":false},"author":2,"featured_media":6654,"comment_status":"open","ping_status":"open","sticky":false,"template":"","format":"standard","meta":{"footnotes":""},"categories":[9,5,11],"tags":[],"class_list":["post-6653","post","type-post","status-publish","format-standard","has-post-thumbnail","hentry","category-araxa","category-arte-e-cultura","category-destaques"],"_links":{"self":[{"href":"http:\/\/blogdoarmindomaia.com.br\/index.php?rest_route=\/wp\/v2\/posts\/6653","targetHints":{"allow":["GET"]}}],"collection":[{"href":"http:\/\/blogdoarmindomaia.com.br\/index.php?rest_route=\/wp\/v2\/posts"}],"about":[{"href":"http:\/\/blogdoarmindomaia.com.br\/index.php?rest_route=\/wp\/v2\/types\/post"}],"author":[{"embeddable":true,"href":"http:\/\/blogdoarmindomaia.com.br\/index.php?rest_route=\/wp\/v2\/users\/2"}],"replies":[{"embeddable":true,"href":"http:\/\/blogdoarmindomaia.com.br\/index.php?rest_route=%2Fwp%2Fv2%2Fcomments&post=6653"}],"version-history":[{"count":1,"href":"http:\/\/blogdoarmindomaia.com.br\/index.php?rest_route=\/wp\/v2\/posts\/6653\/revisions"}],"predecessor-version":[{"id":6655,"href":"http:\/\/blogdoarmindomaia.com.br\/index.php?rest_route=\/wp\/v2\/posts\/6653\/revisions\/6655"}],"wp:featuredmedia":[{"embeddable":true,"href":"http:\/\/blogdoarmindomaia.com.br\/index.php?rest_route=\/wp\/v2\/media\/6654"}],"wp:attachment":[{"href":"http:\/\/blogdoarmindomaia.com.br\/index.php?rest_route=%2Fwp%2Fv2%2Fmedia&parent=6653"}],"wp:term":[{"taxonomy":"category","embeddable":true,"href":"http:\/\/blogdoarmindomaia.com.br\/index.php?rest_route=%2Fwp%2Fv2%2Fcategories&post=6653"},{"taxonomy":"post_tag","embeddable":true,"href":"http:\/\/blogdoarmindomaia.com.br\/index.php?rest_route=%2Fwp%2Fv2%2Ftags&post=6653"}],"curies":[{"name":"wp","href":"https:\/\/api.w.org\/{rel}","templated":true}]}}