{"id":6656,"date":"2023-11-16T15:35:03","date_gmt":"2023-11-16T18:35:03","guid":{"rendered":"http:\/\/blogdoarmindomaia.com.br\/?p=6656"},"modified":"2023-11-16T15:35:09","modified_gmt":"2023-11-16T18:35:09","slug":"evento-marca-o-inicio-das-atividades-do-mes-da-consciencia-negra","status":"publish","type":"post","link":"http:\/\/blogdoarmindomaia.com.br\/?p=6656","title":{"rendered":"Evento marca o in\u00edcio das atividades do m\u00eas da Consci\u00eancia Negra"},"content":{"rendered":"\n<figure class=\"wp-block-image size-full is-style-default\"><img loading=\"lazy\" decoding=\"async\" width=\"1024\" height=\"682\" src=\"http:\/\/blogdoarmindomaia.com.br\/wp-content\/uploads\/2023\/11\/Consciencia-Negra-no-Senac-Araxa-5.jpeg\" alt=\"\" class=\"wp-image-6657\" srcset=\"http:\/\/blogdoarmindomaia.com.br\/wp-content\/uploads\/2023\/11\/Consciencia-Negra-no-Senac-Araxa-5.jpeg 1024w, http:\/\/blogdoarmindomaia.com.br\/wp-content\/uploads\/2023\/11\/Consciencia-Negra-no-Senac-Araxa-5-300x200.jpeg 300w, http:\/\/blogdoarmindomaia.com.br\/wp-content\/uploads\/2023\/11\/Consciencia-Negra-no-Senac-Araxa-5-768x512.jpeg 768w\" sizes=\"auto, (max-width: 1024px) 100vw, 1024px\" \/><\/figure>\n\n\n\n<p>Valorizar a cultura negra, exaltando identidades e costumes. Com esta proposta, uma parceria entre a Funda\u00e7\u00e3o Cultural Calmon Barreto (FCCB) e o Servi\u00e7o Nacional de Aprendizagem Comercial (Senac) Arax\u00e1 realizou um evento que marcou o in\u00edcio das atividades do M\u00eas da Consci\u00eancia Negra, na \u00faltima segunda-feira (13).<\/p>\n\n\n\n<p>O momento contou com desfile que exaltou a beleza negra, com modelos de v\u00e1rias idades; al\u00e9m da apresenta\u00e7\u00e3o de samba de roda e oficina de turbantes, organizadas pelo Centro de Refer\u00eancia da Cultura Negra.<\/p>\n\n\n\n<p>A programa\u00e7\u00e3o em celebra\u00e7\u00e3o \u00e0 data continuar\u00e1 na pr\u00f3xima semana, com atividades no Centro de Refer\u00eancia, em escolas da cidade e no projeto Prefeitura no Bairro. O Dia da Consci\u00eancia Negra \u00e9 celebrado em 20 de novembro.<\/p>\n","protected":false},"excerpt":{"rendered":"<p>Valorizar a cultura negra, exaltando identidades e costumes. Com esta proposta, uma parceria entre a Funda\u00e7\u00e3o Cultural Calmon Barreto (FCCB)<\/p>\n","protected":false},"author":2,"featured_media":6657,"comment_status":"open","ping_status":"open","sticky":false,"template":"","format":"standard","meta":{"footnotes":""},"categories":[9,5,11],"tags":[],"class_list":["post-6656","post","type-post","status-publish","format-standard","has-post-thumbnail","hentry","category-araxa","category-arte-e-cultura","category-destaques"],"_links":{"self":[{"href":"http:\/\/blogdoarmindomaia.com.br\/index.php?rest_route=\/wp\/v2\/posts\/6656","targetHints":{"allow":["GET"]}}],"collection":[{"href":"http:\/\/blogdoarmindomaia.com.br\/index.php?rest_route=\/wp\/v2\/posts"}],"about":[{"href":"http:\/\/blogdoarmindomaia.com.br\/index.php?rest_route=\/wp\/v2\/types\/post"}],"author":[{"embeddable":true,"href":"http:\/\/blogdoarmindomaia.com.br\/index.php?rest_route=\/wp\/v2\/users\/2"}],"replies":[{"embeddable":true,"href":"http:\/\/blogdoarmindomaia.com.br\/index.php?rest_route=%2Fwp%2Fv2%2Fcomments&post=6656"}],"version-history":[{"count":1,"href":"http:\/\/blogdoarmindomaia.com.br\/index.php?rest_route=\/wp\/v2\/posts\/6656\/revisions"}],"predecessor-version":[{"id":6658,"href":"http:\/\/blogdoarmindomaia.com.br\/index.php?rest_route=\/wp\/v2\/posts\/6656\/revisions\/6658"}],"wp:featuredmedia":[{"embeddable":true,"href":"http:\/\/blogdoarmindomaia.com.br\/index.php?rest_route=\/wp\/v2\/media\/6657"}],"wp:attachment":[{"href":"http:\/\/blogdoarmindomaia.com.br\/index.php?rest_route=%2Fwp%2Fv2%2Fmedia&parent=6656"}],"wp:term":[{"taxonomy":"category","embeddable":true,"href":"http:\/\/blogdoarmindomaia.com.br\/index.php?rest_route=%2Fwp%2Fv2%2Fcategories&post=6656"},{"taxonomy":"post_tag","embeddable":true,"href":"http:\/\/blogdoarmindomaia.com.br\/index.php?rest_route=%2Fwp%2Fv2%2Ftags&post=6656"}],"curies":[{"name":"wp","href":"https:\/\/api.w.org\/{rel}","templated":true}]}}