{"id":6665,"date":"2023-11-20T15:07:04","date_gmt":"2023-11-20T18:07:04","guid":{"rendered":"http:\/\/blogdoarmindomaia.com.br\/?p=6665"},"modified":"2023-11-20T15:07:05","modified_gmt":"2023-11-20T18:07:05","slug":"colegio-sao-domingos-se-destaca-com-propostas-inovadoras-em-2023","status":"publish","type":"post","link":"http:\/\/blogdoarmindomaia.com.br\/?p=6665","title":{"rendered":"Col\u00e9gio S\u00e3o Domingos se destaca com propostas inovadoras em 2023"},"content":{"rendered":"\n<figure class=\"wp-block-image size-large is-style-default\"><img loading=\"lazy\" decoding=\"async\" width=\"1024\" height=\"768\" src=\"http:\/\/blogdoarmindomaia.com.br\/wp-content\/uploads\/2023\/11\/unnamed-2-1024x768.jpg\" alt=\"\" class=\"wp-image-6666\" srcset=\"http:\/\/blogdoarmindomaia.com.br\/wp-content\/uploads\/2023\/11\/unnamed-2-1024x768.jpg 1024w, http:\/\/blogdoarmindomaia.com.br\/wp-content\/uploads\/2023\/11\/unnamed-2-300x225.jpg 300w, http:\/\/blogdoarmindomaia.com.br\/wp-content\/uploads\/2023\/11\/unnamed-2-768x576.jpg 768w, http:\/\/blogdoarmindomaia.com.br\/wp-content\/uploads\/2023\/11\/unnamed-2-1536x1152.jpg 1536w, http:\/\/blogdoarmindomaia.com.br\/wp-content\/uploads\/2023\/11\/unnamed-2.jpg 1600w\" sizes=\"auto, (max-width: 1024px) 100vw, 1024px\" \/><\/figure>\n\n\n\n<figure class=\"wp-block-image size-large is-style-default\"><img loading=\"lazy\" decoding=\"async\" width=\"1024\" height=\"768\" src=\"http:\/\/blogdoarmindomaia.com.br\/wp-content\/uploads\/2023\/11\/Colegio-Sao-Domingos-se-destaca-com-propostas-pag-06-1024x768.jpg\" alt=\"\" class=\"wp-image-6667\" srcset=\"http:\/\/blogdoarmindomaia.com.br\/wp-content\/uploads\/2023\/11\/Colegio-Sao-Domingos-se-destaca-com-propostas-pag-06-1024x768.jpg 1024w, http:\/\/blogdoarmindomaia.com.br\/wp-content\/uploads\/2023\/11\/Colegio-Sao-Domingos-se-destaca-com-propostas-pag-06-300x225.jpg 300w, http:\/\/blogdoarmindomaia.com.br\/wp-content\/uploads\/2023\/11\/Colegio-Sao-Domingos-se-destaca-com-propostas-pag-06-768x576.jpg 768w, http:\/\/blogdoarmindomaia.com.br\/wp-content\/uploads\/2023\/11\/Colegio-Sao-Domingos-se-destaca-com-propostas-pag-06-1536x1152.jpg 1536w, http:\/\/blogdoarmindomaia.com.br\/wp-content\/uploads\/2023\/11\/Colegio-Sao-Domingos-se-destaca-com-propostas-pag-06.jpg 1600w\" sizes=\"auto, (max-width: 1024px) 100vw, 1024px\" \/><\/figure>\n\n\n\n<p><em>A\u00e7\u00f5es valorizam o estudante como protagonista da pr\u00f3pria aprendizagem<\/em><\/p>\n\n\n\n<p>O Col\u00e9gio S\u00e3o Domingos, em Arax\u00e1, tem se destacado ao longo do ano de 2023 por sua abordagem inovadora em projetos pedag\u00f3gicos, culturais e sociais, proporcionando aos alunos e \u00e0 equipe de profissionais um ambiente prop\u00edcio para o desenvolvimento de habilidades diversas.<\/p>\n\n\n\n<p><strong>Sarau CSD<\/strong><\/p>\n\n\n\n<p>Um dos destaques recentes foi o 8\u00ba Sarau CSD, cujo tema &#8220;Vida, leveza e poesia&#8221; foi cuidadosamente explorado pelos alunos do 8\u00ba Ano nos dias 25 e 26 de outubro. \u201cO projeto teve como prop\u00f3sito instigar reflex\u00f5es sobre a vida, seus encantos, desafios e a import\u00e2ncia de valoriz\u00e1-la em meio \u00e0 rotina\u201d, diz a professora S\u00f4nia de F\u00e1tima da Silva.<\/p>\n\n\n\n<p>Uma particularidade que merece reconhecimento \u00e9 o car\u00e1ter colaborativo do evento, mantido gra\u00e7as ao trabalho em equipe. \u201cOs estudantes foram protagonistas desde a escolha dos poemas, m\u00fasicas e dan\u00e7as at\u00e9 as apresenta\u00e7\u00f5es no palco. O resultado foi espetacular, proporcionando emo\u00e7\u00e3o, alegria, arte e fortalecimento das rela\u00e7\u00f5es interpessoais\u201d, ressalta.<\/p>\n\n\n\n<p><strong>Arax\u00e1 em Foco<\/strong><\/p>\n\n\n\n<p>Outro projeto de destaque foi o &#8220;Arax\u00e1 em Foco&#8221;, realizado de forma transdisciplinar pelas turmas de 4\u00ba e 5\u00ba anos. A iniciativa proporcionou aos educandos o conhecimento aprofundado da hist\u00f3ria local, bem como a valoriza\u00e7\u00e3o do patrim\u00f4nio hist\u00f3rico, cultural e das peculiaridades do munic\u00edpio. \u201cAo longo do projeto, os alunos n\u00e3o apenas estudaram, mas tamb\u00e9m leram, pesquisaram, produziram textos, entrevistaram, reciclaram materiais, visitaram locais hist\u00f3ricos e experimentaram receitas t\u00edpicas da regi\u00e3o. A participa\u00e7\u00e3o ativa dos estudantes como protagonistas de sua jornada educacional foi um dos pontos mais marcantes, estimulando a curiosidade, questionamento e forma\u00e7\u00e3o de uma opini\u00e3o cr\u00edtica\u201d, explica a professora Ros\u00e2nia de Souza Santos.<\/p>\n\n\n\n<p>O uso de tecnologias de informa\u00e7\u00e3o e comunica\u00e7\u00e3o foi incorporado de forma inteligente, funcionando como aliado no desenvolvimento das atividades. A participa\u00e7\u00e3o ativa das fam\u00edlias em todas as etapas do projeto refor\u00e7ou os valores e consolidou os conhecimentos constru\u00eddos. O \u00e1pice do &#8220;Arax\u00e1 em Foco&#8221; ocorreu no dia 25 de outubro, com a apresenta\u00e7\u00e3o do teatro &#8220;Uma Noite no Museu&#8221;. Os alunos encenaram partes importantes da hist\u00f3ria de Arax\u00e1, proporcionando uma experi\u00eancia educacional \u00fanica e marcante para todos os envolvidos<\/p>\n","protected":false},"excerpt":{"rendered":"<p>A\u00e7\u00f5es valorizam o estudante como protagonista da pr\u00f3pria aprendizagem O Col\u00e9gio S\u00e3o Domingos, em Arax\u00e1, tem se destacado ao longo<\/p>\n","protected":false},"author":2,"featured_media":6667,"comment_status":"open","ping_status":"open","sticky":false,"template":"","format":"standard","meta":{"footnotes":""},"categories":[9,11,13],"tags":[],"class_list":["post-6665","post","type-post","status-publish","format-standard","has-post-thumbnail","hentry","category-araxa","category-destaques","category-educacao"],"_links":{"self":[{"href":"http:\/\/blogdoarmindomaia.com.br\/index.php?rest_route=\/wp\/v2\/posts\/6665","targetHints":{"allow":["GET"]}}],"collection":[{"href":"http:\/\/blogdoarmindomaia.com.br\/index.php?rest_route=\/wp\/v2\/posts"}],"about":[{"href":"http:\/\/blogdoarmindomaia.com.br\/index.php?rest_route=\/wp\/v2\/types\/post"}],"author":[{"embeddable":true,"href":"http:\/\/blogdoarmindomaia.com.br\/index.php?rest_route=\/wp\/v2\/users\/2"}],"replies":[{"embeddable":true,"href":"http:\/\/blogdoarmindomaia.com.br\/index.php?rest_route=%2Fwp%2Fv2%2Fcomments&post=6665"}],"version-history":[{"count":1,"href":"http:\/\/blogdoarmindomaia.com.br\/index.php?rest_route=\/wp\/v2\/posts\/6665\/revisions"}],"predecessor-version":[{"id":6668,"href":"http:\/\/blogdoarmindomaia.com.br\/index.php?rest_route=\/wp\/v2\/posts\/6665\/revisions\/6668"}],"wp:featuredmedia":[{"embeddable":true,"href":"http:\/\/blogdoarmindomaia.com.br\/index.php?rest_route=\/wp\/v2\/media\/6667"}],"wp:attachment":[{"href":"http:\/\/blogdoarmindomaia.com.br\/index.php?rest_route=%2Fwp%2Fv2%2Fmedia&parent=6665"}],"wp:term":[{"taxonomy":"category","embeddable":true,"href":"http:\/\/blogdoarmindomaia.com.br\/index.php?rest_route=%2Fwp%2Fv2%2Fcategories&post=6665"},{"taxonomy":"post_tag","embeddable":true,"href":"http:\/\/blogdoarmindomaia.com.br\/index.php?rest_route=%2Fwp%2Fv2%2Ftags&post=6665"}],"curies":[{"name":"wp","href":"https:\/\/api.w.org\/{rel}","templated":true}]}}