{"id":6670,"date":"2023-11-20T15:09:45","date_gmt":"2023-11-20T18:09:45","guid":{"rendered":"http:\/\/blogdoarmindomaia.com.br\/?p=6670"},"modified":"2023-11-20T15:09:47","modified_gmt":"2023-11-20T18:09:47","slug":"vereadores-debatem-demandas-das-instituicoes-de-longa-permanencia-para-idosos","status":"publish","type":"post","link":"http:\/\/blogdoarmindomaia.com.br\/?p=6670","title":{"rendered":"Vereadores debatem demandas das Institui\u00e7\u00f5es de Longa Perman\u00eancia para Idosos"},"content":{"rendered":"\n<figure class=\"wp-block-image size-large is-style-default\"><img loading=\"lazy\" decoding=\"async\" width=\"1024\" height=\"768\" src=\"http:\/\/blogdoarmindomaia.com.br\/wp-content\/uploads\/2023\/11\/Vereadores-debatem-demandas-das-Instituicoes-de-Longa-Permanencia-pag-08-1024x768.jpeg\" alt=\"\" class=\"wp-image-6671\" srcset=\"http:\/\/blogdoarmindomaia.com.br\/wp-content\/uploads\/2023\/11\/Vereadores-debatem-demandas-das-Instituicoes-de-Longa-Permanencia-pag-08-1024x768.jpeg 1024w, http:\/\/blogdoarmindomaia.com.br\/wp-content\/uploads\/2023\/11\/Vereadores-debatem-demandas-das-Instituicoes-de-Longa-Permanencia-pag-08-300x225.jpeg 300w, http:\/\/blogdoarmindomaia.com.br\/wp-content\/uploads\/2023\/11\/Vereadores-debatem-demandas-das-Instituicoes-de-Longa-Permanencia-pag-08-768x576.jpeg 768w, http:\/\/blogdoarmindomaia.com.br\/wp-content\/uploads\/2023\/11\/Vereadores-debatem-demandas-das-Instituicoes-de-Longa-Permanencia-pag-08.jpeg 1280w\" sizes=\"auto, (max-width: 1024px) 100vw, 1024px\" \/><\/figure>\n\n\n\n<p>O vereador Luiz Carlos Bittencourt e a vereadora Omara Paolinelli promoveram um F\u00f3rum Comunit\u00e1rio no final da semana passada, 16, no Plen\u00e1rio da Casa da Cidadania, com o objetivo de discutir a gest\u00e3o municipal no enfrentamento das demandas por Institui\u00e7\u00f5es de Longa Perman\u00eancia para Idosos (ILPIS) em Arax\u00e1. Essas institui\u00e7\u00f5es atendem idosos em situa\u00e7\u00e3o de vulnerabilidade, oferecendo abrigo, cuidados e assist\u00eancia aos que necessitam de suporte cont\u00ednuo.<\/p>\n\n\n\n<p>Al\u00e9m de Luiz Carlos e Omara, fizeram parte da mesa de honra a promotora de Justi\u00e7a Dra. Mara L\u00facia Silva Dourado, a presidente do Conselho do Idoso Ana Paula Nassif, o secret\u00e1rio Municipal de A\u00e7\u00e3o e Promo\u00e7\u00e3o Social Wagner Cruz, a secret\u00e1ria Municipal de Sa\u00fade Cristiane Gon\u00e7alves Pereira e o secret\u00e1rio Municipal de Governo Rick Paranhos.<\/p>\n\n\n\n<p>Omara abriu a sess\u00e3o destacando a import\u00e2ncia das ILPIS e falando da necessidade de dar visibilidade aos problemas, buscando solu\u00e7\u00f5es conjuntas para o custeio, manuten\u00e7\u00e3o, recursos humanos e materiais. Na opini\u00e3o da parlamentar, o poder p\u00fablico deve buscar uma distribui\u00e7\u00e3o justa dos recursos advindos do Fundo Municipal do Idoso, para atender da melhor forma poss\u00edvel essa parcela da popula\u00e7\u00e3o.<\/p>\n\n\n\n<p>Dra. Mara esclareceu que o atendimento aos idosos \u00e9 uma obriga\u00e7\u00e3o do munic\u00edpio, que pode realizar esse acolhimento de forma direta ou por meio de parcerias com institui\u00e7\u00f5es. Ela falou sobre a oferta de vagas nessas ILPIS parceiras do Munic\u00edpio, mencionando que o Recanto do Idoso S\u00e3o Vicente de Paula disponibiliza 60 vagas, a Associa\u00e7\u00e3o Lar Ebenezer oferece 80 vagas, e as Obras Sociais Euripedes Barsanulfo abriga 25 idosos que possuem relativa autonomia. A promotora manifestou sua preocupa\u00e7\u00e3o com a demanda reprimida de 8 idosos aguardando vagas e 19 solicita\u00e7\u00f5es em andamento.<\/p>\n\n\n\n<p>Os secret\u00e1rios Municipais falaram sobre os planos de implanta\u00e7\u00e3o de um centro que possibilitar\u00e1 que os idosos passem o dia em um espa\u00e7o com atividades destinadas para eles. Essa iniciativa deve contribuir para fortalecer os v\u00ednculos familiares e evitar a institucionaliza\u00e7\u00e3o.<\/p>\n\n\n\n<p>A presidente do Conselho do Idoso destacou o papel dos conselhos nas delibera\u00e7\u00f5es sobre o fundo do idoso, destinando verba para as ILPIS e tamb\u00e9m para a\u00e7\u00f5es de preven\u00e7\u00e3o ao acolhimento. Os representantes das Institui\u00e7\u00f5es falaram sobre o trabalho que cada uma delas desempenha, e apontaram as principais dificuldades enfrentadas.<\/p>\n\n\n\n<p>Luiz Carlos concluiu lembrando que os recursos do fundo do idoso n\u00e3o devem ser utilizados para manter os idosos nas institui\u00e7\u00f5es, pois isso \u00e9 uma obriga\u00e7\u00e3o do munic\u00edpio. Ele enfatizou que o munic\u00edpio tem a obriga\u00e7\u00e3o de aplicar os recursos do fundo corretamente, e os vereadores precisam exigir essa destina\u00e7\u00e3o adequada.<\/p>\n","protected":false},"excerpt":{"rendered":"<p>O vereador Luiz Carlos Bittencourt e a vereadora Omara Paolinelli promoveram um F\u00f3rum Comunit\u00e1rio no final da semana passada, 16,<\/p>\n","protected":false},"author":2,"featured_media":6671,"comment_status":"open","ping_status":"open","sticky":false,"template":"","format":"standard","meta":{"footnotes":""},"categories":[9,11],"tags":[],"class_list":["post-6670","post","type-post","status-publish","format-standard","has-post-thumbnail","hentry","category-araxa","category-destaques"],"_links":{"self":[{"href":"http:\/\/blogdoarmindomaia.com.br\/index.php?rest_route=\/wp\/v2\/posts\/6670","targetHints":{"allow":["GET"]}}],"collection":[{"href":"http:\/\/blogdoarmindomaia.com.br\/index.php?rest_route=\/wp\/v2\/posts"}],"about":[{"href":"http:\/\/blogdoarmindomaia.com.br\/index.php?rest_route=\/wp\/v2\/types\/post"}],"author":[{"embeddable":true,"href":"http:\/\/blogdoarmindomaia.com.br\/index.php?rest_route=\/wp\/v2\/users\/2"}],"replies":[{"embeddable":true,"href":"http:\/\/blogdoarmindomaia.com.br\/index.php?rest_route=%2Fwp%2Fv2%2Fcomments&post=6670"}],"version-history":[{"count":1,"href":"http:\/\/blogdoarmindomaia.com.br\/index.php?rest_route=\/wp\/v2\/posts\/6670\/revisions"}],"predecessor-version":[{"id":6672,"href":"http:\/\/blogdoarmindomaia.com.br\/index.php?rest_route=\/wp\/v2\/posts\/6670\/revisions\/6672"}],"wp:featuredmedia":[{"embeddable":true,"href":"http:\/\/blogdoarmindomaia.com.br\/index.php?rest_route=\/wp\/v2\/media\/6671"}],"wp:attachment":[{"href":"http:\/\/blogdoarmindomaia.com.br\/index.php?rest_route=%2Fwp%2Fv2%2Fmedia&parent=6670"}],"wp:term":[{"taxonomy":"category","embeddable":true,"href":"http:\/\/blogdoarmindomaia.com.br\/index.php?rest_route=%2Fwp%2Fv2%2Fcategories&post=6670"},{"taxonomy":"post_tag","embeddable":true,"href":"http:\/\/blogdoarmindomaia.com.br\/index.php?rest_route=%2Fwp%2Fv2%2Ftags&post=6670"}],"curies":[{"name":"wp","href":"https:\/\/api.w.org\/{rel}","templated":true}]}}