{"id":6686,"date":"2023-11-22T15:02:29","date_gmt":"2023-11-22T18:02:29","guid":{"rendered":"http:\/\/blogdoarmindomaia.com.br\/?p=6686"},"modified":"2023-11-22T15:02:31","modified_gmt":"2023-11-22T18:02:31","slug":"prefeitura-premia-projetos-inovadores-de-professores-do-ensino-publico-municipal","status":"publish","type":"post","link":"http:\/\/blogdoarmindomaia.com.br\/?p=6686","title":{"rendered":"Prefeitura premia projetos inovadores de professores do Ensino P\u00fablico Municipal"},"content":{"rendered":"\n<figure class=\"wp-block-image size-full is-style-default\"><img loading=\"lazy\" decoding=\"async\" width=\"1025\" height=\"683\" src=\"http:\/\/blogdoarmindomaia.com.br\/wp-content\/uploads\/2023\/11\/Prefeitura-premia-projetos-inovadores-de-professores-do-Ensino-Publico-pag-04.jpeg\" alt=\"\" class=\"wp-image-6687\" srcset=\"http:\/\/blogdoarmindomaia.com.br\/wp-content\/uploads\/2023\/11\/Prefeitura-premia-projetos-inovadores-de-professores-do-Ensino-Publico-pag-04.jpeg 1025w, http:\/\/blogdoarmindomaia.com.br\/wp-content\/uploads\/2023\/11\/Prefeitura-premia-projetos-inovadores-de-professores-do-Ensino-Publico-pag-04-300x200.jpeg 300w, http:\/\/blogdoarmindomaia.com.br\/wp-content\/uploads\/2023\/11\/Prefeitura-premia-projetos-inovadores-de-professores-do-Ensino-Publico-pag-04-768x512.jpeg 768w\" sizes=\"auto, (max-width: 1025px) 100vw, 1025px\" \/><\/figure>\n\n\n\n<p>A Prefeitura de Arax\u00e1 realizou a premia\u00e7\u00e3o dos professores que foram destaques do projeto Pr\u00e1ticas Pedag\u00f3gicas Exitosas: Novos Tempos, Novos Jeitos de Ensinar e Aprender.<br><br>O objetivo \u00e9 agraciar projetos de educadores da Secretaria Municipal de Educa\u00e7\u00e3o que t\u00eam potencial para melhorar o aprendizado dos estudantes, inovando na forma de ensinar e criando novas ferramentas para otimizar o aprendizado no ambiente escolar.<br><br>O evento aconteceu no Teatro CBMM do Uniarax\u00e1, na semana passada e contou com as presen\u00e7as do prefeito Robson Magela, da secret\u00e1ria municipal de Educa\u00e7\u00e3o, Zulma Moreira, do deputado estadual Bosco, dos vereadores Raphael Rios, Omara Paolinelli e Professora Leni, diretores, supervisores, coordenadores, professores e alunos da Rede Municipal de Ensino.<br><br>De acordo com o prefeito Robson Magela, esse pr\u00eamio tem como objetivo ressaltar, evidenciar e valorizar o conte\u00fado pedag\u00f3gico promovido pelos professores em seus n\u00facleos escolares.<br><br>\u201cFiquei muito feliz em ter participado desse evento. N\u00f3s sabemos que \u00e9 atrav\u00e9s da Educa\u00e7\u00e3o que conseguimos mudar o mundo, e poder premiar professores que levam ideias inovadoras para a sala de aula n\u00e3o tem pre\u00e7o. Quero parabenizar todos os professores pelos fant\u00e1sticos projetos desenvolvidos. Todos t\u00eam a minha admira\u00e7\u00e3o e respeito\u201d, ressalta.<br><br>A secret\u00e1ria Zulma Moreira destaca a import\u00e2ncia desse reconhecimento. \u201cProjetos como esses s\u00e3o muito importantes para os professores e, em especial, para os estudantes, porque o aprendizado do aluno \u00e9 resultado do trabalho do professor. Quanto mais o professor se sente motivado, melhor \u00e9 o dia a dia dele em sala de aula, resultando em atividades diferentes e inovadoras. Essa premia\u00e7\u00e3o vem para engrandecer e realmente reconhecer o esfor\u00e7o do professor\u201d, refor\u00e7a.<br><br>Um dos professores premiados, Danilo Domingos Borges, explica o quanto o projeto foi motivador para ele dentro da sala de aula. \u201cEsses projetos s\u00e3o de suma import\u00e2ncia para n\u00f3s, professores atuantes dentro da sala de aula. Eles nos motivam, e esse incentivo \u00e9 muito prazeroso, pois existe um reconhecimento. Quero agradecer a todos da Secretaria de Educa\u00e7\u00e3o, a minha diretora e aos meus alunos, principalmente. Se n\u00e3o fossem eles, eu n\u00e3o receberia esse pr\u00eamio\u201d, diz.<br><br><strong>Premiados<\/strong><br><br><strong>Categoria 1: Educa\u00e7\u00e3o Infantil<\/strong><br><br>&#8211; 1\u00ba lugar \u2013 Adriana F\u00e1tima de Souza Fulg\u00eancio &#8211; Projeto \u201cSe a crian\u00e7a governasse o mundo\u201d &#8211; Cemei Az\u00e1lia Guimar\u00e3es.<br><br>&#8211; 2\u00ba lugar \u2013 Taciana Baldu\u00edno Ferreira \u2013 Projeto \u201cN\u00fameros e blocos\u201d &#8211; Cemei Dom Pixote.<br><br>&#8211; 3\u00ba lugar &#8211; Vanilda Martins Pacheco &#8211; Projeto Nossos Sons &#8211; Cemei C\u00e1ssio Barsante.<br><br><strong>Categoria 2: Ensino Fundamental \u2013 Anos Iniciais<\/strong><br><br>&#8211; 1\u00balugar &#8211; Carla Hordones Ferreira &#8211; Projeto \u201cDiferentes possibilidades de letramento na era digital &#8211; E. M. de Aplica\u00e7\u00e3o L\u00e9lia Guimar\u00e3es.<br><br>&#8211; 2\u00ba lugar &#8211; Idelma Aparecida Crispim &#8211; Projeto \u201cBa\u00fa dos Sonhos\u201d &#8211; E. M. Dona Gabriela.<br><br>&#8211; 3\u00ba lugar &#8211; Elaine Nogueira Silva &#8211; Projeto \u201cA melhor maneira de comunicar\u201d &#8211; E. M. Agar de Affonseca e Silva.<br><br><strong>Categoria 3: Ensino Fundamental \u2013 Anos Finais<\/strong><br><br>&#8211; 1\u00balugar &#8211; Danilo Domingos Borges &#8211; Projeto \u201cCompartilhando experi\u00eancias, tecendo viv\u00eancias\u201d &#8211; E. M. Auxiliadora Paiva.<br><br>&#8211; 2\u00ba lugar \u2013 Sirlene Magda Cardoso &#8211; Projeto \u201cReg Art\u201d, desenvolvido na E. M. Rural Francisco Primo de Melo.<br><br>&#8211; 3\u00ba lugar &#8211; Dagmar Lourena Reis Magalh\u00e3es &#8211; Projeto \u201cSemeando hist\u00f3rias\u201d &#8211; E. M. Rural Padre In\u00e1cio.<br><strong><br>Categoria 4: Educa\u00e7\u00e3o de Jovens e Adultos (EJA).<\/strong><br><br>&#8211; 1\u00balugar \u2013 EJA Alfabetiza\u00e7\u00e3o &#8211; Franciany Maria Silva Da Trindade &#8211; Projeto \u201cTransformando Vidas na EJA &#8211; Educa\u00e7\u00e3o Ambiental e das Artes Visuais em uma Comunidade Terap\u00eautica\u201d, desenvolvido na Fazendinha Senhor Jesus.<br><br>&#8211; 2\u00ba lugar \u2013 EJA Ensino M\u00e9dio &#8211; Franciany Maria Silva Da Trindade \u2013 Projeto \u201cConsumo Consciente: aprenda e pratique na Educa\u00e7\u00e3o de Jovens e Adultos\u201d &#8211; E. M. Rom\u00e1lia Porf\u00edrio de Azevedo Leite.<br><br>&#8211; 3\u00ba lugar &#8211; Valdirene Aparecida Ferreira &#8211; Projeto \u201cInfo pra + quiz: perguntar+; responder +; pesquisar+ e aprender+\u201d &#8211; Turma de Alfabetiza\u00e7\u00e3o de Adultos, no Centro de Estudos Supletivos (Cesu).<\/p>\n","protected":false},"excerpt":{"rendered":"<p>A Prefeitura de Arax\u00e1 realizou a premia\u00e7\u00e3o dos professores que foram destaques do projeto Pr\u00e1ticas Pedag\u00f3gicas Exitosas: Novos Tempos, Novos<\/p>\n","protected":false},"author":2,"featured_media":6687,"comment_status":"open","ping_status":"open","sticky":false,"template":"","format":"standard","meta":{"footnotes":""},"categories":[9,11,13],"tags":[],"class_list":["post-6686","post","type-post","status-publish","format-standard","has-post-thumbnail","hentry","category-araxa","category-destaques","category-educacao"],"_links":{"self":[{"href":"http:\/\/blogdoarmindomaia.com.br\/index.php?rest_route=\/wp\/v2\/posts\/6686","targetHints":{"allow":["GET"]}}],"collection":[{"href":"http:\/\/blogdoarmindomaia.com.br\/index.php?rest_route=\/wp\/v2\/posts"}],"about":[{"href":"http:\/\/blogdoarmindomaia.com.br\/index.php?rest_route=\/wp\/v2\/types\/post"}],"author":[{"embeddable":true,"href":"http:\/\/blogdoarmindomaia.com.br\/index.php?rest_route=\/wp\/v2\/users\/2"}],"replies":[{"embeddable":true,"href":"http:\/\/blogdoarmindomaia.com.br\/index.php?rest_route=%2Fwp%2Fv2%2Fcomments&post=6686"}],"version-history":[{"count":1,"href":"http:\/\/blogdoarmindomaia.com.br\/index.php?rest_route=\/wp\/v2\/posts\/6686\/revisions"}],"predecessor-version":[{"id":6688,"href":"http:\/\/blogdoarmindomaia.com.br\/index.php?rest_route=\/wp\/v2\/posts\/6686\/revisions\/6688"}],"wp:featuredmedia":[{"embeddable":true,"href":"http:\/\/blogdoarmindomaia.com.br\/index.php?rest_route=\/wp\/v2\/media\/6687"}],"wp:attachment":[{"href":"http:\/\/blogdoarmindomaia.com.br\/index.php?rest_route=%2Fwp%2Fv2%2Fmedia&parent=6686"}],"wp:term":[{"taxonomy":"category","embeddable":true,"href":"http:\/\/blogdoarmindomaia.com.br\/index.php?rest_route=%2Fwp%2Fv2%2Fcategories&post=6686"},{"taxonomy":"post_tag","embeddable":true,"href":"http:\/\/blogdoarmindomaia.com.br\/index.php?rest_route=%2Fwp%2Fv2%2Ftags&post=6686"}],"curies":[{"name":"wp","href":"https:\/\/api.w.org\/{rel}","templated":true}]}}