{"id":6689,"date":"2023-11-22T15:05:40","date_gmt":"2023-11-22T18:05:40","guid":{"rendered":"http:\/\/blogdoarmindomaia.com.br\/?p=6689"},"modified":"2023-11-22T15:05:42","modified_gmt":"2023-11-22T18:05:42","slug":"editais-da-lei-paulo-gustavo-ja-estao-disponiveis-para-consulta","status":"publish","type":"post","link":"http:\/\/blogdoarmindomaia.com.br\/?p=6689","title":{"rendered":"Editais da Lei Paulo Gustavo j\u00e1 est\u00e3o dispon\u00edveis para consulta"},"content":{"rendered":"\n<figure class=\"wp-block-image size-large is-style-default\"><img loading=\"lazy\" decoding=\"async\" width=\"1024\" height=\"1024\" src=\"http:\/\/blogdoarmindomaia.com.br\/wp-content\/uploads\/2023\/11\/Lei-Paulo-Gustavo-1024x1024.jpeg\" alt=\"\" class=\"wp-image-6690\" srcset=\"http:\/\/blogdoarmindomaia.com.br\/wp-content\/uploads\/2023\/11\/Lei-Paulo-Gustavo-1024x1024.jpeg 1024w, http:\/\/blogdoarmindomaia.com.br\/wp-content\/uploads\/2023\/11\/Lei-Paulo-Gustavo-300x300.jpeg 300w, http:\/\/blogdoarmindomaia.com.br\/wp-content\/uploads\/2023\/11\/Lei-Paulo-Gustavo-150x150.jpeg 150w, http:\/\/blogdoarmindomaia.com.br\/wp-content\/uploads\/2023\/11\/Lei-Paulo-Gustavo-768x768.jpeg 768w, http:\/\/blogdoarmindomaia.com.br\/wp-content\/uploads\/2023\/11\/Lei-Paulo-Gustavo.jpeg 1080w\" sizes=\"auto, (max-width: 1024px) 100vw, 1024px\" \/><\/figure>\n\n\n\n<p>A Funda\u00e7\u00e3o Cultural Calmon Barreto (FCCB) lan\u00e7ou os editais da Lei Paulo Gustavo. O primeiro \u00e9 voltado para sele\u00e7\u00e3o de projetos culturais no segmento de produ\u00e7\u00e3o audiovisual. E o segundo, \u00e9 destinado \u00e0s \u2018demais \u00e1reas\u2019 da cultura. O valor total disponibilizado pela lei para a classe art\u00edstica da cidade \u00e9 de R$ 874,566,53.<br><br>Para o edital 001-2023 &#8211; art. 6\u00ba- audiovisual, ser\u00e3o aprovados 27 projetos, divididos em nove categorias. Os valores das linhas de cr\u00e9dito variam entre R$ 10.000,00 e R$ 65.000,00.<br><br>J\u00e1 para o edital 002-2023 &#8211; art. 8\u00ba &#8211; demais \u00e1reas, ser\u00e3o aprovadas 42 propostas, divididas em seis categorias, com linhas de cr\u00e9dito que variam entre R$ 5.703,96 e R$ 16.000,00.<br><br>Os documentos j\u00e1 podem ser acessados no site da institui\u00e7\u00e3o (&nbsp;<a href=\"http:\/\/fundacaocalmonbarreto.mg.gov.br\/lpg\" target=\"_blank\" rel=\"noreferrer noopener\">fundacaocalmonbarreto.mg.gov.br\/lpg<\/a>&nbsp;). J\u00e1 a entrega dos projetos come\u00e7a na pr\u00f3xima segunda-feira (20) e termina no dia 27 de novembro (at\u00e9 \u00e0s 18h), exclusivamente pela internet.<br><br>De acordo com a presidente da FCCB, Cynthia Ver\u00e7osa, esta \u00e9 uma nova oportunidade para que os artistas de Arax\u00e1 captem recursos para a execu\u00e7\u00e3o de projetos culturais.<br><br>\u201cA Lei Paulo Gustavo veio para incentivar principalmente a classe art\u00edstica que trabalha com a produ\u00e7\u00e3o audiovisual, que foi muito prejudicada durante a pandemia. Al\u00e9m disso, teremos uma parcela de recursos que contemplar\u00e1 as demais artes integradas\u201d, destaca.<br><br>\u201c\u00c9 importante que o artista leia com aten\u00e7\u00e3o todas as determina\u00e7\u00f5es dos editais, tanto para encontrar qual categoria o projeto se encaixa melhor quanto para garantir que os requisitos para a inscri\u00e7\u00e3o sejam cumpridos corretamente, para que n\u00e3o haja problemas com as documenta\u00e7\u00f5es ou erros ao submeter o projeto\u201d, alerta Cynthia.<br><br>Cadastro Municipal de Cultura<br><br>Como pr\u00e9-requisito para realizar a inscri\u00e7\u00e3o na Lei Paulo Gustavo, o artista dever\u00e1 estar inscrito no \u2018Cadastro Municipal de Cultura\u2019, que estar\u00e1 dispon\u00edvel para preenchimento no site da FCCB o dia 22 de novembro &#8211; (&nbsp;<a href=\"https:\/\/fundacaocalmonbarreto.mg.gov.br\/\" target=\"_blank\" rel=\"noreferrer noopener\">https:\/\/fundacaocalmonbarreto.mg.gov.br\/<\/a>&nbsp;).<br><br>No formul\u00e1rio, devem ser informados dados pessoais, \u00e1rea de atua\u00e7\u00e3o prim\u00e1ria e secund\u00e1ria, al\u00e9m de outros campos complementares.<br><br>O artista que precisar realizar atualiza\u00e7\u00e3o de dados, deve procurar presencialmente, o Centro de Refer\u00eancia da Cultura Negra (Rua da Banheira, 173, Bairro Santa Rita), de segunda a sexta-feira, das 12h \u00e0s 18h. D\u00favidas podem ser esclarecidas pelo telefone: (34) 99313-0027.<br><br>Inconsist\u00eancias encontradas nas informa\u00e7\u00f5es prestadas no \u2018Cadastro Municipal de Cultura\u2019 com as propostas entregues para a Lei Paulo Gustavo, acarretar\u00e3o na desclassifica\u00e7\u00e3o do projeto.<br><br>Cronograma<br><br>\u25cf Per\u00edodo de Inscri\u00e7\u00f5es &#8211; do dia 20\/11\/2023 at\u00e9 \u00e0s 18h do dia 27\/11\/2023;<br><br>\u25cf An\u00e1lise de documenta\u00e7\u00e3o e sele\u00e7\u00e3o dos projetos &#8211; do dia 28\/11\/2023 ao dia 03\/12\/2023;<br><br>\u25cf Publica\u00e7\u00e3o dos projetos selecionados &#8211; 04\/12\/2023;<br><br>\u25cf Prazo de recurso &#8211; do dia 04\/12\/2023 at\u00e9 \u00e0s 18h do dia 06\/12\/2023;<br><br>\u25cf Publica\u00e7\u00e3o final dos selecionados &#8211; 07\/12\/2023;<br><br>\u25cf Apresenta\u00e7\u00e3o de n\u00famero da conta banc\u00e1ria especificamente aberta para receber o recurso e assinatura do termo de compromisso &#8211; do dia 07\/12\/2023 at\u00e9 \u00e0s 18h do dia 11\/12\/2023;<br><br>\u25cf Dep\u00f3sito do valor na conta do proponente contemplado &#8211; do dia 11\/12\/2023 at\u00e9 \u00e0s 17h do dia 15\/12\/2023.<\/p>\n","protected":false},"excerpt":{"rendered":"<p>A Funda\u00e7\u00e3o Cultural Calmon Barreto (FCCB) lan\u00e7ou os editais da Lei Paulo Gustavo. O primeiro \u00e9 voltado para sele\u00e7\u00e3o de<\/p>\n","protected":false},"author":2,"featured_media":6690,"comment_status":"open","ping_status":"open","sticky":false,"template":"","format":"standard","meta":{"footnotes":""},"categories":[9,5,11],"tags":[],"class_list":["post-6689","post","type-post","status-publish","format-standard","has-post-thumbnail","hentry","category-araxa","category-arte-e-cultura","category-destaques"],"_links":{"self":[{"href":"http:\/\/blogdoarmindomaia.com.br\/index.php?rest_route=\/wp\/v2\/posts\/6689","targetHints":{"allow":["GET"]}}],"collection":[{"href":"http:\/\/blogdoarmindomaia.com.br\/index.php?rest_route=\/wp\/v2\/posts"}],"about":[{"href":"http:\/\/blogdoarmindomaia.com.br\/index.php?rest_route=\/wp\/v2\/types\/post"}],"author":[{"embeddable":true,"href":"http:\/\/blogdoarmindomaia.com.br\/index.php?rest_route=\/wp\/v2\/users\/2"}],"replies":[{"embeddable":true,"href":"http:\/\/blogdoarmindomaia.com.br\/index.php?rest_route=%2Fwp%2Fv2%2Fcomments&post=6689"}],"version-history":[{"count":1,"href":"http:\/\/blogdoarmindomaia.com.br\/index.php?rest_route=\/wp\/v2\/posts\/6689\/revisions"}],"predecessor-version":[{"id":6691,"href":"http:\/\/blogdoarmindomaia.com.br\/index.php?rest_route=\/wp\/v2\/posts\/6689\/revisions\/6691"}],"wp:featuredmedia":[{"embeddable":true,"href":"http:\/\/blogdoarmindomaia.com.br\/index.php?rest_route=\/wp\/v2\/media\/6690"}],"wp:attachment":[{"href":"http:\/\/blogdoarmindomaia.com.br\/index.php?rest_route=%2Fwp%2Fv2%2Fmedia&parent=6689"}],"wp:term":[{"taxonomy":"category","embeddable":true,"href":"http:\/\/blogdoarmindomaia.com.br\/index.php?rest_route=%2Fwp%2Fv2%2Fcategories&post=6689"},{"taxonomy":"post_tag","embeddable":true,"href":"http:\/\/blogdoarmindomaia.com.br\/index.php?rest_route=%2Fwp%2Fv2%2Ftags&post=6689"}],"curies":[{"name":"wp","href":"https:\/\/api.w.org\/{rel}","templated":true}]}}