{"id":6692,"date":"2023-11-22T15:14:40","date_gmt":"2023-11-22T18:14:40","guid":{"rendered":"http:\/\/blogdoarmindomaia.com.br\/?p=6692"},"modified":"2023-11-22T15:14:42","modified_gmt":"2023-11-22T18:14:42","slug":"escritor-araxaense-ganha-premio-nacional-pela-segunda-vez","status":"publish","type":"post","link":"http:\/\/blogdoarmindomaia.com.br\/?p=6692","title":{"rendered":"Escritor araxaense ganha pr\u00eamio nacional pela segunda vez"},"content":{"rendered":"\n<figure class=\"wp-block-image size-large is-style-default\"><img loading=\"lazy\" decoding=\"async\" width=\"576\" height=\"1024\" src=\"http:\/\/blogdoarmindomaia.com.br\/wp-content\/uploads\/2023\/11\/Escritor-araxaense-ganha-premio-nacional-pag-09-576x1024.jpg\" alt=\"\" class=\"wp-image-6693\" srcset=\"http:\/\/blogdoarmindomaia.com.br\/wp-content\/uploads\/2023\/11\/Escritor-araxaense-ganha-premio-nacional-pag-09-576x1024.jpg 576w, http:\/\/blogdoarmindomaia.com.br\/wp-content\/uploads\/2023\/11\/Escritor-araxaense-ganha-premio-nacional-pag-09-169x300.jpg 169w, http:\/\/blogdoarmindomaia.com.br\/wp-content\/uploads\/2023\/11\/Escritor-araxaense-ganha-premio-nacional-pag-09-768x1366.jpg 768w, http:\/\/blogdoarmindomaia.com.br\/wp-content\/uploads\/2023\/11\/Escritor-araxaense-ganha-premio-nacional-pag-09-864x1536.jpg 864w, http:\/\/blogdoarmindomaia.com.br\/wp-content\/uploads\/2023\/11\/Escritor-araxaense-ganha-premio-nacional-pag-09.jpg 899w\" sizes=\"auto, (max-width: 576px) 100vw, 576px\" \/><\/figure>\n\n\n\n<figure class=\"wp-block-image size-large is-style-default\"><img loading=\"lazy\" decoding=\"async\" width=\"1024\" height=\"1024\" src=\"http:\/\/blogdoarmindomaia.com.br\/wp-content\/uploads\/2023\/11\/PREMIO-GLORIA-PONDE-1024x1024.jpg\" alt=\"\" class=\"wp-image-6694\" srcset=\"http:\/\/blogdoarmindomaia.com.br\/wp-content\/uploads\/2023\/11\/PREMIO-GLORIA-PONDE-1024x1024.jpg 1024w, http:\/\/blogdoarmindomaia.com.br\/wp-content\/uploads\/2023\/11\/PREMIO-GLORIA-PONDE-300x300.jpg 300w, http:\/\/blogdoarmindomaia.com.br\/wp-content\/uploads\/2023\/11\/PREMIO-GLORIA-PONDE-150x150.jpg 150w, http:\/\/blogdoarmindomaia.com.br\/wp-content\/uploads\/2023\/11\/PREMIO-GLORIA-PONDE-768x768.jpg 768w, http:\/\/blogdoarmindomaia.com.br\/wp-content\/uploads\/2023\/11\/PREMIO-GLORIA-PONDE.jpg 1080w\" sizes=\"auto, (max-width: 1024px) 100vw, 1024px\" \/><\/figure>\n\n\n\n<p>O livro Achados e Perdidos, de Rafael Nolli ficou entre os primeiros colocados na categoria Literatura Juvenil do Pr\u00eamio Gl\u00f3ria Pond\u00e9, da Biblioteca Nacional. O resultado foi divulgado agora em novembro e a mesma obra j\u00e1 havia sido reconhecida nacionalmente em 2021, com o Pr\u00eamio Cepe Infantojuvenil. Para o autor, s\u00e3o conquistas especiais e muito relevantes: \u201cEsse novo pr\u00eamio \u00e9 um dos mais importantes do pa\u00eds, concedido por uma institui\u00e7\u00e3o de renome que \u00e9 a Biblioteca Nacional. Ent\u00e3o, ter esse reconhecimento \u00e9 motivo, \u00e9 claro, de muita alegria\u201d.<\/p>\n\n\n\n<p>Rafael Nolli se sente recompensado por todo esfor\u00e7o dedicado \u00e0 produ\u00e7\u00e3o do livro. \u201cO Achados &amp; Perdidos levou anos para ficar pronto, um processo envolvendo a escrita, reescrita, matura\u00e7\u00e3o- que \u00e9 o tempo que a gente deixa o texto descansando- at\u00e9 a impress\u00e3o, distribui\u00e7\u00e3o e lan\u00e7amentos\u201d.<\/p>\n\n\n\n<p>O escritor que tamb\u00e9m \u00e9 professor de geografia, tem 7 livros publicados e 18 anos dedicados \u00e0 literatura. \u201c\u00c9 a coroa\u00e7\u00e3o desses anos todos de trabalho. Fico feliz porque \u00e9 uma obra liter\u00e1ria feita com amor pelas palavras, amor pelo poder de transforma\u00e7\u00e3o e de encantamento que elas \u2013 as palavras \u2013 possuem\u201d.<\/p>\n\n\n\n<p><strong>ACHADOS E PERDIDOS<\/strong><\/p>\n\n\n\n<p>Com 68 p\u00e1ginas, o livro tem projeto gr\u00e1fico e ilustra\u00e7\u00f5es de Karina Freitas. \u00c9 uma esp\u00e9cie de di\u00e1rio que passeia pela cr\u00f4nica, conto e ensaio e est\u00e1 dividido em tr\u00eas cap\u00edtulos que se complementam. A primeira parte apresenta as possibilidades existentes no ato de se perder coisas. A segunda, mostra as tramas e probabilidades t\u00edpicas do ato de se achar coisas e o \u00faltimo cap\u00edtulo trata dos acasos e das imprevisibilidades. Em Arax\u00e1, o livro Achados e Perdidos est\u00e1 \u00e0 venda na Livraria Nobel, na rua Dom Jos\u00e9 Gaspar 267, no centro da cidade<\/p>\n","protected":false},"excerpt":{"rendered":"<p>O livro Achados e Perdidos, de Rafael Nolli ficou entre os primeiros colocados na categoria Literatura Juvenil do Pr\u00eamio Gl\u00f3ria<\/p>\n","protected":false},"author":2,"featured_media":6694,"comment_status":"open","ping_status":"open","sticky":false,"template":"","format":"standard","meta":{"footnotes":""},"categories":[9,5,11],"tags":[],"class_list":["post-6692","post","type-post","status-publish","format-standard","has-post-thumbnail","hentry","category-araxa","category-arte-e-cultura","category-destaques"],"_links":{"self":[{"href":"http:\/\/blogdoarmindomaia.com.br\/index.php?rest_route=\/wp\/v2\/posts\/6692","targetHints":{"allow":["GET"]}}],"collection":[{"href":"http:\/\/blogdoarmindomaia.com.br\/index.php?rest_route=\/wp\/v2\/posts"}],"about":[{"href":"http:\/\/blogdoarmindomaia.com.br\/index.php?rest_route=\/wp\/v2\/types\/post"}],"author":[{"embeddable":true,"href":"http:\/\/blogdoarmindomaia.com.br\/index.php?rest_route=\/wp\/v2\/users\/2"}],"replies":[{"embeddable":true,"href":"http:\/\/blogdoarmindomaia.com.br\/index.php?rest_route=%2Fwp%2Fv2%2Fcomments&post=6692"}],"version-history":[{"count":1,"href":"http:\/\/blogdoarmindomaia.com.br\/index.php?rest_route=\/wp\/v2\/posts\/6692\/revisions"}],"predecessor-version":[{"id":6695,"href":"http:\/\/blogdoarmindomaia.com.br\/index.php?rest_route=\/wp\/v2\/posts\/6692\/revisions\/6695"}],"wp:featuredmedia":[{"embeddable":true,"href":"http:\/\/blogdoarmindomaia.com.br\/index.php?rest_route=\/wp\/v2\/media\/6694"}],"wp:attachment":[{"href":"http:\/\/blogdoarmindomaia.com.br\/index.php?rest_route=%2Fwp%2Fv2%2Fmedia&parent=6692"}],"wp:term":[{"taxonomy":"category","embeddable":true,"href":"http:\/\/blogdoarmindomaia.com.br\/index.php?rest_route=%2Fwp%2Fv2%2Fcategories&post=6692"},{"taxonomy":"post_tag","embeddable":true,"href":"http:\/\/blogdoarmindomaia.com.br\/index.php?rest_route=%2Fwp%2Fv2%2Ftags&post=6692"}],"curies":[{"name":"wp","href":"https:\/\/api.w.org\/{rel}","templated":true}]}}