{"id":6712,"date":"2023-11-27T15:42:15","date_gmt":"2023-11-27T18:42:15","guid":{"rendered":"http:\/\/blogdoarmindomaia.com.br\/?p=6712"},"modified":"2023-11-27T15:42:17","modified_gmt":"2023-11-27T18:42:17","slug":"a-ultima-oportunidade-para-provar-pratos-participantes-do-bao-do-buteco","status":"publish","type":"post","link":"http:\/\/blogdoarmindomaia.com.br\/?p=6712","title":{"rendered":"A \u00faltima oportunidade para provar pratos participantes do &#8220;B\u00e3o do Buteco&#8221;"},"content":{"rendered":"\n<p><em>Evento com entrada gratuita vai reunir todos os estabelecimentos e tem programa\u00e7\u00e3o cultural no fim de semana<\/em><\/p>\n\n\n\n<figure class=\"wp-block-image size-full is-style-default\"><img loading=\"lazy\" decoding=\"async\" width=\"1000\" height=\"666\" src=\"http:\/\/blogdoarmindomaia.com.br\/wp-content\/uploads\/2023\/11\/unnamed-1-1.jpg\" alt=\"\" class=\"wp-image-6713\" srcset=\"http:\/\/blogdoarmindomaia.com.br\/wp-content\/uploads\/2023\/11\/unnamed-1-1.jpg 1000w, http:\/\/blogdoarmindomaia.com.br\/wp-content\/uploads\/2023\/11\/unnamed-1-1-300x200.jpg 300w, http:\/\/blogdoarmindomaia.com.br\/wp-content\/uploads\/2023\/11\/unnamed-1-1-768x511.jpg 768w\" sizes=\"auto, (max-width: 1000px) 100vw, 1000px\" \/><\/figure>\n\n\n\n<figure class=\"wp-block-image size-full is-style-default\"><img loading=\"lazy\" decoding=\"async\" width=\"1000\" height=\"666\" src=\"http:\/\/blogdoarmindomaia.com.br\/wp-content\/uploads\/2023\/11\/unnamed-2-1.jpg\" alt=\"\" class=\"wp-image-6714\" srcset=\"http:\/\/blogdoarmindomaia.com.br\/wp-content\/uploads\/2023\/11\/unnamed-2-1.jpg 1000w, http:\/\/blogdoarmindomaia.com.br\/wp-content\/uploads\/2023\/11\/unnamed-2-1-300x200.jpg 300w, http:\/\/blogdoarmindomaia.com.br\/wp-content\/uploads\/2023\/11\/unnamed-2-1-768x511.jpg 768w\" sizes=\"auto, (max-width: 1000px) 100vw, 1000px\" \/><\/figure>\n\n\n\n<p>O Festival o B\u00e3o do Buteco ser\u00e1 encerrado neste fim de semana em um evento que promete movimentar o Arax\u00e1 Center Shopping. Ser\u00e3o 16 horas de uma experi\u00eancia \u00fanica que re\u00fane no mesmo lugar os sabores de todos os pratos participantes e que mistura a essas del\u00edcias uma programa\u00e7\u00e3o cultural igualmente variada.<\/p>\n\n\n\n<p>O evento tem entrada gratuita e ser\u00e1 realizado na \u00e1rea externa do shopping, que contar\u00e1 com uma estrutura especial para receber os apaixonados por comida de boteco. \u201cCada estabelecimento participante ter\u00e1 uma cozinha montada para oferecer seu prato elaborado no festival. Tamb\u00e9m teremos um palco por onde passar\u00e3o seis grandes nomes da m\u00fasica regional. Imperd\u00edvel!\u201d, comenta o produtor do evento, Daniel Nacati.<\/p>\n\n\n\n<p>O festival come\u00e7a na sexta-feira (1) \u00e0s 18h e segue at\u00e9 meia-noite. No s\u00e1bado (2) ser\u00e3o dez horas de funcionamento: das 14h \u00e0 meia-noite. \u201c\u00c9 a oportunidade perfeita para os amantes da boa comida experimentarem todos os pratos participantes, proporcionando uma verdadeira imers\u00e3o nos sabores que fazem parte do universo dos botecos. Fora isso, esta ser\u00e1 a \u00faltima oportunidade de a popula\u00e7\u00e3o votar no seu prato preferido e ajudar a eleger o campe\u00e3o\u201d, explica Nacati.<\/p>\n\n\n\n<p><strong>Programa\u00e7\u00e3o cultural<\/strong><\/p>\n\n\n\n<p><em>Dia 1\/12 &#8211; Sexta-feira:<\/em><\/p>\n\n\n\n<p>&#8211; 20h: Maria Fuma\u00e7a<\/p>\n\n\n\n<p>&#8211; 22h: Leandro Soares<\/p>\n\n\n\n<p><em>Dia 2\/12 &#8211; S\u00e1bado:<\/em><\/p>\n\n\n\n<p>&#8211; 14h: Danilo Duarte Samba<\/p>\n\n\n\n<p>&#8211; 18h: Os Arach\u00e1s<\/p>\n\n\n\n<p>&#8211; 20h: Vinith<\/p>\n\n\n\n<p>&#8211; 22h: Mamma Jamma<\/p>\n","protected":false},"excerpt":{"rendered":"<p>Evento com entrada gratuita vai reunir todos os estabelecimentos e tem programa\u00e7\u00e3o cultural no fim de semana O Festival o<\/p>\n","protected":false},"author":2,"featured_media":6713,"comment_status":"open","ping_status":"open","sticky":false,"template":"","format":"standard","meta":{"footnotes":""},"categories":[9,11],"tags":[],"class_list":["post-6712","post","type-post","status-publish","format-standard","has-post-thumbnail","hentry","category-araxa","category-destaques"],"_links":{"self":[{"href":"http:\/\/blogdoarmindomaia.com.br\/index.php?rest_route=\/wp\/v2\/posts\/6712","targetHints":{"allow":["GET"]}}],"collection":[{"href":"http:\/\/blogdoarmindomaia.com.br\/index.php?rest_route=\/wp\/v2\/posts"}],"about":[{"href":"http:\/\/blogdoarmindomaia.com.br\/index.php?rest_route=\/wp\/v2\/types\/post"}],"author":[{"embeddable":true,"href":"http:\/\/blogdoarmindomaia.com.br\/index.php?rest_route=\/wp\/v2\/users\/2"}],"replies":[{"embeddable":true,"href":"http:\/\/blogdoarmindomaia.com.br\/index.php?rest_route=%2Fwp%2Fv2%2Fcomments&post=6712"}],"version-history":[{"count":1,"href":"http:\/\/blogdoarmindomaia.com.br\/index.php?rest_route=\/wp\/v2\/posts\/6712\/revisions"}],"predecessor-version":[{"id":6715,"href":"http:\/\/blogdoarmindomaia.com.br\/index.php?rest_route=\/wp\/v2\/posts\/6712\/revisions\/6715"}],"wp:featuredmedia":[{"embeddable":true,"href":"http:\/\/blogdoarmindomaia.com.br\/index.php?rest_route=\/wp\/v2\/media\/6713"}],"wp:attachment":[{"href":"http:\/\/blogdoarmindomaia.com.br\/index.php?rest_route=%2Fwp%2Fv2%2Fmedia&parent=6712"}],"wp:term":[{"taxonomy":"category","embeddable":true,"href":"http:\/\/blogdoarmindomaia.com.br\/index.php?rest_route=%2Fwp%2Fv2%2Fcategories&post=6712"},{"taxonomy":"post_tag","embeddable":true,"href":"http:\/\/blogdoarmindomaia.com.br\/index.php?rest_route=%2Fwp%2Fv2%2Ftags&post=6712"}],"curies":[{"name":"wp","href":"https:\/\/api.w.org\/{rel}","templated":true}]}}