{"id":6719,"date":"2023-11-27T15:48:59","date_gmt":"2023-11-27T18:48:59","guid":{"rendered":"http:\/\/blogdoarmindomaia.com.br\/?p=6719"},"modified":"2023-11-27T15:49:03","modified_gmt":"2023-11-27T18:49:03","slug":"cdk-apresenta-o-17o-festival-de-danca-cinderellas-um-espetaculo-encantador-no-teatro-cbmm","status":"publish","type":"post","link":"http:\/\/blogdoarmindomaia.com.br\/?p=6719","title":{"rendered":"CDK apresenta o 17\u00ba Festival de Dan\u00e7a Cinderella&#8217;s: um espet\u00e1culo encantador no Teatro CBMM"},"content":{"rendered":"\n<figure class=\"wp-block-image size-large is-style-default\"><img loading=\"lazy\" decoding=\"async\" width=\"1024\" height=\"851\" src=\"http:\/\/blogdoarmindomaia.com.br\/wp-content\/uploads\/2023\/11\/CDK-apresenta-o-17o-Festival-de-Danca-Cinderellas-pag-09-1024x851.png\" alt=\"\" class=\"wp-image-6720\" srcset=\"http:\/\/blogdoarmindomaia.com.br\/wp-content\/uploads\/2023\/11\/CDK-apresenta-o-17o-Festival-de-Danca-Cinderellas-pag-09-1024x851.png 1024w, http:\/\/blogdoarmindomaia.com.br\/wp-content\/uploads\/2023\/11\/CDK-apresenta-o-17o-Festival-de-Danca-Cinderellas-pag-09-300x249.png 300w, http:\/\/blogdoarmindomaia.com.br\/wp-content\/uploads\/2023\/11\/CDK-apresenta-o-17o-Festival-de-Danca-Cinderellas-pag-09-768x638.png 768w, http:\/\/blogdoarmindomaia.com.br\/wp-content\/uploads\/2023\/11\/CDK-apresenta-o-17o-Festival-de-Danca-Cinderellas-pag-09.png 1079w\" sizes=\"auto, (max-width: 1024px) 100vw, 1024px\" \/><\/figure>\n\n\n\n<figure class=\"wp-block-table\"><table><tbody><tr><td><em>Ser\u00e3o sete sess\u00f5es com apresenta\u00e7\u00f5es de mais de 200 bailarinos<\/em> <em>&nbsp;<\/em> O Centro de Dan\u00e7as Kathak promete encantar o p\u00fablico e proporcionar uma viagem inesquec\u00edvel no mundo dos contos de fadas com a 17\u00aa edi\u00e7\u00e3o do Festival de Dan\u00e7a Cinderella&#8217;s. O evento acontecer\u00e1 entre os dias 1\u00ba e 3 de dezembro no Teatro CBMM \u2013 Centro Cultural Uniarax\u00e1 &#8211; e promete ser uma experi\u00eancia m\u00e1gica e emocionante para todas as idades. \u201cSer\u00e3o sete sess\u00f5es ao longo dos tr\u00eas dias. Neste ano teremos a participa\u00e7\u00e3o de mais de 200 alunos, que se dedicaram nos \u00faltimos meses para apresentar um espet\u00e1culo repleto de t\u00e9cnica, arte e magia\u201d, revela Ana Claudia Silva Fernandes (Santinha), diretora da companhia de dan\u00e7a. &nbsp; Ana Claudia ressalta ainda que, al\u00e9m de ser uma motiva\u00e7\u00e3o para as alunas, os pais e a comunidade aguardam ansiosamente para testemunhar o resultado do trabalho em cena. &#8220;A ansiedade gera muita responsabilidade porque estamos saindo de um teatro com capacidade menor para um teatro com capacidade maior e teremos uma grande estrutura a altura dos grandes centros&#8221;, explica. &nbsp; <strong>Cinderella<\/strong> O processo criativo para a montagem de \u201cCinderella\u201d come\u00e7ou em janeiro, com reuni\u00f5es intensivas da equipe. Ana Claudia, respons\u00e1vel pela ideia inicial, destaca o envolvimento coletivo que, segundo ela, transformou cada detalhe em algo m\u00e1gico. \u201cAp\u00f3s enfrentar tr\u00eas anos de desafios com a pandemia e guerra estamos nos reerguendo. A escolha da hist\u00f3ria de Cinderela representa a vontade de sonhar e trazer leveza para todos. Por que n\u00e3o imaginar? Por que n\u00e3o ser Cinderela?&#8221;, questiona Ana Claudia, expressando a import\u00e2ncia de cultivar sonhos e desejos positivos. &nbsp; Os alunos, desde o in\u00edcio do ano, participaram ativamente do processo criativo, entrando no universo do conto de fadas \u201cCinderela\u201d por meio de pesquisas, estudos e refer\u00eancias, incluindo filmes desde 1950 at\u00e9 2015, leituras e valores associados \u00e0 hist\u00f3ria. As apresenta\u00e7\u00f5es, que v\u00e3o desde jazz e hip-hop at\u00e9 ballet cl\u00e1ssico, refletem uma abordagem ecl\u00e9tica e envolvente. &nbsp; <strong>Diversidade e encantamento<\/strong> A diretora destaca ainda as leituras que prometem impressionar, incluindo a Cinderela no Cl\u00e1ssico de Repert\u00f3rio, com trilha sonora de Sergey Prokofiev. \u201cFora isso, as crian\u00e7as de 9 a 11 anos v\u00e3o fazer uma sess\u00e3o de Cinderela bem ecl\u00e9tica, com jazz, hip hop, ballet cl\u00e1ssico e estilo livre. O jazz vai levar a Cinderela para dar uma volta na Broadway. E a gente tem as dan\u00e7as urbanas que est\u00e3o trazendo a Cinderela brasileira. O festival tamb\u00e9m tem uma apresenta\u00e7\u00e3o especial das crian\u00e7as de 3 a 6 anos, que apresentar\u00e3o uma Cinderela da Disney\u201d, adianta. &nbsp; <strong>Ingressos<\/strong> Os ingressos para o festival j\u00e1 est\u00e3o \u00e0 venda na portaria do CDK. O valor \u00e9 R$40 (R$20 \u2013 meia). O acesso ao festival seguir\u00e1 a seguinte pol\u00edtica: &#8211; 0 a 10 anos: entrada gratuita &#8211; 11 a 13 anos: meia entrada sem carteirinha e apresentando documento de identidade &#8211; A partir de 14 anos: somente com carteirinha de estudante (n\u00e3o vale boleto, comprovante, declara\u00e7\u00e3o) &#8211; Acima de 60 anos: meia entrada, apresentando identidade &nbsp; <strong>Programa\u00e7\u00e3o<\/strong> <em><u>1\/ 12&nbsp;&#8211; Sexta<\/u><\/em> <em>19h30<\/em>&nbsp;&#8211; Teatro: Cinderella\u2019s &#8211; Apresenta\u00e7\u00e3o do grupo \u201cDeu Na Telha\u201d. <em>20h&nbsp;<\/em>&#8211; Ballet Cl\u00e1ssico de Repert\u00f3rio: Cinderella &#8211; Apresenta\u00e7\u00e3o do cl\u00e1ssico de repert\u00f3rio Cinderella com as alunas e alunos das turmas: Teen, Juvenil, Adultos e Cia. <em><u>2\/12 \u2013 S\u00e1bado<\/u><\/em> <em>14h30&nbsp;<\/em>&#8211; Bal\u00e9, Jazz &amp; Dan\u00e7as Urbanas: Cinderella A Sonhadora &#8211; Apresenta\u00e7\u00e3o do bal\u00e9, jazz e dan\u00e7as urbanas das turmas: Infantil e Teen. <em>17h30&nbsp;<\/em>&#8211; Jazz Dance: Cinderella Pelo Mundo &#8211; Apresenta\u00e7\u00e3o do jazz, dan\u00e7as livres, sapateado e contempor\u00e2neas das turmas: Juvenil, Adultos e Cia. <em>19h30&nbsp;<\/em>&#8211; Dan\u00e7as Urbanas: Cinderella Brasileira &#8211; Apresenta\u00e7\u00e3o de dan\u00e7as urbanas das turmas: Juvenil, Adultos e Cia. <em><u>3\/12 &#8211; Domingo<\/u><\/em> <em>14h30&nbsp;<\/em>&#8211; Bal\u00e9 &amp; Jazz: Cinderela A Borralheira &#8211; Apresenta\u00e7\u00e3o do bal\u00e9 e jazz das turmas: Baby Class e Kids <em>17h30&nbsp;<\/em>&#8211; Tarde de Gala CDK &#8211; Apresenta\u00e7\u00e3o das coreografias que competiram no ano de 2023: bal\u00e9, cl\u00e1ssico de repert\u00f3rio, jazz, dan\u00e7as urbanas e sapateado das turmas: Infantil, Teen, Juvenil, Adultos e Cia. <em>19h30&nbsp;<\/em>&#8211; Noite de Gala CDK &#8211; Apresenta\u00e7\u00e3o das coreografias que competiram no ano de 2023: bal\u00e9, cl\u00e1ssico de repert\u00f3rio, jazz, dan\u00e7as urbanas e sapateado das turmas: Infantil, Teen, Juvenil, Adultos e Cia. &nbsp; <strong>Servi\u00e7o<\/strong> <strong><em>17\u00ba Festival de Dan\u00e7a Cinderella&#8217;s<\/em><\/strong> <strong>Local:&nbsp;&nbsp;<\/strong>Teatro CBMM \u2013 Centro Cultural Uniarax\u00e1 &#8211; Av. Ministro Olavo Drummond, 15 \u2013 bairro S\u00e3o Geraldo <strong>Datas e hor\u00e1rios:<\/strong> 1\/12 \u2013 19h30 2\/12 \u2013 14h30, 17h30, 20h30 3\/12 &#8211; 14h30, 17h30, 20h30 <strong>Ingressos:<\/strong> <em>Valor:&nbsp;<\/em>R$40 inteira I R$20 meia <em>Vendas: CDK &#8211; Pra\u00e7a Arthur Bernardes, 35 &#8211; Centro<\/em><\/td><\/tr><\/tbody><\/table><\/figure>\n","protected":false},"excerpt":{"rendered":"<p>Ser\u00e3o sete sess\u00f5es com apresenta\u00e7\u00f5es de mais de 200 bailarinos &nbsp; O Centro de Dan\u00e7as Kathak promete encantar o p\u00fablico<\/p>\n","protected":false},"author":2,"featured_media":6720,"comment_status":"open","ping_status":"open","sticky":false,"template":"","format":"standard","meta":{"footnotes":""},"categories":[9,5,11],"tags":[],"class_list":["post-6719","post","type-post","status-publish","format-standard","has-post-thumbnail","hentry","category-araxa","category-arte-e-cultura","category-destaques"],"_links":{"self":[{"href":"http:\/\/blogdoarmindomaia.com.br\/index.php?rest_route=\/wp\/v2\/posts\/6719","targetHints":{"allow":["GET"]}}],"collection":[{"href":"http:\/\/blogdoarmindomaia.com.br\/index.php?rest_route=\/wp\/v2\/posts"}],"about":[{"href":"http:\/\/blogdoarmindomaia.com.br\/index.php?rest_route=\/wp\/v2\/types\/post"}],"author":[{"embeddable":true,"href":"http:\/\/blogdoarmindomaia.com.br\/index.php?rest_route=\/wp\/v2\/users\/2"}],"replies":[{"embeddable":true,"href":"http:\/\/blogdoarmindomaia.com.br\/index.php?rest_route=%2Fwp%2Fv2%2Fcomments&post=6719"}],"version-history":[{"count":1,"href":"http:\/\/blogdoarmindomaia.com.br\/index.php?rest_route=\/wp\/v2\/posts\/6719\/revisions"}],"predecessor-version":[{"id":6721,"href":"http:\/\/blogdoarmindomaia.com.br\/index.php?rest_route=\/wp\/v2\/posts\/6719\/revisions\/6721"}],"wp:featuredmedia":[{"embeddable":true,"href":"http:\/\/blogdoarmindomaia.com.br\/index.php?rest_route=\/wp\/v2\/media\/6720"}],"wp:attachment":[{"href":"http:\/\/blogdoarmindomaia.com.br\/index.php?rest_route=%2Fwp%2Fv2%2Fmedia&parent=6719"}],"wp:term":[{"taxonomy":"category","embeddable":true,"href":"http:\/\/blogdoarmindomaia.com.br\/index.php?rest_route=%2Fwp%2Fv2%2Fcategories&post=6719"},{"taxonomy":"post_tag","embeddable":true,"href":"http:\/\/blogdoarmindomaia.com.br\/index.php?rest_route=%2Fwp%2Fv2%2Ftags&post=6719"}],"curies":[{"name":"wp","href":"https:\/\/api.w.org\/{rel}","templated":true}]}}