{"id":6722,"date":"2023-11-28T16:28:42","date_gmt":"2023-11-28T19:28:42","guid":{"rendered":"http:\/\/blogdoarmindomaia.com.br\/?p=6722"},"modified":"2023-11-28T16:28:44","modified_gmt":"2023-11-28T19:28:44","slug":"18a-edicao-do-prefeitura-no-bairro-leva-esporte-lazer-bem-estar-e-destaca-acoes-para-o-setor-norte","status":"publish","type":"post","link":"http:\/\/blogdoarmindomaia.com.br\/?p=6722","title":{"rendered":"18\u00aa edi\u00e7\u00e3o do Prefeitura no Bairro leva esporte, lazer, bem-estar e destaca a\u00e7\u00f5es para o Setor Norte"},"content":{"rendered":"\n<p><\/p>\n\n\n\n<figure class=\"wp-block-image size-large is-style-default\"><img loading=\"lazy\" decoding=\"async\" width=\"1024\" height=\"682\" src=\"http:\/\/blogdoarmindomaia.com.br\/wp-content\/uploads\/2023\/11\/18a-edicao-do-Prefeitura-no-Bairro-leva-esporte-lazer-bem-estar-pagb-07-1024x682.jpeg\" alt=\"\" class=\"wp-image-6723\" srcset=\"http:\/\/blogdoarmindomaia.com.br\/wp-content\/uploads\/2023\/11\/18a-edicao-do-Prefeitura-no-Bairro-leva-esporte-lazer-bem-estar-pagb-07-1024x682.jpeg 1024w, http:\/\/blogdoarmindomaia.com.br\/wp-content\/uploads\/2023\/11\/18a-edicao-do-Prefeitura-no-Bairro-leva-esporte-lazer-bem-estar-pagb-07-300x200.jpeg 300w, http:\/\/blogdoarmindomaia.com.br\/wp-content\/uploads\/2023\/11\/18a-edicao-do-Prefeitura-no-Bairro-leva-esporte-lazer-bem-estar-pagb-07-768x512.jpeg 768w, http:\/\/blogdoarmindomaia.com.br\/wp-content\/uploads\/2023\/11\/18a-edicao-do-Prefeitura-no-Bairro-leva-esporte-lazer-bem-estar-pagb-07.jpeg 1280w\" sizes=\"auto, (max-width: 1024px) 100vw, 1024px\" \/><\/figure>\n\n\n\n<p>A 18\u00aa edi\u00e7\u00e3o do projeto Prefeitura no Bairro aconteceu no \u00faltimo s\u00e1bado (25), na Pra\u00e7a da Juventude, no bairro Urciano Lemos. O evento contou com uma programa\u00e7\u00e3o especial voltada para o lazer, bem-estar, sa\u00fade e esporte.<br><br>A edi\u00e7\u00e3o destacou a Campanha Novembro Azul, com orienta\u00e7\u00f5es sobre preven\u00e7\u00e3o e combate ao c\u00e2ncer de pr\u00f3stata e agendamento de exames.<br><br>Al\u00e9m disso, a Secretaria Municipal de Esportes organizou uma s\u00e9rie de atividades recreativas para todas as idades. O evento contou ainda uma Corrida e Caminhada de Rua em parceria com o Servi\u00e7o Social do Transporte e Servi\u00e7o Nacional de Aprendizagem do Transporte (Sest Senat).<br><br>O morador Jos\u00e9 dos Reis Rocha, de 69 anos, aproveitou o evento para colocar a sa\u00fade em dia. \u201cO mais importante na vida na gente \u00e9 a sa\u00fade. Vim hoje no evento junto com a minha esposa para cuidar da sa\u00fade, e como \u00e9 perto de casa, e de gra\u00e7a, \u00e9 melhor ainda\u201d, afirma.<br><br>A moradora Alicenara Muniz Manoel, de 30 anos, participou da corrida e destacou a import\u00e2ncia da pr\u00e1tica de atividade f\u00edsica. \u201cParticipei da corrida com as minhas duas filhas, Helena, de 7 anos, e Heloisa, de 3 anos. E eu acho muito importante eventos como o Prefeitura no Bairro que re\u00fanem fam\u00edlias para um momento de lazer e bem estar\u201d, refor\u00e7a.<br><br>Durante o evento, o prefeito Robson Magela ressalta a import\u00e2ncia do projeto Prefeitura no Bairro para a popula\u00e7\u00e3o araxaense e destacou as melhorias realizadas no Setor Norte durante a gest\u00e3o.<br><br>\u201cChegamos \u00e0 \u00faltima edi\u00e7\u00e3o do projeto Prefeitura no Bairro de 2023 e fiquei muito feliz em ver a alegria de cada cidad\u00e3o, junto a seus familiares, contando sobre as melhorias j\u00e1 realizadas em seu bairro, e como essas a\u00e7\u00f5es transformaram a vida delas para melhor. \u00c9 uma sensa\u00e7\u00e3o \u00fanica de dever cumprido\u201d, diz.<br><br><strong>Principais melhorias no Setor Norte destacadas durante o evento<\/strong><br><br>&#8211; Reforma N\u00facleo de Conviv\u00eancia do Bom Jesus;<br>&#8211; Reforma da Escola Municipal Professora Leonildo Montadon (Caic);<br>&#8211; Praticamente 100% de todo o Setor Norte contemplado com ilumina\u00e7\u00e3o de LED (faltando poucas vias p\u00fablicas);<br>&#8211; Reforma do Cemei Proinf\u00e2ncia;<br>&#8211; Melhorias na Feira Radialista Silmar Borges;<br>&#8211; Recapeamento da rua Br\u00edgido Melo Filho e demais vias do Setor Norte;<br>&#8211; Corre\u00e7\u00e3o de eros\u00e3o na divisa dos bairros Santa Maria e Salom\u00e3o Drummond;<br>&#8211; Reforma e implanta\u00e7\u00e3o do Ambulat\u00f3rio de Emerg\u00eancia (AME 24h) na Uninorte;<br>&#8211; Instala\u00e7\u00e3o de cobertura da arquibancada do Est\u00e1dio Ernesto Du\u00edlio Stefani.<\/p>\n","protected":false},"excerpt":{"rendered":"<p>A 18\u00aa edi\u00e7\u00e3o do projeto Prefeitura no Bairro aconteceu no \u00faltimo s\u00e1bado (25), na Pra\u00e7a da Juventude, no bairro Urciano<\/p>\n","protected":false},"author":2,"featured_media":6723,"comment_status":"open","ping_status":"open","sticky":false,"template":"","format":"standard","meta":{"footnotes":""},"categories":[9,11],"tags":[],"class_list":["post-6722","post","type-post","status-publish","format-standard","has-post-thumbnail","hentry","category-araxa","category-destaques"],"_links":{"self":[{"href":"http:\/\/blogdoarmindomaia.com.br\/index.php?rest_route=\/wp\/v2\/posts\/6722","targetHints":{"allow":["GET"]}}],"collection":[{"href":"http:\/\/blogdoarmindomaia.com.br\/index.php?rest_route=\/wp\/v2\/posts"}],"about":[{"href":"http:\/\/blogdoarmindomaia.com.br\/index.php?rest_route=\/wp\/v2\/types\/post"}],"author":[{"embeddable":true,"href":"http:\/\/blogdoarmindomaia.com.br\/index.php?rest_route=\/wp\/v2\/users\/2"}],"replies":[{"embeddable":true,"href":"http:\/\/blogdoarmindomaia.com.br\/index.php?rest_route=%2Fwp%2Fv2%2Fcomments&post=6722"}],"version-history":[{"count":1,"href":"http:\/\/blogdoarmindomaia.com.br\/index.php?rest_route=\/wp\/v2\/posts\/6722\/revisions"}],"predecessor-version":[{"id":6724,"href":"http:\/\/blogdoarmindomaia.com.br\/index.php?rest_route=\/wp\/v2\/posts\/6722\/revisions\/6724"}],"wp:featuredmedia":[{"embeddable":true,"href":"http:\/\/blogdoarmindomaia.com.br\/index.php?rest_route=\/wp\/v2\/media\/6723"}],"wp:attachment":[{"href":"http:\/\/blogdoarmindomaia.com.br\/index.php?rest_route=%2Fwp%2Fv2%2Fmedia&parent=6722"}],"wp:term":[{"taxonomy":"category","embeddable":true,"href":"http:\/\/blogdoarmindomaia.com.br\/index.php?rest_route=%2Fwp%2Fv2%2Fcategories&post=6722"},{"taxonomy":"post_tag","embeddable":true,"href":"http:\/\/blogdoarmindomaia.com.br\/index.php?rest_route=%2Fwp%2Fv2%2Ftags&post=6722"}],"curies":[{"name":"wp","href":"https:\/\/api.w.org\/{rel}","templated":true}]}}