{"id":6734,"date":"2023-12-01T10:25:56","date_gmt":"2023-12-01T13:25:56","guid":{"rendered":"http:\/\/blogdoarmindomaia.com.br\/?p=6734"},"modified":"2023-12-01T10:25:58","modified_gmt":"2023-12-01T13:25:58","slug":"2-encontro-de-congado-de-araxa-e-regiao","status":"publish","type":"post","link":"http:\/\/blogdoarmindomaia.com.br\/?p=6734","title":{"rendered":"2\u00b0 Encontro de Congado de Arax\u00e1 e Regi\u00e3o"},"content":{"rendered":"\n<p>Congado, a F\u00e9 que Canta e Dan\u00e7a! De 30\u00a0 de novembro a 03 de dezembro<\/p>\n\n\n\n<p><\/p>\n\n\n\n<p><\/p>\n\n\n\n<figure class=\"wp-block-image size-full is-style-default\"><img loading=\"lazy\" decoding=\"async\" width=\"1000\" height=\"667\" src=\"http:\/\/blogdoarmindomaia.com.br\/wp-content\/uploads\/2023\/12\/2\u00b0-Encontro-de-Congado-de-Araxa-e-Regiao-pag-03.jpeg\" alt=\"\" class=\"wp-image-6735\" srcset=\"http:\/\/blogdoarmindomaia.com.br\/wp-content\/uploads\/2023\/12\/2\u00b0-Encontro-de-Congado-de-Araxa-e-Regiao-pag-03.jpeg 1000w, http:\/\/blogdoarmindomaia.com.br\/wp-content\/uploads\/2023\/12\/2\u00b0-Encontro-de-Congado-de-Araxa-e-Regiao-pag-03-300x200.jpeg 300w, http:\/\/blogdoarmindomaia.com.br\/wp-content\/uploads\/2023\/12\/2\u00b0-Encontro-de-Congado-de-Araxa-e-Regiao-pag-03-768x512.jpeg 768w\" sizes=\"auto, (max-width: 1000px) 100vw, 1000px\" \/><\/figure>\n\n\n\n<p><\/p>\n\n\n\n<p>A Associa\u00e7\u00e3o da Capela M\u00e1rtir Filomena, fundada em 1990 no munic\u00edpio de Arax\u00e1, \u00e9 uma associa\u00e7\u00e3o civil sem fins lucrativos e pol\u00edticos, por\u00e9m com finalidades religiosas, constitu\u00edda pelo n\u00famero ilimitado de membros, sempre trabalhando em prol da popula\u00e7\u00e3o na \u00e1rea sociossistencial e no fortalecimento cultural.<\/p>\n\n\n\n<p>A Capela foi constru\u00edda como ato de devo\u00e7\u00e3o \u00e0 Filomena, uma escrava exclu\u00edda socialmente por contrair var\u00edola, doen\u00e7a muito recorrente na \u00e9poca e muito temida, pois todos acreditavam ser contagiosa. Ao falecer, Filomena foi enterrada e coloram uma pequena cruz referenciando o local onde a mesma se encontrava. Conta a hist\u00f3ria que os moradores que a conheciam, ao saber do ocorrido, acenderam velas e oraram \u00e0 ela, sendo seus pedidos atendidos. Logo a &#8220;romaria&#8221; ao local onde Filomena havia sido enterrada era t\u00e3o grande que foi constru\u00edda uma capela e um cruzeiro. At\u00e9 hoje, o t\u00famulo de Filomena \u00e9 local de peregrina\u00e7\u00e3o para milhares de pessoas do Brasil e at\u00e9 do exterior.<\/p>\n\n\n\n<p>A Associa\u00e7\u00e3o se mostra preocupada com a promo\u00e7\u00e3o da cultura na sociedade e afirma seu papel como segmento importante no local em que atua, promovendo neste ano de 2023 o 2\u00b0 Encontro de Congado de Arax\u00e1 e Regi\u00e3o. Congado a f\u00e9 que canta e dan\u00e7a.<\/p>\n\n\n\n<p>Os eventos culturais revelam em seus acontecimentos criatividade, costumes, tradi\u00e7\u00f5es, valores j\u00e1 vividos antigamente, express\u00f5es populares art\u00edsticas e culturais. Deste modo, agregam \u00e0 popula\u00e7\u00e3o conhecimento, lazer e identifica\u00e7\u00e3o pessoal, contribuindo para a forma\u00e7\u00e3o intelectual e humana. &nbsp;<\/p>\n\n\n\n<p>Neste local onde h\u00e1 mais de 50 anos foi o primeiro local em Arax\u00e1 que acolheu a cultura dos negros, hoje se fortalece realizando o 2\u00b0 Encontro de Congadeiros, momento que deve sempre ser, por nos lembrado de uma triste \u00e9poca do passado, de um Brasil enlameado por uma vergonha que acontecia no nosso torr\u00e3o amado aonde nossos irm\u00e3os negros, eram pelos brancos escravizados triste fato hist\u00f3rico, que felizmente teve para sempre seu final, e que apesar de passados tantos anos, ainda nos entristece, e nos agonia o sofrimento, e a humilha\u00e7\u00e3o que esta valente ra\u00e7a negra tanto sofria com feitores que aplicavam&nbsp; castigos aos negros com&nbsp; tanta covardia. Felizmente uma princesa corajosa cumpriu o seu verdadeiro papel e decretou a Lei Aurea, libertando os escravizados, banindo este mal, portanto esta gratid\u00e3o os negros tem no cora\u00e7\u00e3o por ti Princesa Isabel, que mostrou que os negros s\u00e3o dignos de respeito, e n\u00e3o&#8230; escravos ou animal que o dia 13 de Maio, seja lembrado por todos n\u00f3s, rezemos pedindo a Deus perd\u00e3o por um dia termos tido a infelicidade de em nosso pa\u00eds termos tido a escravid\u00e3o. \u00c1 voc\u00eas da ra\u00e7a negra, quero dizer que me orgulho de ser considerado como irm\u00e3o, desta gente maravilhosa, a quem pe\u00e7o o perd\u00e3o, e juro que carrego esta ra\u00e7a com amor no cora\u00e7\u00e3o.<\/p>\n\n\n\n<p><strong>Realiza\u00e7\u00e3o:<\/strong> A Associa\u00e7\u00e3o da Capela M\u00e1rtir Filomena<\/p>\n","protected":false},"excerpt":{"rendered":"<p>Congado, a F\u00e9 que Canta e Dan\u00e7a! De 30\u00a0 de novembro a 03 de dezembro A Associa\u00e7\u00e3o da Capela M\u00e1rtir<\/p>\n","protected":false},"author":2,"featured_media":6735,"comment_status":"open","ping_status":"open","sticky":false,"template":"","format":"standard","meta":{"footnotes":""},"categories":[9,11],"tags":[],"class_list":["post-6734","post","type-post","status-publish","format-standard","has-post-thumbnail","hentry","category-araxa","category-destaques"],"_links":{"self":[{"href":"http:\/\/blogdoarmindomaia.com.br\/index.php?rest_route=\/wp\/v2\/posts\/6734","targetHints":{"allow":["GET"]}}],"collection":[{"href":"http:\/\/blogdoarmindomaia.com.br\/index.php?rest_route=\/wp\/v2\/posts"}],"about":[{"href":"http:\/\/blogdoarmindomaia.com.br\/index.php?rest_route=\/wp\/v2\/types\/post"}],"author":[{"embeddable":true,"href":"http:\/\/blogdoarmindomaia.com.br\/index.php?rest_route=\/wp\/v2\/users\/2"}],"replies":[{"embeddable":true,"href":"http:\/\/blogdoarmindomaia.com.br\/index.php?rest_route=%2Fwp%2Fv2%2Fcomments&post=6734"}],"version-history":[{"count":1,"href":"http:\/\/blogdoarmindomaia.com.br\/index.php?rest_route=\/wp\/v2\/posts\/6734\/revisions"}],"predecessor-version":[{"id":6736,"href":"http:\/\/blogdoarmindomaia.com.br\/index.php?rest_route=\/wp\/v2\/posts\/6734\/revisions\/6736"}],"wp:featuredmedia":[{"embeddable":true,"href":"http:\/\/blogdoarmindomaia.com.br\/index.php?rest_route=\/wp\/v2\/media\/6735"}],"wp:attachment":[{"href":"http:\/\/blogdoarmindomaia.com.br\/index.php?rest_route=%2Fwp%2Fv2%2Fmedia&parent=6734"}],"wp:term":[{"taxonomy":"category","embeddable":true,"href":"http:\/\/blogdoarmindomaia.com.br\/index.php?rest_route=%2Fwp%2Fv2%2Fcategories&post=6734"},{"taxonomy":"post_tag","embeddable":true,"href":"http:\/\/blogdoarmindomaia.com.br\/index.php?rest_route=%2Fwp%2Fv2%2Ftags&post=6734"}],"curies":[{"name":"wp","href":"https:\/\/api.w.org\/{rel}","templated":true}]}}