{"id":6740,"date":"2023-12-01T10:34:53","date_gmt":"2023-12-01T13:34:53","guid":{"rendered":"http:\/\/blogdoarmindomaia.com.br\/?p=6740"},"modified":"2023-12-01T10:34:55","modified_gmt":"2023-12-01T13:34:55","slug":"preco-da-passagem-do-transporte-coletivo-e-reajustado-em-araxa","status":"publish","type":"post","link":"http:\/\/blogdoarmindomaia.com.br\/?p=6740","title":{"rendered":"Pre\u00e7o da passagem do transporte coletivo \u00e9 reajustado em Arax\u00e1"},"content":{"rendered":"\n<figure class=\"wp-block-image size-full is-style-default\"><img loading=\"lazy\" decoding=\"async\" width=\"1024\" height=\"683\" src=\"http:\/\/blogdoarmindomaia.com.br\/wp-content\/uploads\/2023\/12\/Preco-da-passagem-do-transporte-coletivo-e-reajustado-em-Araxa-pag-03.jpeg\" alt=\"\" class=\"wp-image-6741\" srcset=\"http:\/\/blogdoarmindomaia.com.br\/wp-content\/uploads\/2023\/12\/Preco-da-passagem-do-transporte-coletivo-e-reajustado-em-Araxa-pag-03.jpeg 1024w, http:\/\/blogdoarmindomaia.com.br\/wp-content\/uploads\/2023\/12\/Preco-da-passagem-do-transporte-coletivo-e-reajustado-em-Araxa-pag-03-300x200.jpeg 300w, http:\/\/blogdoarmindomaia.com.br\/wp-content\/uploads\/2023\/12\/Preco-da-passagem-do-transporte-coletivo-e-reajustado-em-Araxa-pag-03-768x512.jpeg 768w\" sizes=\"auto, (max-width: 1024px) 100vw, 1024px\" \/><\/figure>\n\n\n\n<p>A Secretaria Municipal de Seguran\u00e7a P\u00fablica comunica que, a pedido da empresa Vera Cruz Transportes, a partir deste dia 1\u00ba de dezembro de 2023 ter\u00e1 ajuste da Tarifa P\u00fablica do Transporte Coletivo Urbano, passando de R$ 3,00 para R$ 3,75. O ajuste se deve ao aumento do combust\u00edvel diesel e demais custos operacionais. A Secretaria tamb\u00e9m informa que \u00e9 Importante destacar que o Programa Eu Vou de Mobilidade Urbana, da Prefeitura de Arax\u00e1, permanece em vig\u00eancia, sendo que est\u00e3o mantidas as gratuidades da tarifa para estudantes, idosos a partir de 60 anos e pessoas com defici\u00eancia e acompanhantes. Mesmo com o ajuste, esclarecemos que o valor ajustado \u00e9 menor do que a tarifa de R$ 4,00 que era cobrada em janeiro de 2021, no in\u00edcio da atual Gest\u00e3o Municipal.<\/p>\n","protected":false},"excerpt":{"rendered":"<p>A Secretaria Municipal de Seguran\u00e7a P\u00fablica comunica que, a pedido da empresa Vera Cruz Transportes, a partir deste dia 1\u00ba<\/p>\n","protected":false},"author":2,"featured_media":6741,"comment_status":"open","ping_status":"open","sticky":false,"template":"","format":"standard","meta":{"footnotes":""},"categories":[9,11],"tags":[],"class_list":["post-6740","post","type-post","status-publish","format-standard","has-post-thumbnail","hentry","category-araxa","category-destaques"],"_links":{"self":[{"href":"http:\/\/blogdoarmindomaia.com.br\/index.php?rest_route=\/wp\/v2\/posts\/6740","targetHints":{"allow":["GET"]}}],"collection":[{"href":"http:\/\/blogdoarmindomaia.com.br\/index.php?rest_route=\/wp\/v2\/posts"}],"about":[{"href":"http:\/\/blogdoarmindomaia.com.br\/index.php?rest_route=\/wp\/v2\/types\/post"}],"author":[{"embeddable":true,"href":"http:\/\/blogdoarmindomaia.com.br\/index.php?rest_route=\/wp\/v2\/users\/2"}],"replies":[{"embeddable":true,"href":"http:\/\/blogdoarmindomaia.com.br\/index.php?rest_route=%2Fwp%2Fv2%2Fcomments&post=6740"}],"version-history":[{"count":1,"href":"http:\/\/blogdoarmindomaia.com.br\/index.php?rest_route=\/wp\/v2\/posts\/6740\/revisions"}],"predecessor-version":[{"id":6742,"href":"http:\/\/blogdoarmindomaia.com.br\/index.php?rest_route=\/wp\/v2\/posts\/6740\/revisions\/6742"}],"wp:featuredmedia":[{"embeddable":true,"href":"http:\/\/blogdoarmindomaia.com.br\/index.php?rest_route=\/wp\/v2\/media\/6741"}],"wp:attachment":[{"href":"http:\/\/blogdoarmindomaia.com.br\/index.php?rest_route=%2Fwp%2Fv2%2Fmedia&parent=6740"}],"wp:term":[{"taxonomy":"category","embeddable":true,"href":"http:\/\/blogdoarmindomaia.com.br\/index.php?rest_route=%2Fwp%2Fv2%2Fcategories&post=6740"},{"taxonomy":"post_tag","embeddable":true,"href":"http:\/\/blogdoarmindomaia.com.br\/index.php?rest_route=%2Fwp%2Fv2%2Ftags&post=6740"}],"curies":[{"name":"wp","href":"https:\/\/api.w.org\/{rel}","templated":true}]}}