{"id":6743,"date":"2023-12-04T15:17:50","date_gmt":"2023-12-04T18:17:50","guid":{"rendered":"http:\/\/blogdoarmindomaia.com.br\/?p=6743"},"modified":"2023-12-04T15:17:52","modified_gmt":"2023-12-04T18:17:52","slug":"zema-vai-pagar-13o-salario-dos-servidores-no-dia-18-de-dezembro","status":"publish","type":"post","link":"http:\/\/blogdoarmindomaia.com.br\/?p=6743","title":{"rendered":"Zema vai pagar 13\u00ba sal\u00e1rio dos servidores no dia 18 de dezembro"},"content":{"rendered":"\n<figure class=\"wp-block-image size-full is-style-default\"><img loading=\"lazy\" decoding=\"async\" width=\"940\" height=\"350\" src=\"http:\/\/blogdoarmindomaia.com.br\/wp-content\/uploads\/2023\/12\/Zema-vai-pagar-13o-salario-dos-servidores-no-dia-18-de-dezembro-pag-07.jpg\" alt=\"\" class=\"wp-image-6744\" srcset=\"http:\/\/blogdoarmindomaia.com.br\/wp-content\/uploads\/2023\/12\/Zema-vai-pagar-13o-salario-dos-servidores-no-dia-18-de-dezembro-pag-07.jpg 940w, http:\/\/blogdoarmindomaia.com.br\/wp-content\/uploads\/2023\/12\/Zema-vai-pagar-13o-salario-dos-servidores-no-dia-18-de-dezembro-pag-07-300x112.jpg 300w, http:\/\/blogdoarmindomaia.com.br\/wp-content\/uploads\/2023\/12\/Zema-vai-pagar-13o-salario-dos-servidores-no-dia-18-de-dezembro-pag-07-768x286.jpg 768w\" sizes=\"auto, (max-width: 940px) 100vw, 940px\" \/><\/figure>\n\n\n\n<p>O&nbsp;<a href=\"https:\/\/www.mg.gov.br\/\" target=\"_blank\" rel=\"noreferrer noopener\">Governo de Minas Gerais<\/a>&nbsp;pagar\u00e1 o 13\u00ba sal\u00e1rio aos servidores, ativos e aposentados, e pensionistas, em parcela \u00fanica, no dia 18\/12. Este \u00e9 o terceiro ano consecutivo, depois de seis anos em que o pagamento era feito em atraso ou parcelado, em que o abono natalino \u00e9 depositado em dia.<\/p>\n\n\n\n<p>S\u00e3o mais de 630 mil servidores (ativos e inativos) e 52 mil pensionistas. O valor total da folha de pagamento do Estado chega a mais de R$ 4,1 bilh\u00f5es, sem encargos patronais, com base nos dados de setembro de 2023.<\/p>\n\n\n\n<p>O governador Romeu Zema ressaltou o compromisso da atual gest\u00e3o em valorizar o trabalho dos servidores p\u00fablicos do Estado. &#8220;Mais uma vez, conseguimos fazer o pagamento do 13\u00ba em parcela \u00fanica, mesmo vivendo uma situa\u00e7\u00e3o financeira complicada em Minas. Isso \u00e9 resultado de um trabalho s\u00e9rio e dedicado da nossa gest\u00e3o, que coloca o servidor p\u00fablico e o cidad\u00e3o mineiro sempre em primeiro lugar&#8221;, destacou o governador.<\/p>\n\n\n\n<p>Quando assumiu o Estado, em 2019, o governador Romeu Zema herdou o pagamento do 13\u00ba do funcionalismo p\u00fablico referente a 2018, deixado pela gest\u00e3o anterior. Esse abono natalino foi quitado, em parcelas, at\u00e9 outubro, enquanto o benef\u00edcio relativo a 2019 terminou de ser pago em maio de 2020.<\/p>\n\n\n\n<p>J\u00e1 o 13\u00ba sal\u00e1rio de 2020 foi quitado da seguinte forma: para garantir a isonomia, todos os servidores receberam uma parcela de at\u00e9 R$ 2 mil em 23\/12, antes do Natal. Ao todo, 39% do pagamento foi efetuado nesse per\u00edodo. O restante foi pago em parcelas mensais de R$ 2 mil, at\u00e9 que o montante fosse completamente quitado, em abril de 2021.<\/p>\n\n\n\n<p>O Governo de Minas conseguiu regularizar a situa\u00e7\u00e3o e o pagamento integral do benef\u00edcio ocorreu, sem atraso, em 2021 e em 2022. At\u00e9 ent\u00e3o, a \u00faltima vez que o 13\u00ba foi quitado em dia havia sido em 2016.<\/p>\n","protected":false},"excerpt":{"rendered":"<p>O&nbsp;Governo de Minas Gerais&nbsp;pagar\u00e1 o 13\u00ba sal\u00e1rio aos servidores, ativos e aposentados, e pensionistas, em parcela \u00fanica, no dia 18\/12.<\/p>\n","protected":false},"author":2,"featured_media":6744,"comment_status":"open","ping_status":"open","sticky":false,"template":"","format":"standard","meta":{"footnotes":""},"categories":[9,11],"tags":[],"class_list":["post-6743","post","type-post","status-publish","format-standard","has-post-thumbnail","hentry","category-araxa","category-destaques"],"_links":{"self":[{"href":"http:\/\/blogdoarmindomaia.com.br\/index.php?rest_route=\/wp\/v2\/posts\/6743","targetHints":{"allow":["GET"]}}],"collection":[{"href":"http:\/\/blogdoarmindomaia.com.br\/index.php?rest_route=\/wp\/v2\/posts"}],"about":[{"href":"http:\/\/blogdoarmindomaia.com.br\/index.php?rest_route=\/wp\/v2\/types\/post"}],"author":[{"embeddable":true,"href":"http:\/\/blogdoarmindomaia.com.br\/index.php?rest_route=\/wp\/v2\/users\/2"}],"replies":[{"embeddable":true,"href":"http:\/\/blogdoarmindomaia.com.br\/index.php?rest_route=%2Fwp%2Fv2%2Fcomments&post=6743"}],"version-history":[{"count":1,"href":"http:\/\/blogdoarmindomaia.com.br\/index.php?rest_route=\/wp\/v2\/posts\/6743\/revisions"}],"predecessor-version":[{"id":6745,"href":"http:\/\/blogdoarmindomaia.com.br\/index.php?rest_route=\/wp\/v2\/posts\/6743\/revisions\/6745"}],"wp:featuredmedia":[{"embeddable":true,"href":"http:\/\/blogdoarmindomaia.com.br\/index.php?rest_route=\/wp\/v2\/media\/6744"}],"wp:attachment":[{"href":"http:\/\/blogdoarmindomaia.com.br\/index.php?rest_route=%2Fwp%2Fv2%2Fmedia&parent=6743"}],"wp:term":[{"taxonomy":"category","embeddable":true,"href":"http:\/\/blogdoarmindomaia.com.br\/index.php?rest_route=%2Fwp%2Fv2%2Fcategories&post=6743"},{"taxonomy":"post_tag","embeddable":true,"href":"http:\/\/blogdoarmindomaia.com.br\/index.php?rest_route=%2Fwp%2Fv2%2Ftags&post=6743"}],"curies":[{"name":"wp","href":"https:\/\/api.w.org\/{rel}","templated":true}]}}