{"id":6758,"date":"2023-12-04T15:31:23","date_gmt":"2023-12-04T18:31:23","guid":{"rendered":"http:\/\/blogdoarmindomaia.com.br\/?p=6758"},"modified":"2023-12-04T15:31:26","modified_gmt":"2023-12-04T18:31:26","slug":"prefeitura-abre-inscricoes-para-o-projeto-casa-do-pequeno-jardineiro","status":"publish","type":"post","link":"http:\/\/blogdoarmindomaia.com.br\/?p=6758","title":{"rendered":"Prefeitura abre inscri\u00e7\u00f5es para o Projeto Casa do Pequeno Jardineiro"},"content":{"rendered":"\n<figure class=\"wp-block-image size-large is-style-default\"><img loading=\"lazy\" decoding=\"async\" width=\"1024\" height=\"768\" src=\"http:\/\/blogdoarmindomaia.com.br\/wp-content\/uploads\/2023\/12\/Prefeitura-abre-inscricoes-para-o-Projeto-Casa-do-Pequeno-Jardineiro-pag-08-1024x768.jpeg\" alt=\"\" class=\"wp-image-6759\" srcset=\"http:\/\/blogdoarmindomaia.com.br\/wp-content\/uploads\/2023\/12\/Prefeitura-abre-inscricoes-para-o-Projeto-Casa-do-Pequeno-Jardineiro-pag-08-1024x768.jpeg 1024w, http:\/\/blogdoarmindomaia.com.br\/wp-content\/uploads\/2023\/12\/Prefeitura-abre-inscricoes-para-o-Projeto-Casa-do-Pequeno-Jardineiro-pag-08-300x225.jpeg 300w, http:\/\/blogdoarmindomaia.com.br\/wp-content\/uploads\/2023\/12\/Prefeitura-abre-inscricoes-para-o-Projeto-Casa-do-Pequeno-Jardineiro-pag-08-768x576.jpeg 768w, http:\/\/blogdoarmindomaia.com.br\/wp-content\/uploads\/2023\/12\/Prefeitura-abre-inscricoes-para-o-Projeto-Casa-do-Pequeno-Jardineiro-pag-08-1536x1152.jpeg 1536w, http:\/\/blogdoarmindomaia.com.br\/wp-content\/uploads\/2023\/12\/Prefeitura-abre-inscricoes-para-o-Projeto-Casa-do-Pequeno-Jardineiro-pag-08.jpeg 1600w\" sizes=\"auto, (max-width: 1024px) 100vw, 1024px\" \/><\/figure>\n\n\n\n<p>A Secretaria Municipal de A\u00e7\u00e3o Social realiza, de 4 a 8 de dezembro, as inscri\u00e7\u00f5es para o Processo Seletivo do projeto Casa do Pequeno Jardineiro. Ser\u00e3o oferecidas 80 vagas para adolescentes de 14 a 17 anos que estejam inscritos no Cadastro \u00danico do Governo Federal, devidamente matriculados no Ensino Fundamental ou M\u00e9dio e que possuam RG e CPF.<br><br>A Casa do Pequeno Jardineiro \u00e9 um projeto que trabalha a educa\u00e7\u00e3o socioambiental focada na inclus\u00e3o de adolescentes em situa\u00e7\u00e3o de vulnerabilidade social ou pessoal.<br><br>Os adolescentes selecionados ter\u00e3o direito a uma Bolsa Social no valor de meio sal\u00e1rio m\u00ednimo vigente, vale-transporte, uniforme e alimenta\u00e7\u00e3o no local das atividades.<br><br><strong>PR\u00c9-REQUISITOS<\/strong><br><br>O adolescente, acompanhado de seu respons\u00e1vel legal, dever\u00e1 apresentar no ato da inscri\u00e7\u00e3o, o original de TODOS os documentos descritos abaixo.<br><br>&#8211; RG atualizado, n\u00e3o podendo ser infantil e CPF do adolescente;<br><br>&#8211; RG e CPF do respons\u00e1vel legal do adolescente;<br><br>&#8211; 1 comprovante de endere\u00e7o atualizado (\u00faltimos 03 meses);<br><br>&#8211; Cart\u00e3o de vacina constando vacina contra COVID-19 e vacina antitet\u00e2nica;<br><br>&#8211; Atestado de escolaridade, emitido dentro do prazo m\u00e1ximo de 30 dias ou comprovante de matr\u00edcula para o ano letivo de 2023;<br><br>&#8211; Folha Resumo do Cadastro \u00danico (emitida na Secretaria Municipal de A\u00e7\u00e3o Social, CRAS e N\u00facleos de Conviv\u00eancia);<br><br>&#8211; Se o adolescente for benefici\u00e1rio do Benef\u00edcio de Presta\u00e7\u00e3o Continuada dever\u00e1 apresentar extrato do INSS;<br><br>&#8211; Comprovante de renda, atualizado, de todos que residem com o adolescente. A renda dever\u00e1 ser comprovada apresentando c\u00f3pia da carteira de trabalho (folhas de rosto frente e verso e contrato de trabalho), contracheques comprovantes de benef\u00edcios sociais do governo, comprovante de recebimento de aposentadoria e pens\u00e3o por morte ou aliment\u00edcia. Em caso de trabalhador aut\u00f4nomo declara\u00e7\u00e3o do pr\u00f3prio punho e c\u00f3pia). Os familiares desempregados dever\u00e3o apresentar c\u00f3pia da Carteira de Trabalho onde consta anota\u00e7\u00e3o da \u00faltima contrata\u00e7\u00e3o e da folha seguinte;<br><br>&#8211; Para os adolescentes com medida de prote\u00e7\u00e3o, estabelecidas pelo ECA, dever\u00e3o apresentar encaminhamento da unidade de atendimento (CRAS, CREAS, N\u00facleo de Conviv\u00eancia, Casa Lar, Abrigo Casa, Conselho Tutelar, etc.);<br><br>&#8211; Os adolescentes com defici\u00eancia dever\u00e3o apresentar laudo m\u00e9dico que descreva o estado de sa\u00fade do candidato;<br><br>&#8211; Termo de Guarda, nos casos onde se aplica;<br><strong><br>DATAS E LOCAIS DAS INSCRI\u00c7\u00d5ES<\/strong><br><br>&#8211; SEXTA, 08\/12\/2023 &#8211; Casa do Pequeno Jardineiro<br>Av. Pedro Honorato da Silva, 280 \u2013 Vila Silv\u00e9ria<\/p>\n","protected":false},"excerpt":{"rendered":"<p>A Secretaria Municipal de A\u00e7\u00e3o Social realiza, de 4 a 8 de dezembro, as inscri\u00e7\u00f5es para o Processo Seletivo do<\/p>\n","protected":false},"author":2,"featured_media":6759,"comment_status":"open","ping_status":"open","sticky":false,"template":"","format":"standard","meta":{"footnotes":""},"categories":[9,11],"tags":[],"class_list":["post-6758","post","type-post","status-publish","format-standard","has-post-thumbnail","hentry","category-araxa","category-destaques"],"_links":{"self":[{"href":"http:\/\/blogdoarmindomaia.com.br\/index.php?rest_route=\/wp\/v2\/posts\/6758","targetHints":{"allow":["GET"]}}],"collection":[{"href":"http:\/\/blogdoarmindomaia.com.br\/index.php?rest_route=\/wp\/v2\/posts"}],"about":[{"href":"http:\/\/blogdoarmindomaia.com.br\/index.php?rest_route=\/wp\/v2\/types\/post"}],"author":[{"embeddable":true,"href":"http:\/\/blogdoarmindomaia.com.br\/index.php?rest_route=\/wp\/v2\/users\/2"}],"replies":[{"embeddable":true,"href":"http:\/\/blogdoarmindomaia.com.br\/index.php?rest_route=%2Fwp%2Fv2%2Fcomments&post=6758"}],"version-history":[{"count":1,"href":"http:\/\/blogdoarmindomaia.com.br\/index.php?rest_route=\/wp\/v2\/posts\/6758\/revisions"}],"predecessor-version":[{"id":6760,"href":"http:\/\/blogdoarmindomaia.com.br\/index.php?rest_route=\/wp\/v2\/posts\/6758\/revisions\/6760"}],"wp:featuredmedia":[{"embeddable":true,"href":"http:\/\/blogdoarmindomaia.com.br\/index.php?rest_route=\/wp\/v2\/media\/6759"}],"wp:attachment":[{"href":"http:\/\/blogdoarmindomaia.com.br\/index.php?rest_route=%2Fwp%2Fv2%2Fmedia&parent=6758"}],"wp:term":[{"taxonomy":"category","embeddable":true,"href":"http:\/\/blogdoarmindomaia.com.br\/index.php?rest_route=%2Fwp%2Fv2%2Fcategories&post=6758"},{"taxonomy":"post_tag","embeddable":true,"href":"http:\/\/blogdoarmindomaia.com.br\/index.php?rest_route=%2Fwp%2Fv2%2Ftags&post=6758"}],"curies":[{"name":"wp","href":"https:\/\/api.w.org\/{rel}","templated":true}]}}