{"id":6770,"date":"2023-12-06T16:14:14","date_gmt":"2023-12-06T19:14:14","guid":{"rendered":"http:\/\/blogdoarmindomaia.com.br\/?p=6770"},"modified":"2023-12-06T16:14:16","modified_gmt":"2023-12-06T19:14:16","slug":"aeroporto-de-araxa-volta-a-receber-rotas-aereas-com-o-atr-72-600","status":"publish","type":"post","link":"http:\/\/blogdoarmindomaia.com.br\/?p=6770","title":{"rendered":"Aeroporto de Arax\u00e1 volta a receber rotas a\u00e9reas com o ATR 72-600"},"content":{"rendered":"\n<figure class=\"wp-block-image size-full is-style-default\"><img loading=\"lazy\" decoding=\"async\" width=\"1024\" height=\"683\" src=\"http:\/\/blogdoarmindomaia.com.br\/wp-content\/uploads\/2023\/12\/Aeroporto-de-Araxa-volta-a-receber-rotas-aereas-com-o-ATR-72-600-pag-07.jpeg\" alt=\"\" class=\"wp-image-6771\" srcset=\"http:\/\/blogdoarmindomaia.com.br\/wp-content\/uploads\/2023\/12\/Aeroporto-de-Araxa-volta-a-receber-rotas-aereas-com-o-ATR-72-600-pag-07.jpeg 1024w, http:\/\/blogdoarmindomaia.com.br\/wp-content\/uploads\/2023\/12\/Aeroporto-de-Araxa-volta-a-receber-rotas-aereas-com-o-ATR-72-600-pag-07-300x200.jpeg 300w, http:\/\/blogdoarmindomaia.com.br\/wp-content\/uploads\/2023\/12\/Aeroporto-de-Araxa-volta-a-receber-rotas-aereas-com-o-ATR-72-600-pag-07-768x512.jpeg 768w\" sizes=\"auto, (max-width: 1024px) 100vw, 1024px\" \/><\/figure>\n\n\n\n<p>O Aeroporto Municipal Romeu Zema passou a receber, a partir desta semana, o retorno da opera\u00e7\u00e3o com a aeronave turbo\u00e9lice ATR 72-600, com 70 lugares. Antes, o local estava recebendo o monomotor Cessna Grand Caravan, com capacidade para at\u00e9 9 passageiros.<br><br>A grade de voos operados pela Azul Linhas A\u00e9reas tamb\u00e9m foi alterada. As rotas atuais agora acontecem aos domingos, segundas, quartas e sextas.<br><br>&#8211; Belo Horizonte \/ Arax\u00e1 &#8211; Sa\u00edda: 12h30 \/ Chegada: 13h35.<br>&#8211; Arax\u00e1 \/ Belo Horizonte (escala em Uberaba) &#8211; Sa\u00edda: 14h20 \/ Chegada: 17h15.<br><br>O prefeito Robson Magela destaca que os investimentos da Administra\u00e7\u00e3o Municipal com a reforma geral e atualiza\u00e7\u00e3o de equipamentos de seguran\u00e7a no aeroporto possibilitaram o retorno das opera\u00e7\u00f5es a\u00e9reas na cidade.<br><br>\u201cOs voos retornaram no come\u00e7o de junho com uma aeronave de 9 lugares e em pouco tempo Arax\u00e1 voltou a receber as opera\u00e7\u00f5es com o ATR, com 70 lugares e amplia\u00e7\u00e3o da rota. Al\u00e9m de Belo Horizonte, h\u00e1 agora a op\u00e7\u00e3o para Uberaba. E em janeiro, teremos opera\u00e7\u00f5es com aeronave a jato com voos diretos para S\u00e3o Paulo. Isso tudo demonstra como foi importante investir no nosso aeroporto para fomentar os setores tur\u00edstico e de neg\u00f3cios\u201d destaca o prefeito.<br><\/p>\n","protected":false},"excerpt":{"rendered":"<p>O Aeroporto Municipal Romeu Zema passou a receber, a partir desta semana, o retorno da opera\u00e7\u00e3o com a aeronave turbo\u00e9lice<\/p>\n","protected":false},"author":2,"featured_media":6771,"comment_status":"open","ping_status":"open","sticky":false,"template":"","format":"standard","meta":{"footnotes":""},"categories":[9,11],"tags":[],"class_list":["post-6770","post","type-post","status-publish","format-standard","has-post-thumbnail","hentry","category-araxa","category-destaques"],"_links":{"self":[{"href":"http:\/\/blogdoarmindomaia.com.br\/index.php?rest_route=\/wp\/v2\/posts\/6770","targetHints":{"allow":["GET"]}}],"collection":[{"href":"http:\/\/blogdoarmindomaia.com.br\/index.php?rest_route=\/wp\/v2\/posts"}],"about":[{"href":"http:\/\/blogdoarmindomaia.com.br\/index.php?rest_route=\/wp\/v2\/types\/post"}],"author":[{"embeddable":true,"href":"http:\/\/blogdoarmindomaia.com.br\/index.php?rest_route=\/wp\/v2\/users\/2"}],"replies":[{"embeddable":true,"href":"http:\/\/blogdoarmindomaia.com.br\/index.php?rest_route=%2Fwp%2Fv2%2Fcomments&post=6770"}],"version-history":[{"count":1,"href":"http:\/\/blogdoarmindomaia.com.br\/index.php?rest_route=\/wp\/v2\/posts\/6770\/revisions"}],"predecessor-version":[{"id":6772,"href":"http:\/\/blogdoarmindomaia.com.br\/index.php?rest_route=\/wp\/v2\/posts\/6770\/revisions\/6772"}],"wp:featuredmedia":[{"embeddable":true,"href":"http:\/\/blogdoarmindomaia.com.br\/index.php?rest_route=\/wp\/v2\/media\/6771"}],"wp:attachment":[{"href":"http:\/\/blogdoarmindomaia.com.br\/index.php?rest_route=%2Fwp%2Fv2%2Fmedia&parent=6770"}],"wp:term":[{"taxonomy":"category","embeddable":true,"href":"http:\/\/blogdoarmindomaia.com.br\/index.php?rest_route=%2Fwp%2Fv2%2Fcategories&post=6770"},{"taxonomy":"post_tag","embeddable":true,"href":"http:\/\/blogdoarmindomaia.com.br\/index.php?rest_route=%2Fwp%2Fv2%2Ftags&post=6770"}],"curies":[{"name":"wp","href":"https:\/\/api.w.org\/{rel}","templated":true}]}}