{"id":6783,"date":"2023-12-07T14:15:03","date_gmt":"2023-12-07T17:15:03","guid":{"rendered":"http:\/\/blogdoarmindomaia.com.br\/?p=6783"},"modified":"2023-12-07T14:15:06","modified_gmt":"2023-12-07T17:15:06","slug":"sine-araxa-e-destaque-entre-os-melhores-projetos-de-empregabilidade-em-mg","status":"publish","type":"post","link":"http:\/\/blogdoarmindomaia.com.br\/?p=6783","title":{"rendered":"Sine Arax\u00e1 \u00e9 destaque entre os melhores projetos de empregabilidade em MG"},"content":{"rendered":"\n<figure class=\"wp-block-image size-large is-style-default\"><img loading=\"lazy\" decoding=\"async\" width=\"667\" height=\"1024\" src=\"http:\/\/blogdoarmindomaia.com.br\/wp-content\/uploads\/2023\/12\/Sine-Araxa-e-destaque-entre-os-melhores-projetos-de-empregabilidade-pag-04-667x1024.jpeg\" alt=\"\" class=\"wp-image-6784\" srcset=\"http:\/\/blogdoarmindomaia.com.br\/wp-content\/uploads\/2023\/12\/Sine-Araxa-e-destaque-entre-os-melhores-projetos-de-empregabilidade-pag-04-667x1024.jpeg 667w, http:\/\/blogdoarmindomaia.com.br\/wp-content\/uploads\/2023\/12\/Sine-Araxa-e-destaque-entre-os-melhores-projetos-de-empregabilidade-pag-04-195x300.jpeg 195w, http:\/\/blogdoarmindomaia.com.br\/wp-content\/uploads\/2023\/12\/Sine-Araxa-e-destaque-entre-os-melhores-projetos-de-empregabilidade-pag-04.jpeg 718w\" sizes=\"auto, (max-width: 667px) 100vw, 667px\" \/><\/figure>\n\n\n\n<p>O Sistema Nacional de Emprego (Sine) de Arax\u00e1 foi certificado entre as melhores pr\u00e1ticas de empregabilidade em Minas Gerais. A premia\u00e7\u00e3o foi concedida durante o Semin\u00e1rio da Rede Estadual Sine, realizado pela Secretaria de Estado de Desenvolvimento Social (Sedese), entre os dias 21 e 22 de novembro, em Belo Horizonte. O Sine Arax\u00e1 esteve representado pelo coordenador Luis Fl\u00e1vio de Melo e tamb\u00e9m reuniu profissionais e institui\u00e7\u00f5es para discutir sobre as pol\u00edticas p\u00fablicas de trabalho, emprego e gera\u00e7\u00e3o de renda e a atua\u00e7\u00e3o do Sine no Estado.<br><br>Ao todo, foram 80 unidades mineiras do Sine participantes, al\u00e9m do Minist\u00e9rio do Trabalho e especialistas em pol\u00edticas do setor.<br><br>O Sine Arax\u00e1 se destacou pela implanta\u00e7\u00e3o de projetos como v\u00e1rias edi\u00e7\u00f5es do Feir\u00e3o do Emprego, Mestre das Seletivas, Sine Itinerante, parcerias com institui\u00e7\u00f5es de qualifica\u00e7\u00e3o profissional e a colabora\u00e7\u00e3o com a Cl\u00ednica de Psicologia do Centro Universit\u00e1rio do Planalto de Arax\u00e1 (Uniarax\u00e1), que resultou em mais de 100 entrevistas de emprego com estagi\u00e1rios de Psicologia, elevando a qualidade dos processos seletivos.<br><br>&#8220;Considero que o reconhecimento \u00e9 fruto de uma a\u00e7\u00e3o conjunta entre o Munic\u00edpio e as empresas de Arax\u00e1. Nossos parceiros s\u00e3o fundamentais para melhorarmos a qualidade da empregabilidade, e \u00e9 gratificante o reconhecimento estadual. Nos mostra que temos que seguir este caminho e cada vez mais buscar melhorias com foco no Desenvolvimento Econ\u00f4mico, Gera\u00e7\u00e3o de Renda e Emprego&#8221;, destaca Luis Fl\u00e1vio.<br><br><strong>Sine Arax\u00e1<br><\/strong><br>No decorrer do ano, o Sine Arax\u00e1 ofertou mais de 450 vagas de cursos profissionalizantes, totalizando mais de 8 mil oportunidades de emprego. Com 585 trabalhadores empregados, atendeu mais de 215 empresas e prestou assist\u00eancia a 16.520 trabalhadores por meio de intermedia\u00e7\u00e3o de m\u00e3o de obra ou Seguro-Desemprego.<br><\/p>\n","protected":false},"excerpt":{"rendered":"<p>O Sistema Nacional de Emprego (Sine) de Arax\u00e1 foi certificado entre as melhores pr\u00e1ticas de empregabilidade em Minas Gerais. A<\/p>\n","protected":false},"author":2,"featured_media":6784,"comment_status":"open","ping_status":"open","sticky":false,"template":"","format":"standard","meta":{"footnotes":""},"categories":[9,11],"tags":[],"class_list":["post-6783","post","type-post","status-publish","format-standard","has-post-thumbnail","hentry","category-araxa","category-destaques"],"_links":{"self":[{"href":"http:\/\/blogdoarmindomaia.com.br\/index.php?rest_route=\/wp\/v2\/posts\/6783","targetHints":{"allow":["GET"]}}],"collection":[{"href":"http:\/\/blogdoarmindomaia.com.br\/index.php?rest_route=\/wp\/v2\/posts"}],"about":[{"href":"http:\/\/blogdoarmindomaia.com.br\/index.php?rest_route=\/wp\/v2\/types\/post"}],"author":[{"embeddable":true,"href":"http:\/\/blogdoarmindomaia.com.br\/index.php?rest_route=\/wp\/v2\/users\/2"}],"replies":[{"embeddable":true,"href":"http:\/\/blogdoarmindomaia.com.br\/index.php?rest_route=%2Fwp%2Fv2%2Fcomments&post=6783"}],"version-history":[{"count":1,"href":"http:\/\/blogdoarmindomaia.com.br\/index.php?rest_route=\/wp\/v2\/posts\/6783\/revisions"}],"predecessor-version":[{"id":6785,"href":"http:\/\/blogdoarmindomaia.com.br\/index.php?rest_route=\/wp\/v2\/posts\/6783\/revisions\/6785"}],"wp:featuredmedia":[{"embeddable":true,"href":"http:\/\/blogdoarmindomaia.com.br\/index.php?rest_route=\/wp\/v2\/media\/6784"}],"wp:attachment":[{"href":"http:\/\/blogdoarmindomaia.com.br\/index.php?rest_route=%2Fwp%2Fv2%2Fmedia&parent=6783"}],"wp:term":[{"taxonomy":"category","embeddable":true,"href":"http:\/\/blogdoarmindomaia.com.br\/index.php?rest_route=%2Fwp%2Fv2%2Fcategories&post=6783"},{"taxonomy":"post_tag","embeddable":true,"href":"http:\/\/blogdoarmindomaia.com.br\/index.php?rest_route=%2Fwp%2Fv2%2Ftags&post=6783"}],"curies":[{"name":"wp","href":"https:\/\/api.w.org\/{rel}","templated":true}]}}