{"id":6789,"date":"2023-12-07T14:20:23","date_gmt":"2023-12-07T17:20:23","guid":{"rendered":"http:\/\/blogdoarmindomaia.com.br\/?p=6789"},"modified":"2023-12-07T14:20:25","modified_gmt":"2023-12-07T17:20:25","slug":"araxa-participou-do-delta-forum-2023","status":"publish","type":"post","link":"http:\/\/blogdoarmindomaia.com.br\/?p=6789","title":{"rendered":"Arax\u00e1 participou do Delta F\u00f3rum 2023"},"content":{"rendered":"\n<figure class=\"wp-block-image size-full is-style-default\"><img loading=\"lazy\" decoding=\"async\" width=\"1024\" height=\"815\" src=\"http:\/\/blogdoarmindomaia.com.br\/wp-content\/uploads\/2023\/12\/Araxa-participou-do-Delta-Forum-2023-pag-03.jpeg\" alt=\"\" class=\"wp-image-6790\" srcset=\"http:\/\/blogdoarmindomaia.com.br\/wp-content\/uploads\/2023\/12\/Araxa-participou-do-Delta-Forum-2023-pag-03.jpeg 1024w, http:\/\/blogdoarmindomaia.com.br\/wp-content\/uploads\/2023\/12\/Araxa-participou-do-Delta-Forum-2023-pag-03-300x239.jpeg 300w, http:\/\/blogdoarmindomaia.com.br\/wp-content\/uploads\/2023\/12\/Araxa-participou-do-Delta-Forum-2023-pag-03-768x611.jpeg 768w\" sizes=\"auto, (max-width: 1024px) 100vw, 1024px\" \/><\/figure>\n\n\n\n<p>A Prefeitura de Arax\u00e1 participou das atividades do Delta F\u00f3rum 2023, promovido pelo Sebrae Minas, em Belo Horizonte. O evento se destaca como um dos principais encontros nacionais dedicados ao debate sobre o Desenvolvimento Econ\u00f4mico Sustent\u00e1vel Municipal. A edi\u00e7\u00e3o deste ano reuniu autoridades como prefeitos, secret\u00e1rios, gestores p\u00fablicos e especialistas, proporcionando um espa\u00e7o para compartilhar conhecimentos, boas pr\u00e1ticas e tend\u00eancias relacionadas \u00e0 desburocratiza\u00e7\u00e3o. Representando o prefeito Robson Magela, o secret\u00e1rio municipal de Desenvolvimento Econ\u00f4mico, Inova\u00e7\u00e3o e Turismo, Juliano Cesar da Silva, e o secret\u00e1rio municipal de Governo, Rick Paranhos, destacaram que o f\u00f3rum contou com pautas sobre temas cruciais como governo digital, diversifica\u00e7\u00e3o econ\u00f4mica, reten\u00e7\u00e3o de riquezas, place branding, atra\u00e7\u00e3o de investimentos, pol\u00edticas p\u00fablicas, lideran\u00e7a inovadora, turismo, gastronomia e educa\u00e7\u00e3o empreendedora.<br><br>De acordo com Rick, participar do Delta F\u00f3rum refor\u00e7ou ainda mais o objetivo de fortalecer o desenvolvimento de Arax\u00e1. \u201cAqui foram apresentados cases de sucesso, que nos possibilita planejar, estudar e, se for pertinente, seguir os caminhos j\u00e1 trilhados por outras localidades\u201d, destaca. O secret\u00e1rio Juliano acrescentou que o evento foi uma oportunidade para compartilhar conhecimentos sobre novos caminhos para o Desenvolvimento Econ\u00f4mico Sustent\u00e1vel das cidades. \u201cFoi um momento muito importante, pois reuniu grandes lideran\u00e7as e possibilitando debates que envolveram a Administra\u00e7\u00e3o P\u00fablica como um todo. Retornamos com v\u00e1rias pautas para serem desenvolvidas\u201d, relata.<br><\/p>\n","protected":false},"excerpt":{"rendered":"<p>A Prefeitura de Arax\u00e1 participou das atividades do Delta F\u00f3rum 2023, promovido pelo Sebrae Minas, em Belo Horizonte. O evento<\/p>\n","protected":false},"author":2,"featured_media":6790,"comment_status":"open","ping_status":"open","sticky":false,"template":"","format":"standard","meta":{"footnotes":""},"categories":[9,11],"tags":[],"class_list":["post-6789","post","type-post","status-publish","format-standard","has-post-thumbnail","hentry","category-araxa","category-destaques"],"_links":{"self":[{"href":"http:\/\/blogdoarmindomaia.com.br\/index.php?rest_route=\/wp\/v2\/posts\/6789","targetHints":{"allow":["GET"]}}],"collection":[{"href":"http:\/\/blogdoarmindomaia.com.br\/index.php?rest_route=\/wp\/v2\/posts"}],"about":[{"href":"http:\/\/blogdoarmindomaia.com.br\/index.php?rest_route=\/wp\/v2\/types\/post"}],"author":[{"embeddable":true,"href":"http:\/\/blogdoarmindomaia.com.br\/index.php?rest_route=\/wp\/v2\/users\/2"}],"replies":[{"embeddable":true,"href":"http:\/\/blogdoarmindomaia.com.br\/index.php?rest_route=%2Fwp%2Fv2%2Fcomments&post=6789"}],"version-history":[{"count":1,"href":"http:\/\/blogdoarmindomaia.com.br\/index.php?rest_route=\/wp\/v2\/posts\/6789\/revisions"}],"predecessor-version":[{"id":6791,"href":"http:\/\/blogdoarmindomaia.com.br\/index.php?rest_route=\/wp\/v2\/posts\/6789\/revisions\/6791"}],"wp:featuredmedia":[{"embeddable":true,"href":"http:\/\/blogdoarmindomaia.com.br\/index.php?rest_route=\/wp\/v2\/media\/6790"}],"wp:attachment":[{"href":"http:\/\/blogdoarmindomaia.com.br\/index.php?rest_route=%2Fwp%2Fv2%2Fmedia&parent=6789"}],"wp:term":[{"taxonomy":"category","embeddable":true,"href":"http:\/\/blogdoarmindomaia.com.br\/index.php?rest_route=%2Fwp%2Fv2%2Fcategories&post=6789"},{"taxonomy":"post_tag","embeddable":true,"href":"http:\/\/blogdoarmindomaia.com.br\/index.php?rest_route=%2Fwp%2Fv2%2Ftags&post=6789"}],"curies":[{"name":"wp","href":"https:\/\/api.w.org\/{rel}","templated":true}]}}