{"id":6799,"date":"2023-12-07T14:27:58","date_gmt":"2023-12-07T17:27:58","guid":{"rendered":"http:\/\/blogdoarmindomaia.com.br\/?p=6799"},"modified":"2023-12-07T14:28:00","modified_gmt":"2023-12-07T17:28:00","slug":"festnatal-2023-papai-noel-chega-nesta-sexta-a-araxa","status":"publish","type":"post","link":"http:\/\/blogdoarmindomaia.com.br\/?p=6799","title":{"rendered":"FestNatal 2023: Papai Noel chega nesta sexta a Arax\u00e1"},"content":{"rendered":"\n<p><em>Veja a programa\u00e7\u00e3o do primeiro dia de FestNatal<\/em><\/p>\n\n\n\n<figure class=\"wp-block-image size-full is-style-default\"><img loading=\"lazy\" decoding=\"async\" width=\"1000\" height=\"667\" src=\"http:\/\/blogdoarmindomaia.com.br\/wp-content\/uploads\/2023\/12\/FestNatal-2023-Papai-Noel-chega-nesta-sexta-a-Araxa-pag-4.jpg\" alt=\"\" class=\"wp-image-6800\" srcset=\"http:\/\/blogdoarmindomaia.com.br\/wp-content\/uploads\/2023\/12\/FestNatal-2023-Papai-Noel-chega-nesta-sexta-a-Araxa-pag-4.jpg 1000w, http:\/\/blogdoarmindomaia.com.br\/wp-content\/uploads\/2023\/12\/FestNatal-2023-Papai-Noel-chega-nesta-sexta-a-Araxa-pag-4-300x200.jpg 300w, http:\/\/blogdoarmindomaia.com.br\/wp-content\/uploads\/2023\/12\/FestNatal-2023-Papai-Noel-chega-nesta-sexta-a-Araxa-pag-4-768x512.jpg 768w\" sizes=\"auto, (max-width: 1000px) 100vw, 1000px\" \/><\/figure>\n\n\n\n<p>Papai Noel vai chegar nesta sexta-feira (8) a Arax\u00e1 e promete surpreender as crian\u00e7as. Ele e sua trupe v\u00e3o percorrer a cidade a partir das 19h, em cima da Carreta da Alegria. A chegada cheia de brilho e anima\u00e7\u00e3o \u00e9 o in\u00edcio da temporada do Bom Velhinho na cidade.<\/p>\n\n\n\n<p>A partir das 20h, Papai Noel inaugura sua nova casinha no Expominas. Um cen\u00e1rio que vai encantar crian\u00e7as e adultos tem um espa\u00e7o reservado para que ele possa receber as cartinhas e tirar fotos. Ele permanece na cidade at\u00e9 o dia 23 e participa ainda da programa\u00e7\u00e3o especial do FestNatal Arax\u00e1 2023.<\/p>\n\n\n\n<p><strong>Itiner\u00e1rio da Carreta da Alegria<\/strong><\/p>\n\n\n\n<p><strong><em>19H &#8211; Sa\u00edda<\/em><\/strong><\/p>\n\n\n\n<p>Avenida Amazonas (em frente ao Gran Hall)<\/p>\n\n\n\n<p>Avenida Jo\u00e3o Paulo II (sentido rodovi\u00e1ria)<\/p>\n\n\n\n<p>Avenida Danilo Cunha<\/p>\n\n\n\n<p>Avenida Washington Barcelos (retorno na feira)<\/p>\n\n\n\n<p>Avenida Danilo Cunha<\/p>\n\n\n\n<p>Avenida D\u00e2maso Drummond (at\u00e9 o Tobog\u00e3)<\/p>\n\n\n\n<p>Avenida Get\u00falio Vargas (at\u00e9 a Igreja Matriz<\/p>\n\n\n\n<p>Avenida Ant\u00f4nio Carlos (retorno no Teatro Municipal)<\/p>\n\n\n\n<p>Avenida Imbiara<\/p>\n\n\n\n<p><strong><em>20h &#8211; Chegada&nbsp;no&nbsp;Expominas<\/em><\/strong><\/p>\n\n\n\n<p><strong>FestNatal<\/strong><\/p>\n\n\n\n<p>O FestNatal Arax\u00e1 est\u00e1 recheado de atra\u00e7\u00f5es culturais, op\u00e7\u00f5es gastron\u00f4micas e muita divers\u00e3o este ano. No primeiro dia, os port\u00f5es do Expominas Arax\u00e1 estar\u00e3o abertos a partir de 19h para que todos possam conhecer a estrutura em primeira m\u00e3o e se divertir com bonecos gigantes em meio a uma linda decora\u00e7\u00e3o, que merece muitas fotos. A anima\u00e7\u00e3o est\u00e1 garantida com uma s\u00e9rie de atividades culturais, oficinas, brinquedos infl\u00e1veis e op\u00e7\u00f5es gastron\u00f4micas, na pra\u00e7a de alimenta\u00e7\u00e3o.<\/p>\n\n\n\n<p>Ap\u00f3s a recep\u00e7\u00e3o ao Papai Noel, que ocorre por volta de 20h, a abertura oficial do FestNatal Arax\u00e1 est\u00e1 marcada para as 20h30. Na sequ\u00eancia, ocorre a primeira apresenta\u00e7\u00e3o cultural desta edi\u00e7\u00e3o: o show infantil \u201cAs crian\u00e7as e a natureza\u201d, comandado por J\u00falio Vasconcelos.<\/p>\n\n\n\n<p><strong>Programa\u00e7\u00e3o do fim de semana<\/strong><\/p>\n\n\n\n<p><strong>08\/12 \u2013 SEXTA-FEIRA<\/strong><\/p>\n\n\n\n<p>19h &#8211; Carreata do Papai Noel<\/p>\n\n\n\n<p>20h &#8211; Chegada do Papai Noel no Expominas<\/p>\n\n\n\n<p>20h30 \u2013 Cerim\u00f4nia de abertura<\/p>\n\n\n\n<p>21h &#8211; Julio Vasconcelos I Show Infantil \u201cAs Crian\u00e7as E A Natureza\u201d<\/p>\n\n\n\n<p><strong>09\/12 S\u00c1BADO<\/strong><\/p>\n\n\n\n<p>10h \u2013 Papai Noel itinerante \u2013 Cal\u00e7ad\u00e3o (em frente ao Centro Comercial Domingos Zema)<\/p>\n\n\n\n<p>19h \u2013 Casinha do Papai Noel<\/p>\n\n\n\n<p>19h30 \u2013 Jo\u00e3o Lima<\/p>\n\n\n\n<p>20h \u2013 Trio Retrovisor Ac\u00fastico<\/p>\n\n\n\n<p>21h \u2013 100% Caipira<\/p>\n\n\n\n<p>22h30 \u2013 Vitor e Versol<\/p>\n\n\n\n<p><strong>10\/12 &#8211; DOMINGO<\/strong><\/p>\n\n\n\n<p>10h \u2013 Papai Noel itinerante \u2013 Feira do Urciano Lemos<\/p>\n\n\n\n<p>19h \u2013 B\u00eajazz Street Band<\/p>\n\n\n\n<p>19h \u2013 Casinha do Papai Noel<\/p>\n\n\n\n<p>20h \u2013 Orquestra de Violeiros de Sacramento<\/p>\n\n\n\n<p>21h &#8211; Diego Figueiredo convida Gipsi King Project<\/p>\n\n\n\n<p>22h30 \u2013 Banda Maria Fuma\u00e7a<\/p>\n","protected":false},"excerpt":{"rendered":"<p>Veja a programa\u00e7\u00e3o do primeiro dia de FestNatal Papai Noel vai chegar nesta sexta-feira (8) a Arax\u00e1 e promete surpreender<\/p>\n","protected":false},"author":2,"featured_media":6800,"comment_status":"open","ping_status":"open","sticky":false,"template":"","format":"standard","meta":{"footnotes":""},"categories":[9,5,11],"tags":[],"class_list":["post-6799","post","type-post","status-publish","format-standard","has-post-thumbnail","hentry","category-araxa","category-arte-e-cultura","category-destaques"],"_links":{"self":[{"href":"http:\/\/blogdoarmindomaia.com.br\/index.php?rest_route=\/wp\/v2\/posts\/6799","targetHints":{"allow":["GET"]}}],"collection":[{"href":"http:\/\/blogdoarmindomaia.com.br\/index.php?rest_route=\/wp\/v2\/posts"}],"about":[{"href":"http:\/\/blogdoarmindomaia.com.br\/index.php?rest_route=\/wp\/v2\/types\/post"}],"author":[{"embeddable":true,"href":"http:\/\/blogdoarmindomaia.com.br\/index.php?rest_route=\/wp\/v2\/users\/2"}],"replies":[{"embeddable":true,"href":"http:\/\/blogdoarmindomaia.com.br\/index.php?rest_route=%2Fwp%2Fv2%2Fcomments&post=6799"}],"version-history":[{"count":1,"href":"http:\/\/blogdoarmindomaia.com.br\/index.php?rest_route=\/wp\/v2\/posts\/6799\/revisions"}],"predecessor-version":[{"id":6801,"href":"http:\/\/blogdoarmindomaia.com.br\/index.php?rest_route=\/wp\/v2\/posts\/6799\/revisions\/6801"}],"wp:featuredmedia":[{"embeddable":true,"href":"http:\/\/blogdoarmindomaia.com.br\/index.php?rest_route=\/wp\/v2\/media\/6800"}],"wp:attachment":[{"href":"http:\/\/blogdoarmindomaia.com.br\/index.php?rest_route=%2Fwp%2Fv2%2Fmedia&parent=6799"}],"wp:term":[{"taxonomy":"category","embeddable":true,"href":"http:\/\/blogdoarmindomaia.com.br\/index.php?rest_route=%2Fwp%2Fv2%2Fcategories&post=6799"},{"taxonomy":"post_tag","embeddable":true,"href":"http:\/\/blogdoarmindomaia.com.br\/index.php?rest_route=%2Fwp%2Fv2%2Ftags&post=6799"}],"curies":[{"name":"wp","href":"https:\/\/api.w.org\/{rel}","templated":true}]}}