{"id":6802,"date":"2023-12-08T13:39:53","date_gmt":"2023-12-08T16:39:53","guid":{"rendered":"http:\/\/blogdoarmindomaia.com.br\/?p=6802"},"modified":"2023-12-08T13:39:55","modified_gmt":"2023-12-08T16:39:55","slug":"secretaria-de-saude-esclarece-contrato-com-novo-estabelecimento-para-hospedagem-de-pacientes-em-barretos","status":"publish","type":"post","link":"http:\/\/blogdoarmindomaia.com.br\/?p=6802","title":{"rendered":"Secretaria de Sa\u00fade esclarece contrato com novo estabelecimento para hospedagem de pacientes em Barretos"},"content":{"rendered":"\n<p><\/p>\n\n\n\n<figure class=\"wp-block-image size-large is-style-default\"><img loading=\"lazy\" decoding=\"async\" width=\"1024\" height=\"768\" src=\"http:\/\/blogdoarmindomaia.com.br\/wp-content\/uploads\/2023\/12\/Secretaria-de-Saude-esclarece-contrato-com-novo-estabelecimento-pag-03-1024x768.jpeg\" alt=\"\" class=\"wp-image-6803\" srcset=\"http:\/\/blogdoarmindomaia.com.br\/wp-content\/uploads\/2023\/12\/Secretaria-de-Saude-esclarece-contrato-com-novo-estabelecimento-pag-03-1024x768.jpeg 1024w, http:\/\/blogdoarmindomaia.com.br\/wp-content\/uploads\/2023\/12\/Secretaria-de-Saude-esclarece-contrato-com-novo-estabelecimento-pag-03-300x225.jpeg 300w, http:\/\/blogdoarmindomaia.com.br\/wp-content\/uploads\/2023\/12\/Secretaria-de-Saude-esclarece-contrato-com-novo-estabelecimento-pag-03-768x576.jpeg 768w, http:\/\/blogdoarmindomaia.com.br\/wp-content\/uploads\/2023\/12\/Secretaria-de-Saude-esclarece-contrato-com-novo-estabelecimento-pag-03-1536x1152.jpeg 1536w, http:\/\/blogdoarmindomaia.com.br\/wp-content\/uploads\/2023\/12\/Secretaria-de-Saude-esclarece-contrato-com-novo-estabelecimento-pag-03.jpeg 1600w\" sizes=\"auto, (max-width: 1024px) 100vw, 1024px\" \/><\/figure>\n\n\n\n<p>A Secretaria Municipal de Sa\u00fade realizou uma reuni\u00e3o com vereadores da Comiss\u00e3o de Sa\u00fade da C\u00e2mara Municipal de Arax\u00e1, na sexta-feira (1\u00ba), para esclarecer recentes informa\u00e7\u00f5es referentes \u00e0 contrata\u00e7\u00e3o de servi\u00e7os de hospedagem e refei\u00e7\u00f5es a pacientes que tratam de c\u00e2ncer em Barretos (SP).<br><br>O encontro foi motivado por falsas informa\u00e7\u00f5es veiculadas em grupos de WhatsApp de rompimento de contrato com a antiga pousada que era ponto de apoio aos pacientes de Arax\u00e1, o que n\u00e3o ocorreu.<br><br>Estiveram presentes a secret\u00e1ria municipal de Sa\u00fade, Cristiane Gon\u00e7alves Pereira, a Assessoria Jur\u00eddica da Prefeitura de Arax\u00e1, os vereadores Alexandre Carneiro de Paula e Leni Nobre, e a assessora Aline Rezende, representando o vereador Raphael Rios.<br><br>Na oportunidade, Cristiane Pereira esclareceu que o novo ponto de apoio foi definido por meio de processo licitat\u00f3rio e os pacientes est\u00e3o sendo informados de forma presencial quando v\u00e3o buscar a autoriza\u00e7\u00e3o da viagem no posto do Tratamento Fora de Domic\u00edlio (TFD).<br><br>A reuni\u00e3o apresentou detalhes do edital, todo o tr\u00e2mite da licita\u00e7\u00e3o e os resultados das visitas t\u00e9cnicas realizadas, esclarecendo qualquer d\u00favida e assegurando a integridade do processo, no qual uma nova pousada para pacientes oncol\u00f3gicos foi a vencedora por atender todos os requisitos.<br><br>De acordo com a secret\u00e1ria, a pousada que recebia os pacientes tamb\u00e9m participou desse processo licitat\u00f3rio, mas foi desclassificada devido \u00e0 aus\u00eancia de documenta\u00e7\u00e3o obrigat\u00f3ria, conforme especificado no edital.<br><br>\u201cO contrato com a pousada anterior se encerrou ontem (quinta-feira, 30 de novembro), e os propriet\u00e1rios est\u00e3o mobilizando pacientes para contestar a decis\u00e3o. Diante das acusa\u00e7\u00f5es infundadas e da gravidade dos \u00e1udios circulados, convocamos essa reuni\u00e3o para esclarecimentos. \u00c9 importante enfatizarmos a transpar\u00eancia do processo licitat\u00f3rio, a validade da escolha do novo estabelecimento e a impossibilidade da pousada anterior de continuar o contrato. J\u00e1 fizemos a visita t\u00e9cnica no novo local que oferece uma estrutura satisfat\u00f3ria para todos que necessitam\u201d, refor\u00e7a.<br><\/p>\n","protected":false},"excerpt":{"rendered":"<p>A Secretaria Municipal de Sa\u00fade realizou uma reuni\u00e3o com vereadores da Comiss\u00e3o de Sa\u00fade da C\u00e2mara Municipal de Arax\u00e1, na<\/p>\n","protected":false},"author":2,"featured_media":0,"comment_status":"open","ping_status":"open","sticky":false,"template":"","format":"standard","meta":{"footnotes":""},"categories":[9,11],"tags":[],"class_list":["post-6802","post","type-post","status-publish","format-standard","hentry","category-araxa","category-destaques"],"_links":{"self":[{"href":"http:\/\/blogdoarmindomaia.com.br\/index.php?rest_route=\/wp\/v2\/posts\/6802","targetHints":{"allow":["GET"]}}],"collection":[{"href":"http:\/\/blogdoarmindomaia.com.br\/index.php?rest_route=\/wp\/v2\/posts"}],"about":[{"href":"http:\/\/blogdoarmindomaia.com.br\/index.php?rest_route=\/wp\/v2\/types\/post"}],"author":[{"embeddable":true,"href":"http:\/\/blogdoarmindomaia.com.br\/index.php?rest_route=\/wp\/v2\/users\/2"}],"replies":[{"embeddable":true,"href":"http:\/\/blogdoarmindomaia.com.br\/index.php?rest_route=%2Fwp%2Fv2%2Fcomments&post=6802"}],"version-history":[{"count":1,"href":"http:\/\/blogdoarmindomaia.com.br\/index.php?rest_route=\/wp\/v2\/posts\/6802\/revisions"}],"predecessor-version":[{"id":6804,"href":"http:\/\/blogdoarmindomaia.com.br\/index.php?rest_route=\/wp\/v2\/posts\/6802\/revisions\/6804"}],"wp:attachment":[{"href":"http:\/\/blogdoarmindomaia.com.br\/index.php?rest_route=%2Fwp%2Fv2%2Fmedia&parent=6802"}],"wp:term":[{"taxonomy":"category","embeddable":true,"href":"http:\/\/blogdoarmindomaia.com.br\/index.php?rest_route=%2Fwp%2Fv2%2Fcategories&post=6802"},{"taxonomy":"post_tag","embeddable":true,"href":"http:\/\/blogdoarmindomaia.com.br\/index.php?rest_route=%2Fwp%2Fv2%2Ftags&post=6802"}],"curies":[{"name":"wp","href":"https:\/\/api.w.org\/{rel}","templated":true}]}}