{"id":6808,"date":"2023-12-08T13:46:57","date_gmt":"2023-12-08T16:46:57","guid":{"rendered":"http:\/\/blogdoarmindomaia.com.br\/?p=6808"},"modified":"2023-12-08T13:47:00","modified_gmt":"2023-12-08T16:47:00","slug":"prefeitura-de-araxa-entrega-certificacao-ocupacional-aos-futuros-candidatos-a-diretor-escolar","status":"publish","type":"post","link":"http:\/\/blogdoarmindomaia.com.br\/?p=6808","title":{"rendered":"Prefeitura de Arax\u00e1 entrega Certifica\u00e7\u00e3o Ocupacional aos futuros candidatos a diretor escolar"},"content":{"rendered":"\n<figure class=\"wp-block-image size-large is-style-default\"><img loading=\"lazy\" decoding=\"async\" width=\"1024\" height=\"699\" src=\"http:\/\/blogdoarmindomaia.com.br\/wp-content\/uploads\/2023\/12\/Prefeitura-de-Araxa-entrega-Certificacao-Ocupacional-aos-futuros-candidatos-a-diretor-escolar-pag-08-1024x699.jpeg\" alt=\"\" class=\"wp-image-6809\" srcset=\"http:\/\/blogdoarmindomaia.com.br\/wp-content\/uploads\/2023\/12\/Prefeitura-de-Araxa-entrega-Certificacao-Ocupacional-aos-futuros-candidatos-a-diretor-escolar-pag-08-1024x699.jpeg 1024w, http:\/\/blogdoarmindomaia.com.br\/wp-content\/uploads\/2023\/12\/Prefeitura-de-Araxa-entrega-Certificacao-Ocupacional-aos-futuros-candidatos-a-diretor-escolar-pag-08-300x205.jpeg 300w, http:\/\/blogdoarmindomaia.com.br\/wp-content\/uploads\/2023\/12\/Prefeitura-de-Araxa-entrega-Certificacao-Ocupacional-aos-futuros-candidatos-a-diretor-escolar-pag-08-768x524.jpeg 768w, http:\/\/blogdoarmindomaia.com.br\/wp-content\/uploads\/2023\/12\/Prefeitura-de-Araxa-entrega-Certificacao-Ocupacional-aos-futuros-candidatos-a-diretor-escolar-pag-08-130x90.jpeg 130w, http:\/\/blogdoarmindomaia.com.br\/wp-content\/uploads\/2023\/12\/Prefeitura-de-Araxa-entrega-Certificacao-Ocupacional-aos-futuros-candidatos-a-diretor-escolar-pag-08.jpeg 1251w\" sizes=\"auto, (max-width: 1024px) 100vw, 1024px\" \/><\/figure>\n\n\n\n<p>A Prefeitura de Arax\u00e1 realizou a entrega da Certifica\u00e7\u00e3o Ocupacional aos futuros candidatos a Diretores das Unidades de Ensino. Este certificado, obtido por meio de prova de conhecimentos espec\u00edficos, \u00e9 um instrumento crucial na avalia\u00e7\u00e3o do conhecimento pedag\u00f3gico, t\u00e9cnico e das compet\u00eancias necess\u00e1rias ao desempenho do cargo.<br><br>No total, 150 candidatos foram certificados e atingiram a pontua\u00e7\u00e3o exigida para ocupa\u00e7\u00e3o do cargo de diretor escolar, que ser\u00e1 escolhido em cada Unidade Escolar da Prefeitura de Arax\u00e1 por meio de processo seletivo que acontece no pr\u00f3ximo dia 20 de dezembro.<br><br>A entrega aconteceu nesta segunda-feira (4) e contou com a presen\u00e7a da secret\u00e1ria municipal de Educa\u00e7\u00e3o, Zulma Moreira, do procurador-geral do Munic\u00edpio, Jonathan Ferreira, representando o prefeito Robson Magela; diretores, educadores e membros da comunidade escolar.<br><br>A iniciativa, regida pela Lei Municipal n\u00b0 7.908\/2022, estabelece a certifica\u00e7\u00e3o como pr\u00e9-requisito no processo de sele\u00e7\u00e3o de diretores.<br><br>De acordo com o prefeito Robson Magela, essa etapa representa um marco na gest\u00e3o educacional, evidenciando o compromisso da Gest\u00e3o Municipal em promover lideran\u00e7as qualificadas.<br><br>\u201cOs futuros candidatos j\u00e1 mostraram que t\u00eam o conhecimento necess\u00e1rio e agora o pr\u00f3ximo passo \u00e9 a elei\u00e7\u00e3o, que, al\u00e9m de fortalecer o compromisso por parte do diretor, permite a cobran\u00e7a e estabelece a responsabilidade de todos que v\u00e3o participar do processo de escolha\u201d, refor\u00e7a o prefeito.<br><br>A secret\u00e1ria Zulma Moreira reitera que esse processo \u00e9 uma marca expressiva na trajet\u00f3ria educacional do Munic\u00edpio, renovando a qualidade da Educa\u00e7\u00e3o e a participa\u00e7\u00e3o democr\u00e1tica.<br><br>\u201cEsse processo visa assegurar a participa\u00e7\u00e3o efetiva da comunidade na escolha dos gestores escolares, fortalecendo a transpar\u00eancia e a representatividade. Ter essa certifica\u00e7\u00e3o na m\u00e3o significa que a qualquer momento esse candidato pode pleitear uma dire\u00e7\u00e3o, e que bom saber que na rede temos tantos profissionais capacitados e aptos para isso\u201d, destaca.<br><\/p>\n","protected":false},"excerpt":{"rendered":"<p>A Prefeitura de Arax\u00e1 realizou a entrega da Certifica\u00e7\u00e3o Ocupacional aos futuros candidatos a Diretores das Unidades de Ensino. Este<\/p>\n","protected":false},"author":2,"featured_media":6809,"comment_status":"open","ping_status":"open","sticky":false,"template":"","format":"standard","meta":{"footnotes":""},"categories":[9,11,13],"tags":[],"class_list":["post-6808","post","type-post","status-publish","format-standard","has-post-thumbnail","hentry","category-araxa","category-destaques","category-educacao"],"_links":{"self":[{"href":"http:\/\/blogdoarmindomaia.com.br\/index.php?rest_route=\/wp\/v2\/posts\/6808","targetHints":{"allow":["GET"]}}],"collection":[{"href":"http:\/\/blogdoarmindomaia.com.br\/index.php?rest_route=\/wp\/v2\/posts"}],"about":[{"href":"http:\/\/blogdoarmindomaia.com.br\/index.php?rest_route=\/wp\/v2\/types\/post"}],"author":[{"embeddable":true,"href":"http:\/\/blogdoarmindomaia.com.br\/index.php?rest_route=\/wp\/v2\/users\/2"}],"replies":[{"embeddable":true,"href":"http:\/\/blogdoarmindomaia.com.br\/index.php?rest_route=%2Fwp%2Fv2%2Fcomments&post=6808"}],"version-history":[{"count":1,"href":"http:\/\/blogdoarmindomaia.com.br\/index.php?rest_route=\/wp\/v2\/posts\/6808\/revisions"}],"predecessor-version":[{"id":6810,"href":"http:\/\/blogdoarmindomaia.com.br\/index.php?rest_route=\/wp\/v2\/posts\/6808\/revisions\/6810"}],"wp:featuredmedia":[{"embeddable":true,"href":"http:\/\/blogdoarmindomaia.com.br\/index.php?rest_route=\/wp\/v2\/media\/6809"}],"wp:attachment":[{"href":"http:\/\/blogdoarmindomaia.com.br\/index.php?rest_route=%2Fwp%2Fv2%2Fmedia&parent=6808"}],"wp:term":[{"taxonomy":"category","embeddable":true,"href":"http:\/\/blogdoarmindomaia.com.br\/index.php?rest_route=%2Fwp%2Fv2%2Fcategories&post=6808"},{"taxonomy":"post_tag","embeddable":true,"href":"http:\/\/blogdoarmindomaia.com.br\/index.php?rest_route=%2Fwp%2Fv2%2Ftags&post=6808"}],"curies":[{"name":"wp","href":"https:\/\/api.w.org\/{rel}","templated":true}]}}