{"id":6811,"date":"2023-12-08T13:52:54","date_gmt":"2023-12-08T16:52:54","guid":{"rendered":"http:\/\/blogdoarmindomaia.com.br\/?p=6811"},"modified":"2023-12-08T13:52:55","modified_gmt":"2023-12-08T16:52:55","slug":"ipdsa-e-casa-do-pequeno-jardineiro-realizam-plantio-de-60-arvores","status":"publish","type":"post","link":"http:\/\/blogdoarmindomaia.com.br\/?p=6811","title":{"rendered":"IPDSA e Casa do Pequeno Jardineiro realizam plantio de 60 \u00e1rvores"},"content":{"rendered":"\n<figure class=\"wp-block-image size-large is-style-default\"><img loading=\"lazy\" decoding=\"async\" width=\"1024\" height=\"682\" src=\"http:\/\/blogdoarmindomaia.com.br\/wp-content\/uploads\/2023\/12\/IPDSA-e-Casa-do-Pequeno-Jardineiro-realizam-plantio-de-60-arvores-pag-04-1024x682.jpeg\" alt=\"\" class=\"wp-image-6812\" srcset=\"http:\/\/blogdoarmindomaia.com.br\/wp-content\/uploads\/2023\/12\/IPDSA-e-Casa-do-Pequeno-Jardineiro-realizam-plantio-de-60-arvores-pag-04-1024x682.jpeg 1024w, http:\/\/blogdoarmindomaia.com.br\/wp-content\/uploads\/2023\/12\/IPDSA-e-Casa-do-Pequeno-Jardineiro-realizam-plantio-de-60-arvores-pag-04-300x200.jpeg 300w, http:\/\/blogdoarmindomaia.com.br\/wp-content\/uploads\/2023\/12\/IPDSA-e-Casa-do-Pequeno-Jardineiro-realizam-plantio-de-60-arvores-pag-04-768x512.jpeg 768w, http:\/\/blogdoarmindomaia.com.br\/wp-content\/uploads\/2023\/12\/IPDSA-e-Casa-do-Pequeno-Jardineiro-realizam-plantio-de-60-arvores-pag-04-1536x1023.jpeg 1536w, http:\/\/blogdoarmindomaia.com.br\/wp-content\/uploads\/2023\/12\/IPDSA-e-Casa-do-Pequeno-Jardineiro-realizam-plantio-de-60-arvores-pag-04.jpeg 1600w\" sizes=\"auto, (max-width: 1024px) 100vw, 1024px\" \/><\/figure>\n\n\n\n<p>A Divis\u00e3o de Meio Ambiente do Instituto de Planejamento e Desenvolvimento Sustent\u00e1vel de Arax\u00e1 (IPDSA) e adolescentes da Casa do Pequeno Jardineiro promoveram o plantio de \u00e1rvores na avenida Jo\u00e3o Moreira Salles, imedia\u00e7\u00f5es do bairro Dona Beja.<br><br>Ao todo, foram plantadas 60 mudas de esp\u00e9cies nativas, como ip\u00ea e \u00e1rvore t\u00edpica do Cerrado. As mudas s\u00e3o desenvolvidas na Casa do Pequeno Jardineiro, projeto desenvolvido pela Secretaria Municipal de A\u00e7\u00e3o Social, que atende adolescentes de 14 a 17 anos com instru\u00e7\u00f5es de educa\u00e7\u00e3o ambiental, cidadania, jardinagem e oferece um aux\u00edlio financeiro.<br><br>O superintendente do IPDSA, Vin\u00edcius Martins, explica que a arboriza\u00e7\u00e3o \u00e9 feita nesta \u00e9poca do ano para aproveitar o per\u00edodo das chuvas que contribui para o desenvolvimento das mudas.<br><br>\u201cNosso objetivo \u00e9 gerar mais qualidade de vida para a popula\u00e7\u00e3o araxaense. Realizamos o plantio na avenida Jo\u00e3o Moreira Salles e vamos seguir com esse trabalho em outros bairros da cidade, para termos uma cidade mais arborizada e com mais \u00e1reas verdes\u201d, destaca.<\/p>\n","protected":false},"excerpt":{"rendered":"<p>A Divis\u00e3o de Meio Ambiente do Instituto de Planejamento e Desenvolvimento Sustent\u00e1vel de Arax\u00e1 (IPDSA) e adolescentes da Casa do<\/p>\n","protected":false},"author":2,"featured_media":0,"comment_status":"open","ping_status":"open","sticky":false,"template":"","format":"standard","meta":{"footnotes":""},"categories":[1],"tags":[],"class_list":["post-6811","post","type-post","status-publish","format-standard","hentry","category-sem-categoria"],"_links":{"self":[{"href":"http:\/\/blogdoarmindomaia.com.br\/index.php?rest_route=\/wp\/v2\/posts\/6811","targetHints":{"allow":["GET"]}}],"collection":[{"href":"http:\/\/blogdoarmindomaia.com.br\/index.php?rest_route=\/wp\/v2\/posts"}],"about":[{"href":"http:\/\/blogdoarmindomaia.com.br\/index.php?rest_route=\/wp\/v2\/types\/post"}],"author":[{"embeddable":true,"href":"http:\/\/blogdoarmindomaia.com.br\/index.php?rest_route=\/wp\/v2\/users\/2"}],"replies":[{"embeddable":true,"href":"http:\/\/blogdoarmindomaia.com.br\/index.php?rest_route=%2Fwp%2Fv2%2Fcomments&post=6811"}],"version-history":[{"count":1,"href":"http:\/\/blogdoarmindomaia.com.br\/index.php?rest_route=\/wp\/v2\/posts\/6811\/revisions"}],"predecessor-version":[{"id":6813,"href":"http:\/\/blogdoarmindomaia.com.br\/index.php?rest_route=\/wp\/v2\/posts\/6811\/revisions\/6813"}],"wp:attachment":[{"href":"http:\/\/blogdoarmindomaia.com.br\/index.php?rest_route=%2Fwp%2Fv2%2Fmedia&parent=6811"}],"wp:term":[{"taxonomy":"category","embeddable":true,"href":"http:\/\/blogdoarmindomaia.com.br\/index.php?rest_route=%2Fwp%2Fv2%2Fcategories&post=6811"},{"taxonomy":"post_tag","embeddable":true,"href":"http:\/\/blogdoarmindomaia.com.br\/index.php?rest_route=%2Fwp%2Fv2%2Ftags&post=6811"}],"curies":[{"name":"wp","href":"https:\/\/api.w.org\/{rel}","templated":true}]}}