{"id":6821,"date":"2023-12-08T14:11:39","date_gmt":"2023-12-08T17:11:39","guid":{"rendered":"http:\/\/blogdoarmindomaia.com.br\/?p=6821"},"modified":"2023-12-08T14:11:40","modified_gmt":"2023-12-08T17:11:40","slug":"copa-do-mundo-uci-de-mtb-em-araxa-se-aproxima-de-40-paises-confirmados","status":"publish","type":"post","link":"http:\/\/blogdoarmindomaia.com.br\/?p=6821","title":{"rendered":"Copa do Mundo UCI de MTB em Arax\u00e1 se aproxima de 40 pa\u00edses confirmados"},"content":{"rendered":"\n<p><\/p>\n\n\n\n<p><\/p>\n\n\n\n<figure class=\"wp-block-image size-large is-style-default\"><img loading=\"lazy\" decoding=\"async\" width=\"1024\" height=\"683\" src=\"http:\/\/blogdoarmindomaia.com.br\/wp-content\/uploads\/2023\/12\/Copa-do-Mundo-UCI-de-MTB-em-Araxa-se-aproxima-de-40-paises-confirmados-pag-06-1024x683.jpg\" alt=\"\" class=\"wp-image-6822\" srcset=\"http:\/\/blogdoarmindomaia.com.br\/wp-content\/uploads\/2023\/12\/Copa-do-Mundo-UCI-de-MTB-em-Araxa-se-aproxima-de-40-paises-confirmados-pag-06-1024x683.jpg 1024w, http:\/\/blogdoarmindomaia.com.br\/wp-content\/uploads\/2023\/12\/Copa-do-Mundo-UCI-de-MTB-em-Araxa-se-aproxima-de-40-paises-confirmados-pag-06-300x200.jpg 300w, http:\/\/blogdoarmindomaia.com.br\/wp-content\/uploads\/2023\/12\/Copa-do-Mundo-UCI-de-MTB-em-Araxa-se-aproxima-de-40-paises-confirmados-pag-06-768x512.jpg 768w, http:\/\/blogdoarmindomaia.com.br\/wp-content\/uploads\/2023\/12\/Copa-do-Mundo-UCI-de-MTB-em-Araxa-se-aproxima-de-40-paises-confirmados-pag-06.jpg 1200w\" sizes=\"auto, (max-width: 1024px) 100vw, 1024px\" \/><\/figure>\n\n\n\n<p><em>Organiza\u00e7\u00e3o local (CIMTB) j\u00e1 tem confirma\u00e7\u00e3o de mais de 100 atletas estrangeiros que vir\u00e3o para o evento, entre 18 e 21 de abril, no Grande Hotel Termas de Arax\u00e1<\/em> Dona da pista de mountain bike mais tradicional da Am\u00e9rica Latina, a cidade de Arax\u00e1, em Minas Gerais, viver\u00e1 entre os dias 18 e 21 de abril um momento hist\u00f3rico no Complexo do Barreiro. Mais de 40 pa\u00edses estar\u00e3o representados na etapa in\u00e9dita da Copa do Mundo UCI de MTB, com mais de 100 atletas estrangeiros j\u00e1 confirmados at\u00e9 este momento. O palco ser\u00e1 o Grande Hotel Termas de Arax\u00e1, local que se acostumou a receber os melhores ciclistas do mundo nas \u00faltimas duas d\u00e9cadas. \u201cDesde que foi feito em outubro o an\u00fancio da confirma\u00e7\u00e3o da volta da Copa do Mundo para o Brasil, com uma das etapas em Arax\u00e1, j\u00e1 tivemos atletas de quase 40 pa\u00edses confirmados para a competi\u00e7\u00e3o\u201d, conta Rog\u00e9rio Bernardes, organizador da CIMTB. \u201cNa \u00e9poca, n\u00f3s bloqueamos mais de 90% dos leitos do munic\u00edpio, para que equipes e atletas do Brasil e do mundo inteiro tivessem prioridade de reserva. Essa prioridade vai at\u00e9 o pr\u00f3ximo dia 15 de dezembro, quando liberaremos essas vagas de hot\u00e9is para o p\u00fablico em geral\u201d, explica.Alguns dos principais ciclistas do mundo nas elites masculina e feminina est\u00e3o entre os confirmados pela organiza\u00e7\u00e3o nos hot\u00e9is do munic\u00edpio. Al\u00e9m dos melhores atletas brasileiros na modalidade, est\u00e3o confirmados representantes de \u00c1frica do Sul, Alemanha, Austr\u00e1lia, \u00c1ustria, Argentina, B\u00e9lgica, Canad\u00e1, Col\u00f4mbia, Chile, Dinamarca, Estados Unidos, Eslov\u00e1quia, Eslov\u00eania, Espanha, Est\u00f4nia, Equador, Fran\u00e7a, Gr\u00e3 Bretanha, Holanda, Hungria, It\u00e1lia, Let\u00f4nia, M\u00e9xico, Nova Zel\u00e2ndia, Noruega, Pol\u00f4nia, Porto Rico, Portugal, Rep\u00fablica Tcheca, Rom\u00eania, Su\u00ed\u00e7a, Su\u00e9cia e Ucr\u00e2nia.<\/p>\n","protected":false},"excerpt":{"rendered":"<p>Organiza\u00e7\u00e3o local (CIMTB) j\u00e1 tem confirma\u00e7\u00e3o de mais de 100 atletas estrangeiros que vir\u00e3o para o evento, entre 18 e<\/p>\n","protected":false},"author":2,"featured_media":6822,"comment_status":"open","ping_status":"open","sticky":false,"template":"","format":"standard","meta":{"footnotes":""},"categories":[9,11,15],"tags":[],"class_list":["post-6821","post","type-post","status-publish","format-standard","has-post-thumbnail","hentry","category-araxa","category-destaques","category-esportes"],"_links":{"self":[{"href":"http:\/\/blogdoarmindomaia.com.br\/index.php?rest_route=\/wp\/v2\/posts\/6821","targetHints":{"allow":["GET"]}}],"collection":[{"href":"http:\/\/blogdoarmindomaia.com.br\/index.php?rest_route=\/wp\/v2\/posts"}],"about":[{"href":"http:\/\/blogdoarmindomaia.com.br\/index.php?rest_route=\/wp\/v2\/types\/post"}],"author":[{"embeddable":true,"href":"http:\/\/blogdoarmindomaia.com.br\/index.php?rest_route=\/wp\/v2\/users\/2"}],"replies":[{"embeddable":true,"href":"http:\/\/blogdoarmindomaia.com.br\/index.php?rest_route=%2Fwp%2Fv2%2Fcomments&post=6821"}],"version-history":[{"count":1,"href":"http:\/\/blogdoarmindomaia.com.br\/index.php?rest_route=\/wp\/v2\/posts\/6821\/revisions"}],"predecessor-version":[{"id":6823,"href":"http:\/\/blogdoarmindomaia.com.br\/index.php?rest_route=\/wp\/v2\/posts\/6821\/revisions\/6823"}],"wp:featuredmedia":[{"embeddable":true,"href":"http:\/\/blogdoarmindomaia.com.br\/index.php?rest_route=\/wp\/v2\/media\/6822"}],"wp:attachment":[{"href":"http:\/\/blogdoarmindomaia.com.br\/index.php?rest_route=%2Fwp%2Fv2%2Fmedia&parent=6821"}],"wp:term":[{"taxonomy":"category","embeddable":true,"href":"http:\/\/blogdoarmindomaia.com.br\/index.php?rest_route=%2Fwp%2Fv2%2Fcategories&post=6821"},{"taxonomy":"post_tag","embeddable":true,"href":"http:\/\/blogdoarmindomaia.com.br\/index.php?rest_route=%2Fwp%2Fv2%2Ftags&post=6821"}],"curies":[{"name":"wp","href":"https:\/\/api.w.org\/{rel}","templated":true}]}}