{"id":6840,"date":"2023-12-12T15:18:26","date_gmt":"2023-12-12T18:18:26","guid":{"rendered":"http:\/\/blogdoarmindomaia.com.br\/?p=6840"},"modified":"2023-12-12T15:18:27","modified_gmt":"2023-12-12T18:18:27","slug":"cbmm-apresenta-historia-de-mirthes-mirian-em-ultimo-episodio-da-serie-pessoas-que-transformam-de-2023","status":"publish","type":"post","link":"http:\/\/blogdoarmindomaia.com.br\/?p=6840","title":{"rendered":"CBMM apresenta hist\u00f3ria de Mirthes Mirian em \u00faltimo epis\u00f3dio da s\u00e9rie Pessoas que Transformam de 2023"},"content":{"rendered":"\n<p><em>Conhe\u00e7a a trajet\u00f3ria de uma mulher que dedica a vida a empoderar outras mulheres<\/em><\/p>\n\n\n\n\n\n<p>O \u00faltimo epis\u00f3dio da s\u00e9rie Pessoas que Transformam de 2023 conta a hist\u00f3ria de uma mulher que superou desafios pessoais e utiliza seus conhecimentos em prol da coletividade. Seu nome \u00e9 Mirthes Mirian Pereira, uma empreendedora que ajuda outras mulheres a identificar e conquistar seus sonhos.<\/p>\n\n\n\n<p>Sua hist\u00f3ria come\u00e7a h\u00e1 51 anos, quando nasceu na cidade de Arax\u00e1, em Minas Gerais. Mesmo sendo advertida por sua m\u00e3e sobre as barreiras raciais e culturais, que dizia: \u201cMinha filha, n\u00e3o sonhe alto n\u00e3o, porque preto n\u00e3o vai para frente\u201d, Mirthes n\u00e3o desistiu de seus objetivos.<\/p>\n\n\n\n<p>Quando adolescente, foi secret\u00e1ria e trabalhou em lavouras de caf\u00e9, batata e feij\u00e3o. Aos 21 anos, mudou-se com uma prima para Uberl\u00e2ndia, onde abriu seus horizontes, se interessando por reiki, ayurveda, yoga, dan\u00e7a afro e terapias alternativas, tendo a oportunidade de trabalhar com alguns projetos relacionados.<\/p>\n\n\n\n<p>Com a mala cheia de hist\u00f3rias e conhecimento, voltou \u00e0 Arax\u00e1 e, 24 anos ap\u00f3s concluir o ensino m\u00e9dio, formou-se no t\u00e3o sonhado curso de Pedagogia. \u201cEsses trabalhos me despertaram a vontade de transformar a vida das pessoas da mesma forma que transformaram a minha\u201d, afirmou Mirthes, justificando a cria\u00e7\u00e3o do projeto &#8220;Ser M\u00e1gico, Ser Mulher&#8221; um coletivo voltado para a sa\u00fade, educa\u00e7\u00e3o e empreendedorismo de mulheres, incluindo m\u00e3es de crian\u00e7as autistas. Esse trabalho a conectou com pessoas de todo o mundo e a levou a coescrever um livro.<\/p>\n\n\n\n<p>Al\u00e9m dessas experi\u00eancias, hoje, Mirthes \u00e9 master coach, escritora, palestrante, empreendedora e coordena o projeto Novas Primaveras, que acontece no Centro de Atendimento \u00e0 Mulher de Arax\u00e1, onde trabalha com mulheres 60+. Ela tamb\u00e9m \u00e9 fundadora dos projetos Meios M\u00faltiplos, Libertando \u00c1guias e do Cl\u00e3 de Pretas, destinada ao empoderamento, letramento racial e empreendedorismos das mulheres negras.<\/p>\n\n\n\n<p>A s\u00e9rie \u201cPessoas que Transformam\u201d \u00e9 uma iniciativa da CBMM para dar visibilidade aos agentes locais que atuam em prol das comunidades de Arax\u00e1. \u201cEncerramos o ano de 2023 com a hist\u00f3ria de Mirthes, uma figura conhecida e respeitada em Arax\u00e1, famosa por inspirar confian\u00e7a e esperan\u00e7a em mulheres. Que sua hist\u00f3ria seja exemplo de dedica\u00e7\u00e3o e de ajuda ao pr\u00f3ximo\u201d, afirma Bianca Escane, coordenadora de Comunica\u00e7\u00e3o Corporativa e Responsabilidade Social da CBMM.<\/p>\n\n\n\n<p>Para acompanhar a iniciativa e conhecer mais sobre a hist\u00f3ria de Mirthes Mirian e de outras pessoas que transformam, acesse o canal da CBMM no Youtube:&nbsp;<a href=\"https:\/\/www.youtube.com\/c\/CBMM-global\/videos\" target=\"_blank\" rel=\"noreferrer noopener\">https:\/\/www.youtube.com\/c\/CBMM-global\/videos<\/a><\/p>\n","protected":false},"excerpt":{"rendered":"<p>Conhe\u00e7a a trajet\u00f3ria de uma mulher que dedica a vida a empoderar outras mulheres O \u00faltimo epis\u00f3dio da s\u00e9rie Pessoas<\/p>\n","protected":false},"author":2,"featured_media":6841,"comment_status":"open","ping_status":"open","sticky":false,"template":"","format":"standard","meta":{"footnotes":""},"categories":[9,11],"tags":[],"class_list":["post-6840","post","type-post","status-publish","format-standard","has-post-thumbnail","hentry","category-araxa","category-destaques"],"_links":{"self":[{"href":"http:\/\/blogdoarmindomaia.com.br\/index.php?rest_route=\/wp\/v2\/posts\/6840","targetHints":{"allow":["GET"]}}],"collection":[{"href":"http:\/\/blogdoarmindomaia.com.br\/index.php?rest_route=\/wp\/v2\/posts"}],"about":[{"href":"http:\/\/blogdoarmindomaia.com.br\/index.php?rest_route=\/wp\/v2\/types\/post"}],"author":[{"embeddable":true,"href":"http:\/\/blogdoarmindomaia.com.br\/index.php?rest_route=\/wp\/v2\/users\/2"}],"replies":[{"embeddable":true,"href":"http:\/\/blogdoarmindomaia.com.br\/index.php?rest_route=%2Fwp%2Fv2%2Fcomments&post=6840"}],"version-history":[{"count":1,"href":"http:\/\/blogdoarmindomaia.com.br\/index.php?rest_route=\/wp\/v2\/posts\/6840\/revisions"}],"predecessor-version":[{"id":6842,"href":"http:\/\/blogdoarmindomaia.com.br\/index.php?rest_route=\/wp\/v2\/posts\/6840\/revisions\/6842"}],"wp:featuredmedia":[{"embeddable":true,"href":"http:\/\/blogdoarmindomaia.com.br\/index.php?rest_route=\/wp\/v2\/media\/6841"}],"wp:attachment":[{"href":"http:\/\/blogdoarmindomaia.com.br\/index.php?rest_route=%2Fwp%2Fv2%2Fmedia&parent=6840"}],"wp:term":[{"taxonomy":"category","embeddable":true,"href":"http:\/\/blogdoarmindomaia.com.br\/index.php?rest_route=%2Fwp%2Fv2%2Fcategories&post=6840"},{"taxonomy":"post_tag","embeddable":true,"href":"http:\/\/blogdoarmindomaia.com.br\/index.php?rest_route=%2Fwp%2Fv2%2Ftags&post=6840"}],"curies":[{"name":"wp","href":"https:\/\/api.w.org\/{rel}","templated":true}]}}