{"id":6846,"date":"2023-12-14T14:17:36","date_gmt":"2023-12-14T17:17:36","guid":{"rendered":"http:\/\/blogdoarmindomaia.com.br\/?p=6846"},"modified":"2023-12-14T14:17:38","modified_gmt":"2023-12-14T17:17:38","slug":"sala-mineira-do-empreendedor-de-araxa-ja-supera-recorde-de-atendimentos-de-2023","status":"publish","type":"post","link":"http:\/\/blogdoarmindomaia.com.br\/?p=6846","title":{"rendered":"Sala Mineira do Empreendedor de Arax\u00e1 j\u00e1 supera recorde de atendimentos de 2023"},"content":{"rendered":"\n<figure class=\"wp-block-image size-full is-style-default\"><img loading=\"lazy\" decoding=\"async\" width=\"1025\" height=\"683\" src=\"http:\/\/blogdoarmindomaia.com.br\/wp-content\/uploads\/2023\/12\/Sala-Mineira-do-Empreendedor-de-Araxa-ja-supera-recorde-de-atendimentos-de-2023-pag-08-1.jpg\" alt=\"\" class=\"wp-image-6848\" srcset=\"http:\/\/blogdoarmindomaia.com.br\/wp-content\/uploads\/2023\/12\/Sala-Mineira-do-Empreendedor-de-Araxa-ja-supera-recorde-de-atendimentos-de-2023-pag-08-1.jpg 1025w, http:\/\/blogdoarmindomaia.com.br\/wp-content\/uploads\/2023\/12\/Sala-Mineira-do-Empreendedor-de-Araxa-ja-supera-recorde-de-atendimentos-de-2023-pag-08-1-300x200.jpg 300w, http:\/\/blogdoarmindomaia.com.br\/wp-content\/uploads\/2023\/12\/Sala-Mineira-do-Empreendedor-de-Araxa-ja-supera-recorde-de-atendimentos-de-2023-pag-08-1-768x512.jpg 768w\" sizes=\"auto, (max-width: 1025px) 100vw, 1025px\" \/><\/figure>\n\n\n\n<p>Aprimorar e simplificar o ambiente de neg\u00f3cios, oferecendo apoio para empreendimentos de todos os portes. Este \u00e9 o objetivo da Sala Mineira do Empreendedor de Arax\u00e1.<br><br>Lan\u00e7ada em 2021 por meio de parceria entre a Prefeitura de Arax\u00e1, Servi\u00e7o Brasileiro de Apoio \u00e0s Micro e Pequenas Empresas em Minas Gerais (Sebrae Minas), Junta Comercial do Estado de Minas Gerais (Jucemg) e Sindicato do Com\u00e9rcio de Arax\u00e1 (Sindicom\u00e9rcio), a Sala Mineira oferece um atendimento exclusivo aos empreendedores do munic\u00edpio.<br><br>S\u00e3o orienta\u00e7\u00f5es sobre formaliza\u00e7\u00e3o e baixa de empresas, altera\u00e7\u00f5es cadastrais, inscri\u00e7\u00f5es municipais e estaduais, emiss\u00e3o de notas fiscais, renegocia\u00e7\u00f5es de d\u00edvidas e servi\u00e7os exclusivos para Microempreendedores Individuais (MEI) e capacita\u00e7\u00f5es que visam facilitar o acesso aos servi\u00e7os necess\u00e1rios para a abertura de empresas atrav\u00e9s do Programa Arax\u00e1 Empreendedora.<br><br>Em 2023, de janeiro a novembro, foram registrados 11.887 atendimentos, que j\u00e1 \u00e9 o maior n\u00famero desde sua inaugura\u00e7\u00e3o, antes mesmo de fechar o ano. O m\u00eas de maior procura foi em mar\u00e7o, com 1.521 atendimentos.<br><br>De acordo com a agente da Sala Mineira, Janete Marina Rezende da Cunha, este resultado \u00e9 consequ\u00eancia da importante parceria entre Administra\u00e7\u00e3o P\u00fablica e institui\u00e7\u00f5es que buscam o crescimento econ\u00f4mico do Munic\u00edpio.<br><br>\u201cHoje, a Sala Mineira \u00e9 uma refer\u00eancia para o microempreendedor individual de Arax\u00e1, \u00e9 um espa\u00e7o onde ele se sente seguro para resolver qualquer situa\u00e7\u00e3o referente ao seu empreendimento. Desde que a Sala Mineira foi inaugurada, j\u00e1 efetuamos mais de 20 mil atendimentos, e hoje este mesmo MEI impacta em mais de R$ 30 mil mensais de arrecada\u00e7\u00e3o ao Munic\u00edpio. Por isso, a Sala Mineira sempre reafirma a este p\u00fablico sobre a import\u00e2ncia de sua contribui\u00e7\u00e3o para melhor andamento e mais efici\u00eancia em seu neg\u00f3cio\u201d, afirma.<br><br>Dilma Carneiro j\u00e1 precisou do atendimento da Sala Mineira e conta sobre a experi\u00eancia e acolhimento que recebeu da equipe.<br><br>\u201cEu aprendi muito com a equipe da Sala Mineira, pois pelo pouco estudo que tenho, encontrei ali um la\u00e7o de confian\u00e7a com as atendentes. N\u00e3o tenho palavras para descrever a disposi\u00e7\u00e3o que possuem em me ajudar nos momentos em que preciso tirar minhas d\u00favidas. Recebi um atendimento de excel\u00eancia, com certeza\u201d, conta.<br><br>A Sala Mineira do Empreendedor fica na sede do Sindicom\u00e9rcio Arax\u00e1, na rua Dr. Edmar Cunha, n\u00ba 260, no bairro Santa Terezinha. O atendimento tamb\u00e9m \u00e9 realizado por meio do WhatsApp (34) 9 9900-3357. Possui ainda o Instagram (@salamineiraaraxa), onde s\u00e3o divulgadas as principais informa\u00e7\u00f5es para o MEI.<br><br>Atendimentos<br><br>&#8211; 2021 (a partir de junho): 1.620 atendimentos;<br><br>&#8211; 2022: 7.547 atendimentos;<br><br>&#8211; 2023 (at\u00e9 novembro): 11.887 atendimentos.<\/p>\n","protected":false},"excerpt":{"rendered":"<p>Aprimorar e simplificar o ambiente de neg\u00f3cios, oferecendo apoio para empreendimentos de todos os portes. Este \u00e9 o objetivo da<\/p>\n","protected":false},"author":2,"featured_media":6847,"comment_status":"open","ping_status":"open","sticky":false,"template":"","format":"standard","meta":{"footnotes":""},"categories":[9,11],"tags":[],"class_list":["post-6846","post","type-post","status-publish","format-standard","has-post-thumbnail","hentry","category-araxa","category-destaques"],"_links":{"self":[{"href":"http:\/\/blogdoarmindomaia.com.br\/index.php?rest_route=\/wp\/v2\/posts\/6846","targetHints":{"allow":["GET"]}}],"collection":[{"href":"http:\/\/blogdoarmindomaia.com.br\/index.php?rest_route=\/wp\/v2\/posts"}],"about":[{"href":"http:\/\/blogdoarmindomaia.com.br\/index.php?rest_route=\/wp\/v2\/types\/post"}],"author":[{"embeddable":true,"href":"http:\/\/blogdoarmindomaia.com.br\/index.php?rest_route=\/wp\/v2\/users\/2"}],"replies":[{"embeddable":true,"href":"http:\/\/blogdoarmindomaia.com.br\/index.php?rest_route=%2Fwp%2Fv2%2Fcomments&post=6846"}],"version-history":[{"count":1,"href":"http:\/\/blogdoarmindomaia.com.br\/index.php?rest_route=\/wp\/v2\/posts\/6846\/revisions"}],"predecessor-version":[{"id":6849,"href":"http:\/\/blogdoarmindomaia.com.br\/index.php?rest_route=\/wp\/v2\/posts\/6846\/revisions\/6849"}],"wp:featuredmedia":[{"embeddable":true,"href":"http:\/\/blogdoarmindomaia.com.br\/index.php?rest_route=\/wp\/v2\/media\/6847"}],"wp:attachment":[{"href":"http:\/\/blogdoarmindomaia.com.br\/index.php?rest_route=%2Fwp%2Fv2%2Fmedia&parent=6846"}],"wp:term":[{"taxonomy":"category","embeddable":true,"href":"http:\/\/blogdoarmindomaia.com.br\/index.php?rest_route=%2Fwp%2Fv2%2Fcategories&post=6846"},{"taxonomy":"post_tag","embeddable":true,"href":"http:\/\/blogdoarmindomaia.com.br\/index.php?rest_route=%2Fwp%2Fv2%2Ftags&post=6846"}],"curies":[{"name":"wp","href":"https:\/\/api.w.org\/{rel}","templated":true}]}}