{"id":6851,"date":"2023-12-14T14:20:19","date_gmt":"2023-12-14T17:20:19","guid":{"rendered":"http:\/\/blogdoarmindomaia.com.br\/?p=6851"},"modified":"2023-12-14T14:20:21","modified_gmt":"2023-12-14T17:20:21","slug":"festnatal-anuncia-gian-giovani-e-espetaculo-infantil-do-sitio-do-pica-pau-amarelo","status":"publish","type":"post","link":"http:\/\/blogdoarmindomaia.com.br\/?p=6851","title":{"rendered":"FestNatal anuncia Gian &amp; Giovani e espet\u00e1culo infantil do S\u00edtio do Pica-Pau Amarelo"},"content":{"rendered":"\n<p><em>Grandes apresenta\u00e7\u00f5es prometem movimentar o Expominas Arax\u00e1 at\u00e9 o dia 23<\/em><\/p>\n\n\n\n<figure class=\"wp-block-image size-large is-style-default\"><img loading=\"lazy\" decoding=\"async\" width=\"1024\" height=\"568\" src=\"http:\/\/blogdoarmindomaia.com.br\/wp-content\/uploads\/2023\/12\/FestNatal-anuncia-Gian-Giovani-pag-06-1024x568.jpg\" alt=\"\" class=\"wp-image-6852\" srcset=\"http:\/\/blogdoarmindomaia.com.br\/wp-content\/uploads\/2023\/12\/FestNatal-anuncia-Gian-Giovani-pag-06-1024x568.jpg 1024w, http:\/\/blogdoarmindomaia.com.br\/wp-content\/uploads\/2023\/12\/FestNatal-anuncia-Gian-Giovani-pag-06-300x166.jpg 300w, http:\/\/blogdoarmindomaia.com.br\/wp-content\/uploads\/2023\/12\/FestNatal-anuncia-Gian-Giovani-pag-06-768x426.jpg 768w, http:\/\/blogdoarmindomaia.com.br\/wp-content\/uploads\/2023\/12\/FestNatal-anuncia-Gian-Giovani-pag-06-800x445.jpg 800w, http:\/\/blogdoarmindomaia.com.br\/wp-content\/uploads\/2023\/12\/FestNatal-anuncia-Gian-Giovani-pag-06.jpg 1220w\" sizes=\"auto, (max-width: 1024px) 100vw, 1024px\" \/><\/figure>\n\n\n\n<p>O mist\u00e9rio finalmente terminou. Na noite de ter\u00e7a-feira (12) o FestNatal anunciou a atra\u00e7\u00e3o surpresa desta edi\u00e7\u00e3o. A dupla Gian &amp; Giovani se apresenta no palco do festival no pr\u00f3ximo dia 18, v\u00e9spera do feriado do anivers\u00e1rio de Arax\u00e1. &#8220;Mais uma vez queremos presentear a cidade com um grande espet\u00e1culo. Um show especial com um dos principais nomes do sertanejo para mais uma vez comemorarmos a alegria de sermos araxaenses e de vivermos nessa terra aben\u00e7oada&#8221;, diz Elisa Bai\u00e3o Mac\u00eado, presidente da Funda\u00e7\u00e3o Cultural Acia (Facia).<\/p>\n\n\n\n<p>A hist\u00f3ria de sucesso da dupla Gian &amp; Giovani, que \u00e9 uma das mais consagradas do Brasil, come\u00e7ou em Franca, interior de S\u00e3o Paulo, quando os irm\u00e3os Aparecido e Marcelo, ainda crian\u00e7as, tocavam viol\u00e3o escondido do pai. A brincadeira foi ficando s\u00e9ria.<\/p>\n\n\n\n<p>O primeiro grande sucesso da dupla foi \u201cAmante An\u00f4nimo\u201d, seguindo por \u201cEspuma de Cerveja\u201d, \u201cVoc\u00ea em Minha Vida\u201d, entre outras, garantindo a presen\u00e7a de Gian &amp; Giovani nas paradas de sucesso do Brasil. No segundo LP, a dupla Gian &amp; Giovani alcan\u00e7ou a vendagem de, aproximadamente, 400 mil c\u00f3pias. A m\u00fasica \u201cNem Dormindo Consigo Te Esquecer\u201d ganhou v\u00e1rios pr\u00eamios. O \u00faltimo trabalho foi uma homenagem a m\u00fasica sertaneja e a dupla Jo\u00e3o Mineiro e Marciano com 30 sucessos que marcaram as gera\u00e7\u00f5es passadas.<\/p>\n\n\n\n<p>O show no FestNatal ser\u00e1 um encontro entre o presente e o passado e tamb\u00e9m entre o p\u00fablico de Arax\u00e1 e uma das duplas mais queridas do pa\u00eds.<\/p>\n\n\n\n<p><strong>Para todos<\/strong><\/p>\n\n\n\n<p>O FestNatal Arax\u00e1 oferece acessibilidade em toda sua programa\u00e7\u00e3o. As atividades do palco t\u00eam tradu\u00e7\u00e3o simult\u00e2nea em Libras. A estrutura f\u00edsica foi pensada para garantir que pessoas que utilizam cadeiras de roda ou tenham outras necessidades especiais de locomo\u00e7\u00e3o possam transitar em todos os espa\u00e7os.<\/p>\n\n\n\n<p>A organiza\u00e7\u00e3o do evento tamb\u00e9m oferece o atendimento personalizado para pessoas com defici\u00eancia visual, que devem solicitar audiodescri\u00e7\u00e3o com&nbsp;anteced\u00eancia.<\/p>\n\n\n\n<p><strong>FestNatal Arax\u00e1<\/strong><\/p>\n\n\n\n<p>O FestNatal Arax\u00e1 \u00e9 o maior festival natalino de Minas Gerais. Neste ano o evento ocorre entre os dias 8 e 23 de dezembro no Expominas Arax\u00e1 com entrada gratuita e atra\u00e7\u00f5es de m\u00fasica, teatro, dan\u00e7a e muito mais.<\/p>\n\n\n\n<p>O FestNatal Arax\u00e1 tem a apresenta\u00e7\u00e3o do Minist\u00e9rio da Cultura e da CBMM. \u00c9 realizado pela Lei Federal de Incentivo \u00e0 Cultura com o patroc\u00ednio Master da CBMM. Tem o patroc\u00ednio de Zema Seguros, Bem Brasil, Codemge e Governo do Estado de Minas Gerais, com o apoio da ACIA Arax\u00e1, Sicoob Crediara, Prefeitura Municipal de Arax\u00e1 e Condor Eventos. Uma realiza\u00e7\u00e3o da Funda\u00e7\u00e3o Cultural Acia e Minist\u00e9rio da Cultura do Governo Federal.<\/p>\n","protected":false},"excerpt":{"rendered":"<p>Grandes apresenta\u00e7\u00f5es prometem movimentar o Expominas Arax\u00e1 at\u00e9 o dia 23 O mist\u00e9rio finalmente terminou. Na noite de ter\u00e7a-feira (12)<\/p>\n","protected":false},"author":2,"featured_media":6852,"comment_status":"open","ping_status":"open","sticky":false,"template":"","format":"standard","meta":{"footnotes":""},"categories":[9,5,11],"tags":[],"class_list":["post-6851","post","type-post","status-publish","format-standard","has-post-thumbnail","hentry","category-araxa","category-arte-e-cultura","category-destaques"],"_links":{"self":[{"href":"http:\/\/blogdoarmindomaia.com.br\/index.php?rest_route=\/wp\/v2\/posts\/6851","targetHints":{"allow":["GET"]}}],"collection":[{"href":"http:\/\/blogdoarmindomaia.com.br\/index.php?rest_route=\/wp\/v2\/posts"}],"about":[{"href":"http:\/\/blogdoarmindomaia.com.br\/index.php?rest_route=\/wp\/v2\/types\/post"}],"author":[{"embeddable":true,"href":"http:\/\/blogdoarmindomaia.com.br\/index.php?rest_route=\/wp\/v2\/users\/2"}],"replies":[{"embeddable":true,"href":"http:\/\/blogdoarmindomaia.com.br\/index.php?rest_route=%2Fwp%2Fv2%2Fcomments&post=6851"}],"version-history":[{"count":1,"href":"http:\/\/blogdoarmindomaia.com.br\/index.php?rest_route=\/wp\/v2\/posts\/6851\/revisions"}],"predecessor-version":[{"id":6853,"href":"http:\/\/blogdoarmindomaia.com.br\/index.php?rest_route=\/wp\/v2\/posts\/6851\/revisions\/6853"}],"wp:featuredmedia":[{"embeddable":true,"href":"http:\/\/blogdoarmindomaia.com.br\/index.php?rest_route=\/wp\/v2\/media\/6852"}],"wp:attachment":[{"href":"http:\/\/blogdoarmindomaia.com.br\/index.php?rest_route=%2Fwp%2Fv2%2Fmedia&parent=6851"}],"wp:term":[{"taxonomy":"category","embeddable":true,"href":"http:\/\/blogdoarmindomaia.com.br\/index.php?rest_route=%2Fwp%2Fv2%2Fcategories&post=6851"},{"taxonomy":"post_tag","embeddable":true,"href":"http:\/\/blogdoarmindomaia.com.br\/index.php?rest_route=%2Fwp%2Fv2%2Ftags&post=6851"}],"curies":[{"name":"wp","href":"https:\/\/api.w.org\/{rel}","templated":true}]}}