{"id":6854,"date":"2023-12-14T14:26:29","date_gmt":"2023-12-14T17:26:29","guid":{"rendered":"http:\/\/blogdoarmindomaia.com.br\/?p=6854"},"modified":"2023-12-14T14:26:31","modified_gmt":"2023-12-14T17:26:31","slug":"feira-no-colegio-sao-domingos-destaca-a-forca-e-a-relevancia-do-empreendedorismo-jovem","status":"publish","type":"post","link":"http:\/\/blogdoarmindomaia.com.br\/?p=6854","title":{"rendered":"Feira no Col\u00e9gio S\u00e3o Domingos destaca a for\u00e7a e a relev\u00e2ncia do empreendedorismo jovem"},"content":{"rendered":"\n<p><\/p>\n\n\n\n<figure class=\"wp-block-image size-full is-style-default\"><img loading=\"lazy\" decoding=\"async\" width=\"1024\" height=\"683\" src=\"http:\/\/blogdoarmindomaia.com.br\/wp-content\/uploads\/2023\/12\/CSD-apresenta-projeto-piloto-de-atividades-culturais-pag-11.jpg\" alt=\"\" class=\"wp-image-6855\" srcset=\"http:\/\/blogdoarmindomaia.com.br\/wp-content\/uploads\/2023\/12\/CSD-apresenta-projeto-piloto-de-atividades-culturais-pag-11.jpg 1024w, http:\/\/blogdoarmindomaia.com.br\/wp-content\/uploads\/2023\/12\/CSD-apresenta-projeto-piloto-de-atividades-culturais-pag-11-300x200.jpg 300w, http:\/\/blogdoarmindomaia.com.br\/wp-content\/uploads\/2023\/12\/CSD-apresenta-projeto-piloto-de-atividades-culturais-pag-11-768x512.jpg 768w\" sizes=\"auto, (max-width: 1024px) 100vw, 1024px\" \/><\/figure>\n\n\n\n<p>O Col\u00e9gio S\u00e3o Domingos, em Arax\u00e1, se tornou, nos \u00faltimos meses, uma verdadeira incubadora de empresas. \u00c9 o projeto \u201cMiniempresas\u201d, iniciativa que proporciona aos estudantes do 9\u00ba Ano uma experi\u00eancia pr\u00e1tica quanto \u00e0 organiza\u00e7\u00e3o e operacionaliza\u00e7\u00e3o de um empreendimento.<\/p>\n\n\n\n<p>Desenvolvido ao longo de sete semanas, o programa mergulhou os alunos no universo empresarial, proporcionando aprendizado sobre conceitos fundamentais, a import\u00e2ncia da economia de mercado e as responsabilidades do empreendedor. Os resultados surpreenderam todos os envolvidos. \u201cFicamos impressionados com a organiza\u00e7\u00e3o e com os empreendimentos promissores que surgiram a partir do trabalho interdisciplinar\u201d, conta a professora M\u00e1rcia Prado.<\/p>\n\n\n\n<p><strong>M\u00e3os \u00e0 obra<\/strong><\/p>\n\n\n\n<p>Durante o projeto, os alunos n\u00e3o apenas absorveram conhecimentos te\u00f3ricos, mas tamb\u00e9m colocaram a &#8220;m\u00e3o na massa&#8221;. Realizaram pesquisas de mercado, estudaram a viabilidade do produto, avaliaram a concorr\u00eancia e analisaram os atributos socioambientais envolvidos na produ\u00e7\u00e3o e comercializa\u00e7\u00e3o. A partir dessas informa\u00e7\u00f5es, cada equipe criou um nome e logomarca exclusivos para sua miniempresa, agregando identidade e personalidade ao projeto.<\/p>\n\n\n\n<p>Com essa etapa conclu\u00edda, os estudantes direcionaram seus esfor\u00e7os para o controle de estoque, vendas e produ\u00e7\u00e3o. A fabrica\u00e7\u00e3o dos produtos proporcionou aos estudantes desde habilidades pr\u00e1ticas at\u00e9 o c\u00e1lculo de impostos, proporcionando-lhes uma vis\u00e3o abrangente sobre os desafios enfrentados por empreendedores na vida real.<\/p>\n\n\n\n<p><strong>Interdisciplinaridade em a\u00e7\u00e3o<\/strong><\/p>\n\n\n\n<p>O projeto \u201cMiniempresas\u201d, no Col\u00e9gio S\u00e3o Domingos, \u00e9 um trabalho interdisciplinar conduzido pelos professores M\u00e1rcia Prado e Adriano Petta, envolvendo as disciplinas de Matem\u00e1tica e Ingl\u00eas. \u201cEssa abordagem integrada fortalece a aplica\u00e7\u00e3o pr\u00e1tica dos conhecimentos adquiridos em sala de aula, preparando os estudantes para os desafios do mundo real\u201d, ressalta o professor Adriano Petta.<\/p>\n\n\n\n<p><strong>21 empresas, uma li\u00e7\u00e3o de empreendedorismo<\/strong><\/p>\n\n\n\n<p>Ao todo, 21 miniempresas foram criadas durante o projeto, demonstrando a participa\u00e7\u00e3o ativa dos alunos, a diversidade de ideias e abordagens. Cada equipe apresentou sua vis\u00e3o, de acordo com o estudo sobre o mercado, refletindo a criatividade e o esp\u00edrito empreendedor instigados pelo programa.<\/p>\n\n\n\n<p><strong>Feira do Empreendedor: culmin\u00e2ncia do trabalho<\/strong> Para encerrar as atividades do projeto \u201cMiniempresas\u201d, aconteceu &nbsp;no Col\u00e9gio S\u00e3o Domingos a 1\u00aa Feira do Empreendedor, no dia 24 de novembro. &nbsp;Os produtos desenvolvidos pelos estudantes estiveramo em destaque, dispon\u00edveis para apresenta\u00e7\u00e3o e venda. Os recursos arrecadados ser\u00e3o revertidos para a festa de encerramento das turmas, fechando o ciclo do projeto com celebra\u00e7\u00e3o e reconhecimento dos esfor\u00e7os dos jovens empreendedores.<\/p>\n","protected":false},"excerpt":{"rendered":"<p>O Col\u00e9gio S\u00e3o Domingos, em Arax\u00e1, se tornou, nos \u00faltimos meses, uma verdadeira incubadora de empresas. \u00c9 o projeto \u201cMiniempresas\u201d,<\/p>\n","protected":false},"author":2,"featured_media":6855,"comment_status":"open","ping_status":"open","sticky":false,"template":"","format":"standard","meta":{"footnotes":""},"categories":[9,11,13],"tags":[],"class_list":["post-6854","post","type-post","status-publish","format-standard","has-post-thumbnail","hentry","category-araxa","category-destaques","category-educacao"],"_links":{"self":[{"href":"http:\/\/blogdoarmindomaia.com.br\/index.php?rest_route=\/wp\/v2\/posts\/6854","targetHints":{"allow":["GET"]}}],"collection":[{"href":"http:\/\/blogdoarmindomaia.com.br\/index.php?rest_route=\/wp\/v2\/posts"}],"about":[{"href":"http:\/\/blogdoarmindomaia.com.br\/index.php?rest_route=\/wp\/v2\/types\/post"}],"author":[{"embeddable":true,"href":"http:\/\/blogdoarmindomaia.com.br\/index.php?rest_route=\/wp\/v2\/users\/2"}],"replies":[{"embeddable":true,"href":"http:\/\/blogdoarmindomaia.com.br\/index.php?rest_route=%2Fwp%2Fv2%2Fcomments&post=6854"}],"version-history":[{"count":1,"href":"http:\/\/blogdoarmindomaia.com.br\/index.php?rest_route=\/wp\/v2\/posts\/6854\/revisions"}],"predecessor-version":[{"id":6856,"href":"http:\/\/blogdoarmindomaia.com.br\/index.php?rest_route=\/wp\/v2\/posts\/6854\/revisions\/6856"}],"wp:featuredmedia":[{"embeddable":true,"href":"http:\/\/blogdoarmindomaia.com.br\/index.php?rest_route=\/wp\/v2\/media\/6855"}],"wp:attachment":[{"href":"http:\/\/blogdoarmindomaia.com.br\/index.php?rest_route=%2Fwp%2Fv2%2Fmedia&parent=6854"}],"wp:term":[{"taxonomy":"category","embeddable":true,"href":"http:\/\/blogdoarmindomaia.com.br\/index.php?rest_route=%2Fwp%2Fv2%2Fcategories&post=6854"},{"taxonomy":"post_tag","embeddable":true,"href":"http:\/\/blogdoarmindomaia.com.br\/index.php?rest_route=%2Fwp%2Fv2%2Ftags&post=6854"}],"curies":[{"name":"wp","href":"https:\/\/api.w.org\/{rel}","templated":true}]}}