{"id":686,"date":"2022-05-06T20:47:21","date_gmt":"2022-05-06T23:47:21","guid":{"rendered":"http:\/\/blogdoarmindomaia.com.br\/?p=686"},"modified":"2022-05-06T20:47:23","modified_gmt":"2022-05-06T23:47:23","slug":"comeca-a-montagem-da-estrutura-do-festival-saberes-e-sabores","status":"publish","type":"post","link":"http:\/\/blogdoarmindomaia.com.br\/?p=686","title":{"rendered":"Come\u00e7a a montagem da estrutura do Festival Saberes e Sabores"},"content":{"rendered":"\n<figure class=\"wp-block-image size-large is-style-default\"><img loading=\"lazy\" decoding=\"async\" width=\"1024\" height=\"768\" src=\"http:\/\/blogdoarmindomaia.com.br\/wp-content\/uploads\/2022\/05\/ss_8-1024x768.jpg\" alt=\"\" class=\"wp-image-688\" srcset=\"http:\/\/blogdoarmindomaia.com.br\/wp-content\/uploads\/2022\/05\/ss_8-1024x768.jpg 1024w, http:\/\/blogdoarmindomaia.com.br\/wp-content\/uploads\/2022\/05\/ss_8-300x225.jpg 300w, http:\/\/blogdoarmindomaia.com.br\/wp-content\/uploads\/2022\/05\/ss_8-768x576.jpg 768w, http:\/\/blogdoarmindomaia.com.br\/wp-content\/uploads\/2022\/05\/ss_8-1536x1152.jpg 1536w, http:\/\/blogdoarmindomaia.com.br\/wp-content\/uploads\/2022\/05\/ss_8.jpg 1600w\" sizes=\"auto, (max-width: 1024px) 100vw, 1024px\" \/><\/figure>\n\n\n\n<figure class=\"wp-block-image size-large is-style-default\"><img loading=\"lazy\" decoding=\"async\" width=\"1024\" height=\"768\" src=\"http:\/\/blogdoarmindomaia.com.br\/wp-content\/uploads\/2022\/05\/ss_3-1024x768.jpg\" alt=\"\" class=\"wp-image-687\" srcset=\"http:\/\/blogdoarmindomaia.com.br\/wp-content\/uploads\/2022\/05\/ss_3-1024x768.jpg 1024w, http:\/\/blogdoarmindomaia.com.br\/wp-content\/uploads\/2022\/05\/ss_3-300x225.jpg 300w, http:\/\/blogdoarmindomaia.com.br\/wp-content\/uploads\/2022\/05\/ss_3-768x576.jpg 768w, http:\/\/blogdoarmindomaia.com.br\/wp-content\/uploads\/2022\/05\/ss_3-1536x1152.jpg 1536w, http:\/\/blogdoarmindomaia.com.br\/wp-content\/uploads\/2022\/05\/ss_3.jpg 1600w\" sizes=\"auto, (max-width: 1024px) 100vw, 1024px\" \/><\/figure>\n\n\n\n<p><em>Tendas e palco receber\u00e3o atra\u00e7\u00f5es culturais e gastron\u00f4micas<\/em><\/p>\n\n\n\n<p>Dezenas de trabalhadores est\u00e3o empenhados na montagem da estrutura do Festival Saberes e Sabores de Arax\u00e1 que come\u00e7a no pr\u00f3ximo dia 11 (quarta). Neste ano, o evento ganha casa nova e surpreender\u00e1 o p\u00fablico com instala\u00e7\u00f5es que misturam as belezas arquitet\u00f4nicas da lateral direita do Grande Hotel, em um espa\u00e7o j\u00e1 florido pelos bouganvilles e os jardins projetados por Burle Marx, um atrativo \u00e0 parte.<\/p>\n\n\n\n<p>Ser\u00e3o 24 estandes gastron\u00f4micos, divididos em tr\u00eas setores, al\u00e9m de uma \u00e1rea espec\u00edfica para&nbsp;<em>food trucks<\/em>&nbsp;e um palco por onde passar\u00e3o atra\u00e7\u00f5es culturais do evento. Est\u00e3o confirmadas apresenta\u00e7\u00f5es de bandas de m\u00fasica instrumental em ritmos como jazz, blues, rock, cl\u00e1ssicos e MPB.<\/p>\n\n\n\n<p>Para completar o clima intimista, oficinas, degusta\u00e7\u00f5es (caf\u00e9s, gin, vinho e cacha\u00e7a), produtos da terra, espa\u00e7o para as mais variadas formas de express\u00e3o cultural e art\u00edstica, seguran\u00e7a e conforto para os visitantes tornam-se ingredientes sempre presentes no festival.<\/p>\n\n\n\n<p>A programa\u00e7\u00e3o completa ser\u00e1 divulgada em breve.<\/p>\n\n\n\n<p><strong>Hist\u00f3rico<\/strong><\/p>\n\n\n\n<p>O Festival Saberes e Sabores ganhou o formato atual, que tem como foco a promo\u00e7\u00e3o dos valores locais e regionais, a partir de 2016. O evento foi inspirado na obra de seu idealizador. No livro de mesmo nome, o autor Armando de Angelis, narra per\u00edodos da hist\u00f3ria de Arax\u00e1 e da sua gastronomia. Armando traz para o festival, al\u00e9m da inspira\u00e7\u00e3o, seu renome e a experi\u00eancia na realiza\u00e7\u00e3o de grandes eventos gastron\u00f4micos. J\u00e1 passaram pelo festival os chefes franceses Claude Troisgros e \u00c9rick Jacquin e atra\u00e7\u00f5es musicais como Derico &amp; Sindicato do Jazz, Swiss College Dixie Band e Pepeu Gomes.<\/p>\n\n\n\n<p>O Festival Saberes e Sabores de Arax\u00e1 \u00e9 promovido pela Funda\u00e7\u00e3o Cultural Acia (Facia) e tem o patroc\u00ednio m\u00e1ster da Companhia Brasileira de Metalurgia e Minera\u00e7\u00e3o (CBMM), atrav\u00e9s da Lei de Incentivo \u00e0 Cultura, da Secretaria Especial de Cultura do Minist\u00e9rio do Turismo.&nbsp; Patroc\u00ednio: Mart Minas e Zema. Apoio da Prefeitura Municipal de Arax\u00e1.<\/p>\n\n\n\n<p><strong>Servi\u00e7o<\/strong><\/p>\n\n\n\n<p><strong><em>Festival Saberes e Sabores<\/em><\/strong><\/p>\n\n\n\n<p><strong>Data<\/strong>: 11 a 15 de maio<\/p>\n\n\n\n<p><strong>Local<\/strong>: Grande Hotel<\/p>\n\n\n\n<p><strong>Informa\u00e7\u00f5es<\/strong>:<\/p>\n\n\n\n<p>@saberesesaboresdearaxa<\/p>\n","protected":false},"excerpt":{"rendered":"<p>Tendas e palco receber\u00e3o atra\u00e7\u00f5es culturais e gastron\u00f4micas Dezenas de trabalhadores est\u00e3o empenhados na montagem da estrutura do Festival Saberes<\/p>\n","protected":false},"author":2,"featured_media":687,"comment_status":"open","ping_status":"open","sticky":false,"template":"","format":"standard","meta":{"footnotes":""},"categories":[9,5],"tags":[],"class_list":["post-686","post","type-post","status-publish","format-standard","has-post-thumbnail","hentry","category-araxa","category-arte-e-cultura"],"_links":{"self":[{"href":"http:\/\/blogdoarmindomaia.com.br\/index.php?rest_route=\/wp\/v2\/posts\/686","targetHints":{"allow":["GET"]}}],"collection":[{"href":"http:\/\/blogdoarmindomaia.com.br\/index.php?rest_route=\/wp\/v2\/posts"}],"about":[{"href":"http:\/\/blogdoarmindomaia.com.br\/index.php?rest_route=\/wp\/v2\/types\/post"}],"author":[{"embeddable":true,"href":"http:\/\/blogdoarmindomaia.com.br\/index.php?rest_route=\/wp\/v2\/users\/2"}],"replies":[{"embeddable":true,"href":"http:\/\/blogdoarmindomaia.com.br\/index.php?rest_route=%2Fwp%2Fv2%2Fcomments&post=686"}],"version-history":[{"count":1,"href":"http:\/\/blogdoarmindomaia.com.br\/index.php?rest_route=\/wp\/v2\/posts\/686\/revisions"}],"predecessor-version":[{"id":689,"href":"http:\/\/blogdoarmindomaia.com.br\/index.php?rest_route=\/wp\/v2\/posts\/686\/revisions\/689"}],"wp:featuredmedia":[{"embeddable":true,"href":"http:\/\/blogdoarmindomaia.com.br\/index.php?rest_route=\/wp\/v2\/media\/687"}],"wp:attachment":[{"href":"http:\/\/blogdoarmindomaia.com.br\/index.php?rest_route=%2Fwp%2Fv2%2Fmedia&parent=686"}],"wp:term":[{"taxonomy":"category","embeddable":true,"href":"http:\/\/blogdoarmindomaia.com.br\/index.php?rest_route=%2Fwp%2Fv2%2Fcategories&post=686"},{"taxonomy":"post_tag","embeddable":true,"href":"http:\/\/blogdoarmindomaia.com.br\/index.php?rest_route=%2Fwp%2Fv2%2Ftags&post=686"}],"curies":[{"name":"wp","href":"https:\/\/api.w.org\/{rel}","templated":true}]}}