{"id":6873,"date":"2023-12-18T17:05:34","date_gmt":"2023-12-18T20:05:34","guid":{"rendered":"http:\/\/blogdoarmindomaia.com.br\/?p=6873"},"modified":"2023-12-18T17:05:36","modified_gmt":"2023-12-18T20:05:36","slug":"camara-aprova-loa-2024-com-receita-total-estimada-em-r-736-milhoes","status":"publish","type":"post","link":"http:\/\/blogdoarmindomaia.com.br\/?p=6873","title":{"rendered":"C\u00e2mara aprova LOA 2024 com receita total estimada em R$ 736 milh\u00f5es"},"content":{"rendered":"\n<figure class=\"wp-block-image size-large is-style-default\"><img loading=\"lazy\" decoding=\"async\" width=\"1024\" height=\"768\" src=\"http:\/\/blogdoarmindomaia.com.br\/wp-content\/uploads\/2023\/12\/Camara-aprova-LOA-2024-com-receita-total-estimada-em-R-736-milhoes-pag-07-1024x768.jpeg\" alt=\"\" class=\"wp-image-6874\" srcset=\"http:\/\/blogdoarmindomaia.com.br\/wp-content\/uploads\/2023\/12\/Camara-aprova-LOA-2024-com-receita-total-estimada-em-R-736-milhoes-pag-07-1024x768.jpeg 1024w, http:\/\/blogdoarmindomaia.com.br\/wp-content\/uploads\/2023\/12\/Camara-aprova-LOA-2024-com-receita-total-estimada-em-R-736-milhoes-pag-07-300x225.jpeg 300w, http:\/\/blogdoarmindomaia.com.br\/wp-content\/uploads\/2023\/12\/Camara-aprova-LOA-2024-com-receita-total-estimada-em-R-736-milhoes-pag-07-768x576.jpeg 768w, http:\/\/blogdoarmindomaia.com.br\/wp-content\/uploads\/2023\/12\/Camara-aprova-LOA-2024-com-receita-total-estimada-em-R-736-milhoes-pag-07-1536x1152.jpeg 1536w, http:\/\/blogdoarmindomaia.com.br\/wp-content\/uploads\/2023\/12\/Camara-aprova-LOA-2024-com-receita-total-estimada-em-R-736-milhoes-pag-07.jpeg 1600w\" sizes=\"auto, (max-width: 1024px) 100vw, 1024px\" \/><\/figure>\n\n\n\n<p>A C\u00e2mara Municipal de Arax\u00e1 aprovou, no \u00faltimo fim de semana (14), durante reuni\u00e3o extraordin\u00e1ria, a Lei Or\u00e7ament\u00e1ria Anual (LOA) para 2024. &nbsp;O Projeto de Lei 165\/2023 (substitutivo)- Lei Or\u00e7ament\u00e1ria Anual &#8211; LOA 2024, foi aprovado com nove (09) emendas aditivas.<\/p>\n\n\n\n<p>A LOA \u00e9 um planejamento que indica o quanto e onde gastar o dinheiro p\u00fablico no per\u00edodo de um ano, estimando a receita e fixando as despesas, funcionando como um instrumento de planejamento de curto prazo.<\/p>\n\n\n\n<p>O projeto foi analisado pela Comiss\u00e3o de Finan\u00e7as e Or\u00e7amento, composta pelos vereadores: Raphael Rios (presidente), Pastor Moacir Santos (relator) e Maristela Dutra (membro). No in\u00edcio da sess\u00e3o, o relator fez a leitura do relat\u00f3rio final da Comiss\u00e3o. O documento aponta: \u201cA receita total estimada para o exerc\u00edcio de 2024 foi da ordem de R$ 736 milh\u00f5es, fixando-se uma despesa de igual valor, representando um acr\u00e9scimo de 2,2% em rela\u00e7\u00e3o ao exerc\u00edcio anterior\u201d. Desse total, 30,57% ser\u00e1 destinado para a sa\u00fade, 43,13% para a educa\u00e7\u00e3o e 42% para gastos com pessoal.<\/p>\n\n\n\n<p>Os vereadores e a comunidade puderam participar da LOA com sugest\u00f5es que foram analisadas e, dentro da possibilidade, transformadas em emendas.<\/p>\n\n\n\n<p>A emenda modificativa 01 foi a primeira a ser apreciada e foi rejeitada. O texto original do projeto de lei 165\/2023, enviado pelo Executivo, estabelece o limite de 30 % do valor do or\u00e7amento para autoriza\u00e7\u00e3o de abertura de cr\u00e9dito suplementar. A emenda sugeria ajustes na programa\u00e7\u00e3o or\u00e7ament\u00e1ria, para mudar esse limite para 5%. Como a emenda foi rejeitada, foi mantido o limite de 30% proposto no projeto original.<\/p>\n\n\n\n<p>Dentre as 9 emendas aditivas aprovadas, destacam-se propostas para destina\u00e7\u00e3o de verba para atividades de apoio aos eventos culturais, art\u00edsticos e tur\u00edsticos, realiza\u00e7\u00e3o do Festival Aqui tem Mineiridade e promo\u00e7\u00e3o do Carnaval de Rua. Tamb\u00e9m foram destinados recursos para as obras de constru\u00e7\u00e3o da pra\u00e7a Benedita Fel\u00edcia Borges e pavimenta\u00e7\u00e3o do trecho do trevo ao chacreamento Alameda do Sol. Outras atividades contempladas nas emendas foram a Regulariza\u00e7\u00e3o Fundi\u00e1ria Urbana (REURB), implanta\u00e7\u00e3o de Pr\u00e1ticas Integrativas e Complementares de Sa\u00fade (PICS), promo\u00e7\u00e3o, prote\u00e7\u00e3o e defesa dos direitos da mulher e Institui\u00e7\u00f5es de Longa Perman\u00eancia para Idosos (ILPIs).<\/p>\n","protected":false},"excerpt":{"rendered":"<p>A C\u00e2mara Municipal de Arax\u00e1 aprovou, no \u00faltimo fim de semana (14), durante reuni\u00e3o extraordin\u00e1ria, a Lei Or\u00e7ament\u00e1ria Anual (LOA)<\/p>\n","protected":false},"author":2,"featured_media":6874,"comment_status":"open","ping_status":"open","sticky":false,"template":"","format":"standard","meta":{"footnotes":""},"categories":[9,11],"tags":[],"class_list":["post-6873","post","type-post","status-publish","format-standard","has-post-thumbnail","hentry","category-araxa","category-destaques"],"_links":{"self":[{"href":"http:\/\/blogdoarmindomaia.com.br\/index.php?rest_route=\/wp\/v2\/posts\/6873","targetHints":{"allow":["GET"]}}],"collection":[{"href":"http:\/\/blogdoarmindomaia.com.br\/index.php?rest_route=\/wp\/v2\/posts"}],"about":[{"href":"http:\/\/blogdoarmindomaia.com.br\/index.php?rest_route=\/wp\/v2\/types\/post"}],"author":[{"embeddable":true,"href":"http:\/\/blogdoarmindomaia.com.br\/index.php?rest_route=\/wp\/v2\/users\/2"}],"replies":[{"embeddable":true,"href":"http:\/\/blogdoarmindomaia.com.br\/index.php?rest_route=%2Fwp%2Fv2%2Fcomments&post=6873"}],"version-history":[{"count":1,"href":"http:\/\/blogdoarmindomaia.com.br\/index.php?rest_route=\/wp\/v2\/posts\/6873\/revisions"}],"predecessor-version":[{"id":6875,"href":"http:\/\/blogdoarmindomaia.com.br\/index.php?rest_route=\/wp\/v2\/posts\/6873\/revisions\/6875"}],"wp:featuredmedia":[{"embeddable":true,"href":"http:\/\/blogdoarmindomaia.com.br\/index.php?rest_route=\/wp\/v2\/media\/6874"}],"wp:attachment":[{"href":"http:\/\/blogdoarmindomaia.com.br\/index.php?rest_route=%2Fwp%2Fv2%2Fmedia&parent=6873"}],"wp:term":[{"taxonomy":"category","embeddable":true,"href":"http:\/\/blogdoarmindomaia.com.br\/index.php?rest_route=%2Fwp%2Fv2%2Fcategories&post=6873"},{"taxonomy":"post_tag","embeddable":true,"href":"http:\/\/blogdoarmindomaia.com.br\/index.php?rest_route=%2Fwp%2Fv2%2Ftags&post=6873"}],"curies":[{"name":"wp","href":"https:\/\/api.w.org\/{rel}","templated":true}]}}