{"id":6893,"date":"2023-12-21T14:29:01","date_gmt":"2023-12-21T17:29:01","guid":{"rendered":"http:\/\/blogdoarmindomaia.com.br\/?p=6893"},"modified":"2023-12-21T14:29:03","modified_gmt":"2023-12-21T17:29:03","slug":"to-indo-da-tv-integracao-produz-reportagem-sobre-o-memorial-da-escrita-e-da-imprensa-mauricio-rosa-2","status":"publish","type":"post","link":"http:\/\/blogdoarmindomaia.com.br\/?p=6893","title":{"rendered":"\u201cT\u00f4 Indo\u201d da TV Integra\u00e7\u00e3o produz reportagem sobre o Memorial da Escrita e da Imprensa Mauricio Rosa\u00a0"},"content":{"rendered":"\n<figure class=\"wp-block-image size-large is-style-default\"><img loading=\"lazy\" decoding=\"async\" width=\"1024\" height=\"768\" src=\"http:\/\/blogdoarmindomaia.com.br\/wp-content\/uploads\/2023\/12\/304e09f5-ba13-47fe-bf54-d31adf797fba-1-1024x768.jpg\" alt=\"\" class=\"wp-image-6894\" srcset=\"http:\/\/blogdoarmindomaia.com.br\/wp-content\/uploads\/2023\/12\/304e09f5-ba13-47fe-bf54-d31adf797fba-1-1024x768.jpg 1024w, http:\/\/blogdoarmindomaia.com.br\/wp-content\/uploads\/2023\/12\/304e09f5-ba13-47fe-bf54-d31adf797fba-1-300x225.jpg 300w, http:\/\/blogdoarmindomaia.com.br\/wp-content\/uploads\/2023\/12\/304e09f5-ba13-47fe-bf54-d31adf797fba-1-768x576.jpg 768w, http:\/\/blogdoarmindomaia.com.br\/wp-content\/uploads\/2023\/12\/304e09f5-ba13-47fe-bf54-d31adf797fba-1-1536x1152.jpg 1536w, http:\/\/blogdoarmindomaia.com.br\/wp-content\/uploads\/2023\/12\/304e09f5-ba13-47fe-bf54-d31adf797fba-1.jpg 1600w\" sizes=\"auto, (max-width: 1024px) 100vw, 1024px\" \/><\/figure>\n\n\n\n<figure class=\"wp-block-image size-large is-style-default\"><img loading=\"lazy\" decoding=\"async\" width=\"1024\" height=\"768\" src=\"http:\/\/blogdoarmindomaia.com.br\/wp-content\/uploads\/2023\/12\/663d65fb-c4e2-4ebd-afe5-f54f9c0c05c5-1024x768.jpg\" alt=\"\" class=\"wp-image-6895\" srcset=\"http:\/\/blogdoarmindomaia.com.br\/wp-content\/uploads\/2023\/12\/663d65fb-c4e2-4ebd-afe5-f54f9c0c05c5-1024x768.jpg 1024w, http:\/\/blogdoarmindomaia.com.br\/wp-content\/uploads\/2023\/12\/663d65fb-c4e2-4ebd-afe5-f54f9c0c05c5-300x225.jpg 300w, http:\/\/blogdoarmindomaia.com.br\/wp-content\/uploads\/2023\/12\/663d65fb-c4e2-4ebd-afe5-f54f9c0c05c5-768x576.jpg 768w, http:\/\/blogdoarmindomaia.com.br\/wp-content\/uploads\/2023\/12\/663d65fb-c4e2-4ebd-afe5-f54f9c0c05c5-1536x1152.jpg 1536w, http:\/\/blogdoarmindomaia.com.br\/wp-content\/uploads\/2023\/12\/663d65fb-c4e2-4ebd-afe5-f54f9c0c05c5.jpg 1600w\" sizes=\"auto, (max-width: 1024px) 100vw, 1024px\" \/><\/figure>\n\n\n\n<figure class=\"wp-block-image size-large is-style-default\"><img loading=\"lazy\" decoding=\"async\" width=\"1024\" height=\"768\" src=\"http:\/\/blogdoarmindomaia.com.br\/wp-content\/uploads\/2023\/12\/cfa39329-5e87-4e2d-a941-5c49edbc3922-1024x768.jpg\" alt=\"\" class=\"wp-image-6896\" srcset=\"http:\/\/blogdoarmindomaia.com.br\/wp-content\/uploads\/2023\/12\/cfa39329-5e87-4e2d-a941-5c49edbc3922-1024x768.jpg 1024w, http:\/\/blogdoarmindomaia.com.br\/wp-content\/uploads\/2023\/12\/cfa39329-5e87-4e2d-a941-5c49edbc3922-300x225.jpg 300w, http:\/\/blogdoarmindomaia.com.br\/wp-content\/uploads\/2023\/12\/cfa39329-5e87-4e2d-a941-5c49edbc3922-768x576.jpg 768w, http:\/\/blogdoarmindomaia.com.br\/wp-content\/uploads\/2023\/12\/cfa39329-5e87-4e2d-a941-5c49edbc3922-1536x1152.jpg 1536w, http:\/\/blogdoarmindomaia.com.br\/wp-content\/uploads\/2023\/12\/cfa39329-5e87-4e2d-a941-5c49edbc3922.jpg 1600w\" sizes=\"auto, (max-width: 1024px) 100vw, 1024px\" \/><\/figure>\n\n\n\n<p>Foram mais de tr\u00eas horas de grava\u00e7\u00e3o. A produ\u00e7\u00e3o do Programa \u201cT\u00f4 Indo\u201d da TV Integra\u00e7\u00e3o, aportou no \u00faltimo final de semana (01 de dezembro), no Memorial da Escrita e&nbsp; Imprensa Maur\u00edcio Rosa de Arax\u00e1, para a grava\u00e7\u00e3o de uma mat\u00e9ria especial sobre o Museu que foi criado h\u00e1 dois anos e \u00e9 um dos quatro espa\u00e7os do g\u00eanero existentes no Brasil, com a tem\u00e1tica sobre a escrita e a imprensa em seus variados ciclos evolutivos no mundo atrav\u00e9s dos tempos.<\/p>\n\n\n\n<p>O apresentador M\u00e1rio Freitas e a sua equipe de produ\u00e7\u00e3o (a produtora Berta Torres e o cinegrafista&nbsp; \u00c9rik Alves),&nbsp; fizeram um mergulho na hist\u00f3ria fascinante e no acervo genu\u00edno,&nbsp; recheado de detalhes e rel\u00edquias do Memorial da Escrita e da Imprensa Mauricio Rosa. Toda mat\u00e9ria foi acompanhada e detalhada pelo diretor e idealizador do Museu Maur\u00edcio Castro. O espa\u00e7o cultural e hist\u00f3rico \u00e9 um dos quatro museus do g\u00eanero no Brasil e conta com um acervo \u00fanico, diferente e rico que conta a saga e a evolu\u00e7\u00e3o da escrita no mundo, no Brasil, em Minas Gerais e destaca com muita sutileza o acervo e a hist\u00f3ria da imprensa de Arax\u00e1 com muita peculiaridade. Depois de percorrer todo o espa\u00e7o, conhecer cada m\u00e1quina e saber as curiosidades da evolu\u00e7\u00e3o da escrita e da imprensa, o apresentador M\u00e1rio Freitas, em entrevista ao Jornal Intera\u00e7\u00e3o, revelou que, &#8220;gente; esse \u00e9 um espa\u00e7o incr\u00edvel, cheio de hist\u00f3rias e deve ser visitado por todo mundo. Aqui, est\u00e1 preservada com muito capricho e perfei\u00e7\u00e3o, parte da evolu\u00e7\u00e3o, da hist\u00f3ria da escrita da imprensa e com um acervo muito especial e curioso&#8221;. Com muita sensibilidade e foco em detalhes especiais, a produ\u00e7\u00e3o do programa T\u00f4 Indo, captou imagens \u00fanicas do acervo do Museu, composto por m\u00e1quinas, mobiliario, objetos do s\u00e9culo passado, impressos tipogr\u00e1ficos de v\u00e1rias \u00e9pocas que resgatam a evolu\u00e7\u00e3o da escrita. A reportagem especial produzida no Memorial da Escrita e Imprensa Mauricio Rosa de Arax\u00e1, ser\u00e1 exibida com exclusividade no programa T\u00f4 Indo da TV Integra\u00e7\u00e3o, no m\u00eas de fevereiro de 2024. O Memorial da Escrita e Imprensa de Arax\u00e1, est\u00e1 completando em dezembro, dois anos de funda\u00e7\u00e3o. O Museu aberto ao p\u00fablico fica localizado na rua Santos Dumont, 225, no centro de Arax\u00e1, ao lado do cemit\u00e9rio das Palmeiras. O espa\u00e7o funciona de segunda a sexta e a visita\u00e7\u00e3o \u00e9 franca. Vale a pena conhecer e viajar na fascinante e m\u00e1gica hist\u00f3ria da evolu\u00e7\u00e3o da escrita e da imprensa.<\/p>\n\n\n\n<p>O escritor Domingos Guimar\u00e3es<\/p>\n\n\n\n<p>&nbsp;Depois de gravar no Memorial da Imprensa, a&nbsp; equipe do programa T\u00f4 Indo, retornou a Arax\u00e1. Desta vez para gravar um programa com o amigo e parceiro, o&nbsp; escritor araxaense, Domingos Antunes Guimar\u00e3es.&nbsp; Na pauta, um passeio completo pela vida deste escritor, jornalista e publicit\u00e1rio que aos 70 anos vem se destacando com seus livros e conquistando um p\u00fablico cada vez maior. Reportagem que tamb\u00e9m&nbsp; est\u00e1 prevista&nbsp; para ser&nbsp; exibida na&nbsp; TV Integra\u00e7\u00e3o, no in\u00edcio de 2024.&nbsp;&nbsp;<\/p>\n","protected":false},"excerpt":{"rendered":"<p>Foram mais de tr\u00eas horas de grava\u00e7\u00e3o. A produ\u00e7\u00e3o do Programa \u201cT\u00f4 Indo\u201d da TV Integra\u00e7\u00e3o, aportou no \u00faltimo final<\/p>\n","protected":false},"author":2,"featured_media":6894,"comment_status":"closed","ping_status":"open","sticky":false,"template":"","format":"standard","meta":{"footnotes":""},"categories":[9,5,11],"tags":[],"class_list":["post-6893","post","type-post","status-publish","format-standard","has-post-thumbnail","hentry","category-araxa","category-arte-e-cultura","category-destaques"],"_links":{"self":[{"href":"http:\/\/blogdoarmindomaia.com.br\/index.php?rest_route=\/wp\/v2\/posts\/6893","targetHints":{"allow":["GET"]}}],"collection":[{"href":"http:\/\/blogdoarmindomaia.com.br\/index.php?rest_route=\/wp\/v2\/posts"}],"about":[{"href":"http:\/\/blogdoarmindomaia.com.br\/index.php?rest_route=\/wp\/v2\/types\/post"}],"author":[{"embeddable":true,"href":"http:\/\/blogdoarmindomaia.com.br\/index.php?rest_route=\/wp\/v2\/users\/2"}],"replies":[{"embeddable":true,"href":"http:\/\/blogdoarmindomaia.com.br\/index.php?rest_route=%2Fwp%2Fv2%2Fcomments&post=6893"}],"version-history":[{"count":1,"href":"http:\/\/blogdoarmindomaia.com.br\/index.php?rest_route=\/wp\/v2\/posts\/6893\/revisions"}],"predecessor-version":[{"id":6897,"href":"http:\/\/blogdoarmindomaia.com.br\/index.php?rest_route=\/wp\/v2\/posts\/6893\/revisions\/6897"}],"wp:featuredmedia":[{"embeddable":true,"href":"http:\/\/blogdoarmindomaia.com.br\/index.php?rest_route=\/wp\/v2\/media\/6894"}],"wp:attachment":[{"href":"http:\/\/blogdoarmindomaia.com.br\/index.php?rest_route=%2Fwp%2Fv2%2Fmedia&parent=6893"}],"wp:term":[{"taxonomy":"category","embeddable":true,"href":"http:\/\/blogdoarmindomaia.com.br\/index.php?rest_route=%2Fwp%2Fv2%2Fcategories&post=6893"},{"taxonomy":"post_tag","embeddable":true,"href":"http:\/\/blogdoarmindomaia.com.br\/index.php?rest_route=%2Fwp%2Fv2%2Ftags&post=6893"}],"curies":[{"name":"wp","href":"https:\/\/api.w.org\/{rel}","templated":true}]}}