{"id":6905,"date":"2023-12-22T14:13:08","date_gmt":"2023-12-22T17:13:08","guid":{"rendered":"http:\/\/blogdoarmindomaia.com.br\/?p=6905"},"modified":"2023-12-22T14:13:10","modified_gmt":"2023-12-22T17:13:10","slug":"festnatal-tem-lancamento-de-livro-escrito-por-criancas-nesta-sexta-22","status":"publish","type":"post","link":"http:\/\/blogdoarmindomaia.com.br\/?p=6905","title":{"rendered":"FestNatal tem lan\u00e7amento de livro escrito por crian\u00e7as nesta sexta (22)"},"content":{"rendered":"\n<figure class=\"wp-block-image size-full is-style-default\"><img loading=\"lazy\" decoding=\"async\" width=\"643\" height=\"485\" src=\"http:\/\/blogdoarmindomaia.com.br\/wp-content\/uploads\/2023\/12\/fesdt-nartal-22.jpg\" alt=\"\" class=\"wp-image-6906\" srcset=\"http:\/\/blogdoarmindomaia.com.br\/wp-content\/uploads\/2023\/12\/fesdt-nartal-22.jpg 643w, http:\/\/blogdoarmindomaia.com.br\/wp-content\/uploads\/2023\/12\/fesdt-nartal-22-300x226.jpg 300w\" sizes=\"auto, (max-width: 643px) 100vw, 643px\" \/><\/figure>\n\n\n\n<p><em>Estudantes participaram de oficina com escritores e imaginaram o que aconteceria se \u201cPapai Noel Fosse Crian\u00e7a?\u201d<\/em><\/p>\n\n\n\n<p>Trinta e nove crian\u00e7as de Arax\u00e1 lan\u00e7am nesta sexta-feira (22) a partir das 19h30 uma obra coletiva elaborada por meio de um projeto inovador criado pelos escritores C\u00e9sar Campos e Rafael Nolli e que, nesta edi\u00e7\u00e3o, teve tamb\u00e9m a participa\u00e7\u00e3o da ilustradora Luciana Olivier \u201cO audit\u00f3rio da Acia foi o cen\u00e1rio para uma oficina de escrita coletiva. A proposta instigante para os pequenos artistas era simples, mas cheia de promessas: imaginar o que aconteceria se Papai Noel Fosse Crian\u00e7a?&#8221;, conta Rafael Nolli.<\/p>\n\n\n\n<p>No primeiro est\u00e1gio da oficina, as crian\u00e7as, guiadas pelos autores, deram asas \u00e0 imagina\u00e7\u00e3o, moldando uma hist\u00f3ria encantadora onde o Bom Velhinho assume a forma de uma crian\u00e7a travessa e curiosa. \u201cEles exploraram as travessuras e aventuras de um Papai Noel infantil, descobrindo como a magia natalina pode se manifestar de maneiras inusitadas quando vista pelos olhos puros da inf\u00e2ncia\u201d, explica Cesar.<\/p>\n\n\n\n<p>Com a narrativa pronta, a ilustradora Luciana Olivier entrou em cena para mediar as a\u00e7\u00f5es, auxiliando os estudantes a transformarem as palavras em imagens. \u201cAs crian\u00e7as deram vida aos personagens, aos cen\u00e1rios festivos e aos momentos especiais que permeiam a hist\u00f3ria. Cada p\u00e1gina do livro \u00e9 uma obra de arte \u00fanica, uma fus\u00e3o perfeita de criatividade infantil e talento art\u00edstico\u201d, relata Luciana.<\/p>\n\n\n\n<p>&#8220;E Se Papai Noel Fosse Crian\u00e7a\u201d n\u00e3o \u00e9 apenas um livro, mas uma celebra\u00e7\u00e3o da imagina\u00e7\u00e3o, da amizade e do esp\u00edrito natalino visto por uma perspectiva \u00fanica e infantil.<\/p>\n\n\n\n<p><strong>Sinopse<\/strong><\/p>\n\n\n\n<p><em>E se Papai Noel fosse crian\u00e7a&#8230;<\/em><\/p>\n\n\n\n<p>Nesta obra encantadora, a magia do Natal ganha uma nova perspectiva quando um grupo de crian\u00e7as, orientadas pelos autores Cesar Campos e Rafael Nolli, embarca em uma oficina de cria\u00e7\u00e3o coletiva com a participa\u00e7\u00e3o da ilustradora Luciana Olivier. A proposta desafiadora? &#8220;E Se Papai Noel Fosse Crian\u00e7a?&#8221;<\/p>\n\n\n\n<p>A hist\u00f3ria resultante \u00e9 uma viagem cativante, onde o Bom Velhinho deixa para tr\u00e1s a barba branca e a seriedade para se transformar em uma vers\u00e3o jovial e travessa de si mesmo. Uma leitura que aquece cora\u00e7\u00f5es e nos lembra da magia que habita na simplicidade e na pureza das crian\u00e7as durante a \u00e9poca mais especial do ano.<\/p>\n\n\n\n<p><strong>Emo\u00e7\u00e3o<\/strong><\/p>\n\n\n\n<p>Pen\u00faltimo dia do FestNatal Arax\u00e1, a sexta-feira (22) promete muitas emo\u00e7\u00f5es. A programa\u00e7\u00e3o come\u00e7a \u00e0s 18h30 com a grande final do concurso de novos talentos. Oito finalistas conseguiram uma vaga para a \u00faltima etapa da competi\u00e7\u00e3o e, na companhia de t\u00e9cnicos, prepararam uma apresenta\u00e7\u00e3o especial para o momento mais importante do concurso, que \u00e9 uma iniciativa do Rotary Club de Arax\u00e1 Sul em parceria com a Funda\u00e7\u00e3o Cultural Acia (Facia).<\/p>\n\n\n\n<p>Neste ano, os vencedores de cada categoria receber\u00e3o pr\u00eamios em dinheiro no valor de R$1.000, totalizando R$4 mil. H\u00e1 ainda o Trof\u00e9u &#8220;Novos Talentos &#8211; Internet&#8221; para o finalista mais votado pelo p\u00fablico no site do FestNatal Arax\u00e1. A vota\u00e7\u00e3o popular vai ser aberta nesta sexta-feira (21).<\/p>\n\n\n\n<p><strong>Muito mais<\/strong><\/p>\n\n\n\n<p>Logo ap\u00f3s o an\u00fancio do resultado do Concurso de Novos Talentos,T\u00e1cio Figueiredo Trio sobe ao palco. \u201c\u00c9 a minha primeira vez no festival com o meu trabalho solo. Ser\u00e1 uma experi\u00eancia incr\u00edvel. Ao longo da apresenta\u00e7\u00e3o o p\u00fablico vai poder experimentar uma variedade de estilos e de g\u00eaneros intr\u00ednsecos e significativos da guitarra el\u00e9trica passando pelo jazz, soul, blues at\u00e9 o rock&#8217;n roll com releituras de grandes sucessos da m\u00fasica\u201d, adianta.<\/p>\n\n\n\n<p>No Espa\u00e7o Sicoob Crediara ser\u00e1 realizada a conta\u00e7\u00e3o de hist\u00f3ria &#8220;Duende Pipoca e as lendas de Natal&#8221; a partir das 20h. Quase simultaneamente, no palco principal, ser\u00e1 feito o an\u00fancio dos ganhadores do concurso Zema Pet Seguros.<\/p>\n\n\n\n<p>A programa\u00e7\u00e3o extra est\u00e1 recheada de estrelas. Rec\u00e9m-chegada do The Voice Brasil, Carol Moura vai cantar pela primeira vez fora do programa as m\u00fasicas apresentadas em suas audi\u00e7\u00f5es \u00e0s cegas, al\u00e9m de celebrar os novos lan\u00e7amentos e o primeiro EP. \u201cMeu repert\u00f3rio \u00e9 80% autoral e tenho algumas releituras tamb\u00e9m de m\u00fasicas que fazem sentido na minha carreira. Tocar no FestNatal \u00e9 uma honra e algo muito simb\u00f3lico porque foi o primeiro palco que eu cantei na minha vida, quando eu comecei profissionalmente\u201d, conta.<\/p>\n\n\n\n<p>\u00c0s 21h30 \u00e9 a vez de Vi-Voz &amp; Banda subirem no palco.Uma parceria com 43 anos de culto \u00e0 m\u00fasica popular brasileira, tendo como guia o Clube da Esquina e ra\u00edzes da m\u00fasica mineira, o Vi-Voz tem em sua ess\u00eancia Zappulla, Mazinho e S\u00e9rgio Abreu. Vencedor de v\u00e1rios festivais, o projeto contempla a plateia com um instrumental simples e personalizado, nas mais belas can\u00e7\u00f5es, brindando com arranjos vocais elaborados e contagiantes.<\/p>\n\n\n\n<p>A noite ser\u00e1 encerrada com a banda Peixe Piloto. Agora com Claudinho, Luciana, Baltazar (de volta ao Brasil ap\u00f3s 15 anos) e Felipe, filho do Claudinho e f\u00e3 do saudoso Alessandro, a Peixe Piloto inspira novas gera\u00e7\u00f5es e retoma seu p\u00fablico fiel com o projeto musical que tanto amam. &#8220;Tocar nessa volta da banda no FestNatal Arax\u00e1 vai ser algo fant\u00e1stico. Esperamos todo mundo l\u00e1 para matarmos a saudade e curtir um show que para n\u00f3s vai ser inesquec\u00edvel&#8221;, diz Luciana.<\/p>\n\n\n\n<p>Para os f\u00e3s, a banda adianta que far\u00e1 um repert\u00f3rio de pop rock, de m\u00fasicas de que marcaram a Peixe Piloto, incluindo as autorais. Foram inseridas na din\u00e2mica do show tamb\u00e9m m\u00fasicas atualizadas, tocadas no estilo da Peixe Piloto.<\/p>\n\n\n\n<p><strong>Programa\u00e7\u00e3o<\/strong><\/p>\n\n\n\n<p><strong>SEXTA \u2013 22\/12<\/strong><\/p>\n\n\n\n<p>18h30min &#8211; Final Concurso de Novos Talentos<\/p>\n\n\n\n<p>19h30min &#8211; T\u00e1cio Figueiredo Trio<\/p>\n\n\n\n<p>20h &#8211; Conta\u00e7\u00e3o de hist\u00f3ria &#8221;Duende Pipoca e as lendas de Natal&#8221;<\/p>\n\n\n\n<p>20h30min &#8211; Carol Moura &#8211; Lan\u00e7amento do DVD<\/p>\n\n\n\n<p>20h10 &#8211; An\u00fancio dos ganhadores do concurso Zema Pet Seguros<\/p>\n\n\n\n<p>21h30- Vi-Voz &amp; Banda<\/p>\n\n\n\n<p>22h45 &#8211; Banda Peixe Piloto<\/p>\n\n\n\n<p><strong>S\u00c1BADO &#8211; 23\/12<\/strong><\/p>\n\n\n\n<p>19h &#8211; Casinha do Papai Noel<\/p>\n\n\n\n<p>19h &#8211; Missa com m\u00fasica ao vivo<\/p>\n\n\n\n<p>20h &#8211; Pe\u00e7a Teatral &#8220;Auto de Natal&#8221;<\/p>\n\n\n\n<p>20h50 &#8211; An\u00fancio ganhadores Concurso Liter\u00e1rio Um Natal no seu Cora\u00e7\u00e3o<\/p>\n\n\n\n<p>20h30min &#8211; Carol Moura &#8211; Lan\u00e7amento do DVD<\/p>\n\n\n\n<p>20h10 &#8211; An\u00fancio dos ganhadores do concurso Zema Pet Seguros<\/p>\n\n\n\n<p>21h30- Vi-Voz &amp; Banda<\/p>\n\n\n\n<p>22h45 &#8211; Banda Peixe Piloto<\/p>\n\n\n\n<p><strong>A quinta no FestNatal<\/strong><\/p>\n\n\n\n<p>Nesta quinta foi realizada a \u00faltima etapa da oficina de graffiti com o artista Ton Lima (Lei de Incentivo \u00e0 Cultura) A a\u00e7\u00e3o ofereceu aos interessados um contato pr\u00e1tico com a arte. Os participantes completaram a obra que foi grafitada nas paredes do Expominas Arax\u00e1 e que mostra rostos de crian\u00e7as, com o intuito de retratar o Brasil por meio de seu povo.<\/p>\n\n\n\n<p>No palco central passaram Germano Soraggi (Programa\u00e7\u00e3o Extra), Tiago Martins Septeto (Lei de Incentivo \u00e0 Cultura) e Moura Blues (Programa\u00e7\u00e3o Extra).<\/p>\n\n\n\n<p><strong>Para todos<\/strong><\/p>\n\n\n\n<p>O FestNatal Arax\u00e1 oferece acessibilidade em toda a sua programa\u00e7\u00e3o. As atividades do palco t\u00eam tradu\u00e7\u00e3o simult\u00e2nea em Libras. A estrutura f\u00edsica foi pensada para garantir que pessoas que utilizam cadeiras de roda ou tenham outras necessidades especiais de locomo\u00e7\u00e3o possam transitar em todos os espa\u00e7os.<\/p>\n\n\n\n<p>A organiza\u00e7\u00e3o do evento tamb\u00e9m oferece o atendimento personalizado para pessoas com defici\u00eancia visual, que devem solicitar audiodescri\u00e7\u00e3o com&nbsp;anteced\u00eancia.<\/p>\n\n\n\n<p><strong>FestNatal Arax\u00e1<\/strong><\/p>\n\n\n\n<p>O FestNatal Arax\u00e1 \u00e9 o maior festival natalino de Minas Gerais. Neste ano o evento ocorre entre os dias 8 e 23 de dezembro no Expominas Arax\u00e1 com entrada gratuita e atra\u00e7\u00f5es de m\u00fasica, teatro, dan\u00e7a e muito mais.<\/p>\n\n\n\n<p>O FestNatal Arax\u00e1 tem a apresenta\u00e7\u00e3o do Minist\u00e9rio da Cultura e da CBMM. \u00c9 realizado pela Lei Federal de Incentivo \u00e0 Cultura com o patroc\u00ednio Master da CBMM. Tem o patroc\u00ednio de Zema Seguros, Bem Brasil, Codemge e Governo do Estado de Minas Gerais, com o apoio da ACIA Arax\u00e1, Sicoob Crediara, Prefeitura Municipal de Arax\u00e1 e Condor Eventos. Uma realiza\u00e7\u00e3o da Funda\u00e7\u00e3o Cultural Acia e Minist\u00e9rio da Cultura do Governo Federal.<\/p>\n","protected":false},"excerpt":{"rendered":"<p>Estudantes participaram de oficina com escritores e imaginaram o que aconteceria se \u201cPapai Noel Fosse Crian\u00e7a?\u201d Trinta e nove crian\u00e7as<\/p>\n","protected":false},"author":2,"featured_media":6906,"comment_status":"open","ping_status":"open","sticky":false,"template":"","format":"standard","meta":{"footnotes":""},"categories":[9,5,11],"tags":[],"class_list":["post-6905","post","type-post","status-publish","format-standard","has-post-thumbnail","hentry","category-araxa","category-arte-e-cultura","category-destaques"],"_links":{"self":[{"href":"http:\/\/blogdoarmindomaia.com.br\/index.php?rest_route=\/wp\/v2\/posts\/6905","targetHints":{"allow":["GET"]}}],"collection":[{"href":"http:\/\/blogdoarmindomaia.com.br\/index.php?rest_route=\/wp\/v2\/posts"}],"about":[{"href":"http:\/\/blogdoarmindomaia.com.br\/index.php?rest_route=\/wp\/v2\/types\/post"}],"author":[{"embeddable":true,"href":"http:\/\/blogdoarmindomaia.com.br\/index.php?rest_route=\/wp\/v2\/users\/2"}],"replies":[{"embeddable":true,"href":"http:\/\/blogdoarmindomaia.com.br\/index.php?rest_route=%2Fwp%2Fv2%2Fcomments&post=6905"}],"version-history":[{"count":1,"href":"http:\/\/blogdoarmindomaia.com.br\/index.php?rest_route=\/wp\/v2\/posts\/6905\/revisions"}],"predecessor-version":[{"id":6907,"href":"http:\/\/blogdoarmindomaia.com.br\/index.php?rest_route=\/wp\/v2\/posts\/6905\/revisions\/6907"}],"wp:featuredmedia":[{"embeddable":true,"href":"http:\/\/blogdoarmindomaia.com.br\/index.php?rest_route=\/wp\/v2\/media\/6906"}],"wp:attachment":[{"href":"http:\/\/blogdoarmindomaia.com.br\/index.php?rest_route=%2Fwp%2Fv2%2Fmedia&parent=6905"}],"wp:term":[{"taxonomy":"category","embeddable":true,"href":"http:\/\/blogdoarmindomaia.com.br\/index.php?rest_route=%2Fwp%2Fv2%2Fcategories&post=6905"},{"taxonomy":"post_tag","embeddable":true,"href":"http:\/\/blogdoarmindomaia.com.br\/index.php?rest_route=%2Fwp%2Fv2%2Ftags&post=6905"}],"curies":[{"name":"wp","href":"https:\/\/api.w.org\/{rel}","templated":true}]}}