{"id":6908,"date":"2023-12-22T14:20:11","date_gmt":"2023-12-22T17:20:11","guid":{"rendered":"http:\/\/blogdoarmindomaia.com.br\/?p=6908"},"modified":"2023-12-22T14:20:13","modified_gmt":"2023-12-22T17:20:13","slug":"araxa-rodeio-show-tera-ze-neto-cristiano-jorge-mateus-simone-mendes-luan-pereira-e-mais-cinco-atracoes","status":"publish","type":"post","link":"http:\/\/blogdoarmindomaia.com.br\/?p=6908","title":{"rendered":"Arax\u00e1 Rodeio Show ter\u00e1 Z\u00e9 Neto &amp; Cristiano, Jorge &amp; Mateus, Simone Mendes, Luan Pereira e mais cinco atra\u00e7\u00f5es"},"content":{"rendered":"\n<figure class=\"wp-block-image size-large is-style-default\"><img loading=\"lazy\" decoding=\"async\" width=\"1024\" height=\"682\" src=\"http:\/\/blogdoarmindomaia.com.br\/wp-content\/uploads\/2023\/12\/Araxa-Rodeio-Show-tera-Ze-Neto-pag-09-1024x682.png\" alt=\"\" class=\"wp-image-6909\" srcset=\"http:\/\/blogdoarmindomaia.com.br\/wp-content\/uploads\/2023\/12\/Araxa-Rodeio-Show-tera-Ze-Neto-pag-09-1024x682.png 1024w, http:\/\/blogdoarmindomaia.com.br\/wp-content\/uploads\/2023\/12\/Araxa-Rodeio-Show-tera-Ze-Neto-pag-09-300x200.png 300w, http:\/\/blogdoarmindomaia.com.br\/wp-content\/uploads\/2023\/12\/Araxa-Rodeio-Show-tera-Ze-Neto-pag-09-768x512.png 768w, http:\/\/blogdoarmindomaia.com.br\/wp-content\/uploads\/2023\/12\/Araxa-Rodeio-Show-tera-Ze-Neto-pag-09-1536x1024.png 1536w, http:\/\/blogdoarmindomaia.com.br\/wp-content\/uploads\/2023\/12\/Araxa-Rodeio-Show-tera-Ze-Neto-pag-09.png 2000w\" sizes=\"auto, (max-width: 1024px) 100vw, 1024px\" \/><\/figure>\n\n\n\n<p><em>Ser\u00e3o cinco dias de festa, com quatro shows duplos e grande estrutura no Parque de Exposi\u00e7\u00f5es<\/em><\/p>\n\n\n\n<p>A organiza\u00e7\u00e3o do Arax\u00e1 Rodeio Show anunciou nesta quinta-feira (21) a grade de atra\u00e7\u00f5es de 2024. Neste ano, o an\u00fancio foi feito em um evento h\u00edbrido, com a presen\u00e7a de empres\u00e1rios, da m\u00eddia e de influencers presencialmente numa festa no&nbsp;<em>rooftop&nbsp;<\/em>do Arax\u00e1 Center Shopping e simultaneamente em uma&nbsp;<em>live<\/em>&nbsp;que atraiu milhares de pessoas.<\/p>\n\n\n\n<p>O ARS 2024 chega com nova identidade visual. Um indicativo das mudan\u00e7as que ser\u00e3o feitas para a edi\u00e7\u00e3o de abril do ano que vem. \u201cTeremos uma estrutura muito diferente, com mudan\u00e7as significativas em alguns espa\u00e7os. Vamos crescer para atender ainda melhor o p\u00fablico que, como vimos aqui, j\u00e1 ficou entusiasmado com o an\u00fancio das atra\u00e7\u00f5es\u201d, conta Luciano Rios, organizador do ARS.<\/p>\n\n\n\n<p>Ser\u00e3o cinco dias de festa, com quatro shows duplos e a presen\u00e7a de artistas como Z\u00e9 Neto &amp; Cristiano, Jorge &amp; Mateus, Simone Mendes e Luan Pereira.<\/p>\n\n\n\n<p><strong>Programa\u00e7\u00e3o<\/strong><\/p>\n\n\n\n<p>Dia 17 &#8211; Luan Pereira I Luiz Neto &amp; Gustavo<\/p>\n\n\n\n<p>Dia 18 &#8211; Jorge &amp; Mateus I Isca Beats<\/p>\n\n\n\n<p>Dia 19 &#8211; Z\u00e9 Neto e Cristiano I Greg e Gont<\/p>\n\n\n\n<p>Dia 20 &#8211; Simone Mendes I Vitor &amp; Versol<\/p>\n\n\n\n<p>Dia 21 &#8211; Fred &amp; Fabr\u00edcio<\/p>\n\n\n\n<p><strong>Atra\u00e7\u00f5es<\/strong><\/p>\n\n\n\n<p><strong>Luan Pereira<\/strong><\/p>\n\n\n\n<p>A maior contrata\u00e7\u00e3o da Som Livre nos \u00faltimos 10 anos e um dos principais nomes do \u201cagronejo\u201d, Luan Pereira come\u00e7ou a carreira musical aos 17 anos, publicando v\u00eddeos na internet. Seu talento e dedica\u00e7\u00e3o o levaram ao topo do Spotify com a m\u00fasica &#8220;Dentro da Hilux&#8221;, que conta com as participa\u00e7\u00f5es de MC Daniel e Ryan SP.<\/p>\n\n\n\n<p>S\u00f3 no Youtube, Luan tem 1.64 milh\u00f5es de inscritos e 292 v\u00eddeos. Seus v\u00eddeos mais populares incluem &#8220;Ela Pirou na Dodge Ram&#8221; com 124 milh\u00f5es de visualiza\u00e7\u00f5es e &#8220;Dentro da Hilux&#8221; com 134 milh\u00f5es de visualiza\u00e7\u00f5es.<\/p>\n\n\n\n<p><strong>Luiz Neto &amp; Gustavo<\/strong><\/p>\n\n\n\n<p>Luiz Neto &amp; Gustavo s\u00e3o araxaenses e considerados uma grande promessa do sertanejo. Entre os sucessos, destaque para a m\u00fasica \u201cC\u00f3digo\u201d, que acumulou mais de 57 mil visualiza\u00e7\u00f5es no Youtube. A m\u00fasica \u201cBanco da Pra\u00e7a\u201d, que faz parte do EP \u201cUm de Cada\u201d, tem mais de 7.5 mil visualiza\u00e7\u00f5es na mesma plataforma.<\/p>\n\n\n\n<p><strong>Jorge &amp; Mateus<\/strong><\/p>\n\n\n\n<p>Fechando o ano com mais de 3 bilh\u00f5es de&nbsp;<em>streams<\/em>&nbsp;e visualiza\u00e7\u00f5es em todos os aplicativos de \u00e1udio e v\u00eddeo, a dupla Jorge &amp; Mateus vem se preparando para os lan\u00e7amentos de 2024. A \u00faltima can\u00e7\u00e3o disponibilizada, o single \u201cD\u00f3i\u201d recebeu a indica\u00e7\u00e3o ao Pr\u00eamio Multishow. Tamb\u00e9m este ano, a dupla foi indicada ao Grammy Latino, com o \u00e1lbum \u201c\u00c9 simples assim\u201d.&nbsp;<\/p>\n\n\n\n<p>Os principais sucessos de Jorge &amp; Mateus incluem \u201cSosseguei\u201d, \u201cAmo noite e dia\u201d, \u201cVoa Beija-Flor\u201d, \u201cCalma\u201d, \u201cA\u00ed j\u00e1 era\u201d, \u201cA hora \u00e9 agora\u201d, \u201cPropaganda\u201d e \u201cVou voando\u201d.<\/p>\n\n\n\n<p><strong>Isca Beats<\/strong><\/p>\n\n\n\n<p>O talento de Isca Beats em unir elementos do funk megatron com a for\u00e7a pulsante do Miami Bass \u00e9 ineg\u00e1vel. Com apenas um ano de projeto, o DJ e produtor Isca Beats \u00e9 um fen\u00f4meno. Prova disso \u00e9 remix oficial para Alok na trilha sonora da novela Travessia, da Rede Globo. Beats tamb\u00e9m superou a marca de 1 bilh\u00e3o de visualiza\u00e7\u00f5es no TikTok.<\/p>\n\n\n\n<p>Entre os sucessos est\u00e3o \u201cMega do Goosebumps\u201d, \u201cTchau\u201d, \u201cPisadinha da Shakira\u201d, \u201cBruna (I\u2019m Blue)\u201d e \u201cBetter off Love\u201d.<\/p>\n\n\n\n<p><strong>Z\u00e9 Neto &amp; Cristiano<\/strong><\/p>\n\n\n\n<p>2023 foi um ano decisivo para Z\u00e9 Neto &amp; Cristiano. \u201cEscolhas\u201d conquistou a primeira posi\u00e7\u00e3o com o \u00e1lbum mais ouvido do Spotify Brasil. O projeto gravado em janeiro deste ano tem 19 m\u00fasicas que somam mais de 650 milh\u00f5es de players na mesma plataforma. Atualmente quatro m\u00fasicas est\u00e3o presentes no Top 100 da plataforma, \u201cBarulho do foguete\u201d, \u201cUm m\u00eas e pouco\u201d, \u201cP\u00e1tio do posto\u201d e \u201cOi balde\u201d, que, sozinha, acumula mais de 212 milh\u00f5es de&nbsp;<em>players<\/em>&nbsp;no Spotify.&nbsp;<\/p>\n\n\n\n<p>Jos\u00e9 Toscano Martins Neto (Z\u00e9 Neto) e Irineu T\u00e1paro Vaccari (Cristiano) nasceram em S\u00e3o Jos\u00e9 do Rio Preto, no interior de S\u00e3o Paulo, e come\u00e7aram a carreira musical juntos em 2011. A dupla ganhou notoriedade com sucessos como \u201cTe Amo\u201d, \u201cSeu Pol\u00edcia\u201d e \u201cEu Ligo Pra Voc\u00ea\u201d.<\/p>\n\n\n\n<p><strong>Greg e Gont<\/strong><\/p>\n\n\n\n<p>Greg &amp; Gont \u00e9 um projeto musical formado pelos DJs Vin\u00edcius Greg\u00f3rio e T\u00falio Gontijo, que s\u00e3o amigos de longa data e cresceram juntos em Belo Horizonte. Com menos de tr\u00eas anos de carreira, a dupla j\u00e1 conquistou v\u00e1rias das pistas mais badaladas do Brasil, apresentando shows repletos de mashups pr\u00f3prios e uma mistura energ\u00e9tica de v\u00e1rios estilos musicais, com a house music como base.<\/p>\n\n\n\n<p>Greg &amp; Gont j\u00e1 atingiram mais de 10 milh\u00f5es de pessoas em todas as plataformas digitais. Eles t\u00eam v\u00e1rios lan\u00e7amentos de sucesso, incluindo colabora\u00e7\u00f5es com Gabi Luthai em &#8220;T\u00f4 nem a\u00ed&#8221; e com Clayton e Rom\u00e1rio em &#8220;Pingaiada&#8221; e &#8220;Quando essa mina se soltar&#8221;, que contou com a participa\u00e7\u00e3o de Mc Matheuzinho.<\/p>\n\n\n\n<p><strong>Simone Mendes<\/strong><\/p>\n\n\n\n<p>Premiada esta semana em mais uma edi\u00e7\u00e3o do \u201cMelhores do Ano\u201d do \u201cDoming\u00e3o com Huck\u201d, da TV Globo, na categoria \u2018M\u00fasica do Ano\u2019 com o hit \u2018Erro Gostoso\u2019, a cantora baiana Simone Mendes celebra um ano de conquistas. Atualmente, o clipe de \u2018Erro Gostoso\u201d conta com mais de 264 milh\u00f5es de visualiza\u00e7\u00f5es no YouTube e atingiu mais de 200 milh\u00f5es de reprodu\u00e7\u00f5es nas plataformas de streaming.<\/p>\n\n\n\n<p>Apesar de ter uma carreira de sucesso com sua irm\u00e3, Simone Mendes decidiu seguir carreira solo em 2022 e j\u00e1 atingiu marcos impressionantes, como mais de 308 milh\u00f5es de visualiza\u00e7\u00f5es em seu canal do YouTube e mais de 1.8 milh\u00e3o de ouvintes mensais no Spotify. Al\u00e9m de \u201cErro Gostoso\u201d, os sucessos de Simone incluem \u201cDois Fugitivos\u201d, \u201cDaqui pra Sempre\u201d e &#8220;Manda um Oi&#8221;.<\/p>\n\n\n\n<p><strong>Vitor e Versol<\/strong><\/p>\n\n\n\n<p>Com uma trajet\u00f3ria ascendente e talento ineg\u00e1vel, Vitor &amp; Versol t\u00eam conquistado espa\u00e7o no cen\u00e1rio sertanejo. Seus shows envolventes e letras marcantes, j\u00e1 conhecidas do grande p\u00fablico, t\u00eam cativado cada vez mais admiradores, tornando-os uma das duplas mais promissoras do g\u00eanero.\u2019<\/p>\n\n\n\n<p>A dupla gravou recentemente o segundo DVD intitulado &#8220;At\u00e9 a \u00faltima gota&#8221;, que marca uma nova fase na carreira. Com oito m\u00fasicas autorais, representando um diferencial na carreira de Vitor &amp; Versol, o projeto \u00e9 um sucesso na internet. A m\u00fasica &#8220;At\u00e9 a \u00daltima Gota&#8221; tem mais de 210 mil visualiza\u00e7\u00f5es no Youtube, \u201cCama Alugada\u201d j\u00e1 passou de 180 mil visualiza\u00e7\u00f5es na mesma plataforma. Sucessos como &#8220;Casa de Verdade&#8221;, &#8220;Cabel\u00e3o Enrolado&#8221;, &#8220;Pr\u00f3ximo Passo&#8221;, &#8220;Cacha\u00e7a pra Dentro&#8221;, &#8220;V\u00edcio dos Meus V\u00edcios&#8221; e &#8220;Trauma&#8221; v\u00e3o pelo mesmo caminho.<\/p>\n\n\n\n<p><strong>Fred &amp; Fabr\u00edcio<\/strong><\/p>\n\n\n\n<p>Reconhecidos por serem a primeira dupla sertaneja a se revezar entre primeira e segunda voz nas mesmas can\u00e7\u00f5es, Fred &amp; Fabr\u00edcio seguem apostando em diferentes harmonias e melodias vocais durante suas m\u00fasicas, como se fossem uma dupla de quatro vozes. Tamb\u00e9m compositores, colecionam m\u00fasicas gravadas por diversos cantores nacionais, como Jorge &amp; Mateus, Luan Santana, Gusttavo Lima, Zez\u00e9 Di Camargo &amp; Luciano, Jo\u00e3o Bosco &amp; Vin\u00edcius, Munhoz &amp; Mariano e C\u00e9sar Menotti &amp; Fabiano.<\/p>\n\n\n\n<p>No Spotify, eles t\u00eam quase 2,2 milh\u00f5es de ouvintes mensais. Al\u00e9m disso, acumularam mais de 118,5 milh\u00f5es de visualiza\u00e7\u00f5es no YouTube. Os principais sucessos incluem \u201c@Tenta\u00e7\u00e3o\u201d, \u201cGuarda Roupa\u201d, \u201cFlor de Pl\u00e1stico\u201d, \u201cDia 7\u201d, e &#8220;Contra a Mar\u00e9&#8221;<\/p>\n\n\n\n<p><strong><em>Servi\u00e7o<\/em><\/strong><\/p>\n\n\n\n<p><strong><em>Arax\u00e1 Rodeio Show<\/em><\/strong><\/p>\n\n\n\n<p><strong>Data:<\/strong>&nbsp;17 a 21 de abril de 2024<\/p>\n\n\n\n<p><strong>Local:<\/strong>&nbsp;Parque de Exposi\u00e7\u00f5es Agenor Lemos<strong>Ingressos:<\/strong>&nbsp;Lote Promocional \u2013 vendas ser\u00e3o iniciadas em breve<\/p>\n","protected":false},"excerpt":{"rendered":"<p>Ser\u00e3o cinco dias de festa, com quatro shows duplos e grande estrutura no Parque de Exposi\u00e7\u00f5es A organiza\u00e7\u00e3o do Arax\u00e1<\/p>\n","protected":false},"author":2,"featured_media":6909,"comment_status":"open","ping_status":"open","sticky":false,"template":"","format":"standard","meta":{"footnotes":""},"categories":[9,5,11],"tags":[],"class_list":["post-6908","post","type-post","status-publish","format-standard","has-post-thumbnail","hentry","category-araxa","category-arte-e-cultura","category-destaques"],"_links":{"self":[{"href":"http:\/\/blogdoarmindomaia.com.br\/index.php?rest_route=\/wp\/v2\/posts\/6908","targetHints":{"allow":["GET"]}}],"collection":[{"href":"http:\/\/blogdoarmindomaia.com.br\/index.php?rest_route=\/wp\/v2\/posts"}],"about":[{"href":"http:\/\/blogdoarmindomaia.com.br\/index.php?rest_route=\/wp\/v2\/types\/post"}],"author":[{"embeddable":true,"href":"http:\/\/blogdoarmindomaia.com.br\/index.php?rest_route=\/wp\/v2\/users\/2"}],"replies":[{"embeddable":true,"href":"http:\/\/blogdoarmindomaia.com.br\/index.php?rest_route=%2Fwp%2Fv2%2Fcomments&post=6908"}],"version-history":[{"count":1,"href":"http:\/\/blogdoarmindomaia.com.br\/index.php?rest_route=\/wp\/v2\/posts\/6908\/revisions"}],"predecessor-version":[{"id":6910,"href":"http:\/\/blogdoarmindomaia.com.br\/index.php?rest_route=\/wp\/v2\/posts\/6908\/revisions\/6910"}],"wp:featuredmedia":[{"embeddable":true,"href":"http:\/\/blogdoarmindomaia.com.br\/index.php?rest_route=\/wp\/v2\/media\/6909"}],"wp:attachment":[{"href":"http:\/\/blogdoarmindomaia.com.br\/index.php?rest_route=%2Fwp%2Fv2%2Fmedia&parent=6908"}],"wp:term":[{"taxonomy":"category","embeddable":true,"href":"http:\/\/blogdoarmindomaia.com.br\/index.php?rest_route=%2Fwp%2Fv2%2Fcategories&post=6908"},{"taxonomy":"post_tag","embeddable":true,"href":"http:\/\/blogdoarmindomaia.com.br\/index.php?rest_route=%2Fwp%2Fv2%2Ftags&post=6908"}],"curies":[{"name":"wp","href":"https:\/\/api.w.org\/{rel}","templated":true}]}}