{"id":6911,"date":"2023-12-22T14:24:53","date_gmt":"2023-12-22T17:24:53","guid":{"rendered":"http:\/\/blogdoarmindomaia.com.br\/?p=6911"},"modified":"2023-12-22T14:24:55","modified_gmt":"2023-12-22T17:24:55","slug":"araxa-faz-muito-bem-ha-158-anos-uma-feliz-cidade","status":"publish","type":"post","link":"http:\/\/blogdoarmindomaia.com.br\/?p=6911","title":{"rendered":"Arax\u00e1 faz muito bem, h\u00e1 158 anos: Uma Feliz Cidade\u00a0"},"content":{"rendered":"\n<p>Arax\u00e1 completou na \u00faltima ter\u00e7a feira, dia 19 de dezembro de 2023, mais um anivers\u00e1rio.<\/p>\n\n\n\n<figure class=\"wp-block-image size-full is-style-default\"><img loading=\"lazy\" decoding=\"async\" width=\"1024\" height=\"685\" src=\"http:\/\/blogdoarmindomaia.com.br\/wp-content\/uploads\/2023\/12\/Araxa-faz-muito-bem-ha-158-anos-pag-07.jpg\" alt=\"\" class=\"wp-image-6912\" srcset=\"http:\/\/blogdoarmindomaia.com.br\/wp-content\/uploads\/2023\/12\/Araxa-faz-muito-bem-ha-158-anos-pag-07.jpg 1024w, http:\/\/blogdoarmindomaia.com.br\/wp-content\/uploads\/2023\/12\/Araxa-faz-muito-bem-ha-158-anos-pag-07-300x201.jpg 300w, http:\/\/blogdoarmindomaia.com.br\/wp-content\/uploads\/2023\/12\/Araxa-faz-muito-bem-ha-158-anos-pag-07-768x514.jpg 768w\" sizes=\"auto, (max-width: 1024px) 100vw, 1024px\" \/><\/figure>\n\n\n\n<p>&nbsp;A data da emancipa\u00e7\u00e3o pol\u00edtica de Arax\u00e1, n\u00e3o marca apenas 158 anos; mas simboliza muito! Ao longo deste tempo Arax\u00e1 cresceu, evoluiu e continua o seu legado de muitas conquistas, hist\u00f3rias interessantes e rever\u00eancia, com justi\u00e7a aos milhares de cidad\u00e3os famosos e an\u00f4nimos que ajudaram a&nbsp;construir cada pedacinho&nbsp;dessa cidade de lendas, riquezas naturais, um passado fascinante e curioso. Ao completar 158 anos de muitas realiza\u00e7\u00f5es, a nossa Arax\u00e1 tamb\u00e9m celebra o t\u00edtulo de um dos munic\u00edpios mais estrat\u00e9gicos e importantes do Brasil e do mundo; ber\u00e7o de fontes minerais exclusivas para o desenvolvimento tecnol\u00f3gico do planeta e sobreviv\u00eancia da humanidade. Ao possuir mais de 90 por cento das reservas de ni\u00f3bio do mundo, entre terras-raras, a cidade tem destaque especial no mercado estrangeiro do setor, o qual garante uma economia s\u00f3lida e estruturada. A terra do sol, das fontes e das \u00e1guas&nbsp;medicinais tamb\u00e9m escreveu, ao longo desses 158 anos, hist\u00f3rias de sucesso e revelou grandes araxaenses que se destacaram pelo talento, profissionalismo, empreendedorismo e amor \u00e0 terra da lend\u00e1ria Dona Beja. Lugar de clima agrad\u00e1vel, de gente tranquila, hospitaleira e de belezas naturais, Arax\u00e1 tem hoje em torno de 120 mil habitantes. O charme, a beleza e os atrativos naturais da cidade atraem milhares de turistas e visitantes a cada ano. Gente de toda parte do Brasil e at\u00e9 do exterior que vem desfrutar dos&nbsp;encantos, da tranquilidade e da hospitalidade dessa cidade do interior das Minas Gerais, que oferta os servi\u00e7os do imponente e suntuoso Grande Hotel do Barreiro e suas Termas, famosas pelos banhos que prometem cura de v\u00e1rias enfermidades, tratamento est\u00e9tico e rejuvenecimento. &nbsp;Nesses 158 anos de vida, a cidade cresceu, ampliou seus limites, aumentou suas riquezas, reinventando-se a cada dia. Esta \u00e9 a Arax\u00e1 2023: um pequeno e simp\u00e1tico&nbsp;munic\u00edpio localizado no Alto Parana\u00edba que, ao completar&nbsp; 156 anos, ainda celebra e relembra a import\u00e2ncia de seus prim\u00f3rdios, daquela \u00e1rea&nbsp; que era ocupada inicialmente por \u00edndios da tribo Arach\u00e1s, que na l\u00edngua tupi-guarani, significa \u2018lugar alto onde primeiro se v\u00ea o sol\u2019 e por um grupo de escravos fugitivos, que fundaram o Quil\u00f4mbo do Ambr\u00f3sio. Arax\u00e1 da lend\u00e1ria Dona Beja, mulher encantadora e de forte personalidade, demasiadamente avan\u00e7ada pela sua \u00e9poca, mas que at\u00e9 hoje ainda \u00e9 lembrada e comentada at\u00e9 fora do pa\u00eds. Esta \u00e9 Arax\u00e1 dos 158 anos: uma Feliz Cidade, onde a vida se move devagar, despertando sentimentos variados de amor e carinho.&nbsp; Um cantinho \u00fanico e especial aben\u00e7oado pelas m\u00e3os do Criador! Parab\u00e9ns povo de Arax\u00e1 por mais uma data&nbsp;especial celebrada com a for\u00e7a do trabalho e a coragem dessa gente valoroza e mineiramente hospitaleira!<\/p>\n","protected":false},"excerpt":{"rendered":"<p>Arax\u00e1 completou na \u00faltima ter\u00e7a feira, dia 19 de dezembro de 2023, mais um anivers\u00e1rio. &nbsp;A data da emancipa\u00e7\u00e3o pol\u00edtica<\/p>\n","protected":false},"author":2,"featured_media":6912,"comment_status":"open","ping_status":"open","sticky":false,"template":"","format":"standard","meta":{"footnotes":""},"categories":[9,11],"tags":[],"class_list":["post-6911","post","type-post","status-publish","format-standard","has-post-thumbnail","hentry","category-araxa","category-destaques"],"_links":{"self":[{"href":"http:\/\/blogdoarmindomaia.com.br\/index.php?rest_route=\/wp\/v2\/posts\/6911","targetHints":{"allow":["GET"]}}],"collection":[{"href":"http:\/\/blogdoarmindomaia.com.br\/index.php?rest_route=\/wp\/v2\/posts"}],"about":[{"href":"http:\/\/blogdoarmindomaia.com.br\/index.php?rest_route=\/wp\/v2\/types\/post"}],"author":[{"embeddable":true,"href":"http:\/\/blogdoarmindomaia.com.br\/index.php?rest_route=\/wp\/v2\/users\/2"}],"replies":[{"embeddable":true,"href":"http:\/\/blogdoarmindomaia.com.br\/index.php?rest_route=%2Fwp%2Fv2%2Fcomments&post=6911"}],"version-history":[{"count":1,"href":"http:\/\/blogdoarmindomaia.com.br\/index.php?rest_route=\/wp\/v2\/posts\/6911\/revisions"}],"predecessor-version":[{"id":6913,"href":"http:\/\/blogdoarmindomaia.com.br\/index.php?rest_route=\/wp\/v2\/posts\/6911\/revisions\/6913"}],"wp:featuredmedia":[{"embeddable":true,"href":"http:\/\/blogdoarmindomaia.com.br\/index.php?rest_route=\/wp\/v2\/media\/6912"}],"wp:attachment":[{"href":"http:\/\/blogdoarmindomaia.com.br\/index.php?rest_route=%2Fwp%2Fv2%2Fmedia&parent=6911"}],"wp:term":[{"taxonomy":"category","embeddable":true,"href":"http:\/\/blogdoarmindomaia.com.br\/index.php?rest_route=%2Fwp%2Fv2%2Fcategories&post=6911"},{"taxonomy":"post_tag","embeddable":true,"href":"http:\/\/blogdoarmindomaia.com.br\/index.php?rest_route=%2Fwp%2Fv2%2Ftags&post=6911"}],"curies":[{"name":"wp","href":"https:\/\/api.w.org\/{rel}","templated":true}]}}