{"id":6921,"date":"2023-12-27T15:44:25","date_gmt":"2023-12-27T18:44:25","guid":{"rendered":"http:\/\/blogdoarmindomaia.com.br\/?p=6921"},"modified":"2023-12-27T15:44:27","modified_gmt":"2023-12-27T18:44:27","slug":"zema-entrega-titulos-de-propriedade-definitiva-a-116-familias-de-araxa","status":"publish","type":"post","link":"http:\/\/blogdoarmindomaia.com.br\/?p=6921","title":{"rendered":"Zema entrega t\u00edtulos de propriedade definitiva a 116 fam\u00edlias de Arax\u00e1"},"content":{"rendered":"\n<figure class=\"wp-block-image size-full is-style-default\"><img loading=\"lazy\" decoding=\"async\" width=\"800\" height=\"533\" src=\"http:\/\/blogdoarmindomaia.com.br\/wp-content\/uploads\/2023\/12\/Zema-entrega-titulos-de-propriedade-definitiva-a-116-familias-de-Araxa-pag-07.jpg\" alt=\"\" class=\"wp-image-6922\" srcset=\"http:\/\/blogdoarmindomaia.com.br\/wp-content\/uploads\/2023\/12\/Zema-entrega-titulos-de-propriedade-definitiva-a-116-familias-de-Araxa-pag-07.jpg 800w, http:\/\/blogdoarmindomaia.com.br\/wp-content\/uploads\/2023\/12\/Zema-entrega-titulos-de-propriedade-definitiva-a-116-familias-de-Araxa-pag-07-300x200.jpg 300w, http:\/\/blogdoarmindomaia.com.br\/wp-content\/uploads\/2023\/12\/Zema-entrega-titulos-de-propriedade-definitiva-a-116-familias-de-Araxa-pag-07-768x512.jpg 768w\" sizes=\"auto, (max-width: 800px) 100vw, 800px\" \/><\/figure>\n\n\n\n<p>O governador de Minas Gerais, Romeu Zema, entregou t\u00edtulos de propriedade definitiva de im\u00f3veis para 116 fam\u00edlias, na \u00faltima sexta-feira (22\/12), em Arax\u00e1. Os im\u00f3veis s\u00e3o financiados pelo&nbsp;<a href=\"http:\/\/www.mg.gov.br\/\" target=\"_blank\" rel=\"noreferrer noopener\">Governo de Minas<\/a>, por meio da&nbsp;<a href=\"http:\/\/www.cohab.mg.gov.br\/\" target=\"_blank\" rel=\"noreferrer noopener\">Companhia de Habita\u00e7\u00e3o do Estado de Minas Gerais (Cohab Minas)<\/a>, nos conjuntos habitacionais Urciano Lemos e Alvorada, e o recebimento dos t\u00edtulos encerra uma espera de d\u00e9cadas pelo documento definitivo da casa pr\u00f3pria. Os conjuntos foram edificados pela Cohab Minas nas d\u00e9cadas de 1970 e de 1980. \u201dEsse t\u00edtulo significa dignidade para a fam\u00edlia, que passa a ter um im\u00f3vel formalmente seu, e n\u00e3o uma posse prec\u00e1ria. H\u00e1 uma valoriza\u00e7\u00e3o do im\u00f3vel e isso resulta em desenvolvimento econ\u00f4mico, porque agora o propriet\u00e1rio pode aplicar recursos em reforma, pode pegar empr\u00e9stimos para ampliar esse im\u00f3vel\u201d, comemorou Zema. \u201cO Brasil \u00e9 um pa\u00eds extremamente burocr\u00e1tico&nbsp;e, muitas vezes, por causa de uma v\u00edrgula, essa quest\u00e3o fica agarrada por anos ou d\u00e9cadas.&nbsp;Muitos desses im\u00f3veis s\u00e3o de fam\u00edlias em que o pai j\u00e1 faleceu; o im\u00f3vel j\u00e1 est\u00e1 com o filho ou o neto\u201d, observou o governador.<\/p>\n\n\n\n<p>\u00c9 o caso da Terezinha Maria das Gra\u00e7as. Aos 57 anos, ela finalmente conseguiu o t\u00edtulo da propriedade para a qual o pai levou a fam\u00edlia, em 1981, no bairro Urciano Lemos. Ele morreu em 2016, antes de desfrutar&nbsp;dessa alegria com a fam\u00edlia e seus 11 filhos.<\/p>\n\n\n\n<p>\u201cQuando chegamos, eu tinha uns 15 anos e nos disseram que, ap\u00f3s os pagamentos, ter\u00edamos a escritura em uns 20 anos, Ent\u00e3o, hoje \u00e9 um dia muito feliz. Meus irm\u00e3os e eu estamos vendo esse sonho realizado de ter a dignidade, de falar que isso \u00e9 nosso teto, pra cobrir de sol e de chuva\u201d, relatou. &#8220;S\u00f3 deu um pouco de tristeza porque se meu pai estivesse conosco seria muito melhor. Eu estive fora de Arax\u00e1 um pouco, mas,&nbsp;quando vinha visit\u00e1-lo, ele sempre falava, todo feliz: \u2018N\u00f3s vamos receber a escritura, vamos receber a escritura!\u2019, completou.<\/p>\n\n\n\n<p><strong>Mutir\u00e3o das Escrituras e Meu Lar<\/strong><br><br>A entrega \u00e9 resultado dos projetos Mutir\u00e3o das Escrituras e Meu Lar, realizados pela Cohab Minas, em maio e outubro, respectivamente, em Arax\u00e1. No caso do Mutir\u00e3o das Escrituras, uma equipe de t\u00e9cnicos da companhia esteve durante uma semana no munic\u00edpio para orientar cada morador sobre as principais pend\u00eancias documentais a serem solucionadas para a regulariza\u00e7\u00e3o do im\u00f3vel.<\/p>\n\n\n\n<p><br>Na ocasi\u00e3o, foram realizados 203 atendimentos, em parceria com a C\u00e2mara Municipal de Arax\u00e1, que prestou apoio operacional para o trabalho.<br><br>\u201cFizemos um esfor\u00e7o com um time que veio recolher documentos, ajudar a popula\u00e7\u00e3o dos conjuntos da Cohab em um mutir\u00e3o que promoveu descontos em juros, em multas e uma s\u00e9rie de benef\u00edcios para os mutu\u00e1rios.&nbsp;Foi um processo que durou alguns meses,&nbsp;e estamos entregando praticamente 10% dos t\u00edtulos desses conjuntos em Arax\u00e1\u201d, explicou o diretor-presidente da Cohab Minas, Ricardo Gontijo.<\/p>\n\n\n\n<p>\u201cAinda fizemos um conv\u00eanio com o Tribunal de Justi\u00e7a de Minas Gerais (TJMG), fundamental para que parte dessas escrituras fossem assinadas\u201d, disse, em refer\u00eancia ao projeto Meu Lar. A parceria com a presid\u00eancia do TJMG realizou 42 audi\u00eancias de concilia\u00e7\u00e3o para viabilizar escrituras com impeditivos relacionados a contratos de gaveta e partilha de direitos, como casos de invent\u00e1rios pendentes. O esfor\u00e7o conjunto resultou na entrega das 116 escrituras.<\/p>\n","protected":false},"excerpt":{"rendered":"<p>O governador de Minas Gerais, Romeu Zema, entregou t\u00edtulos de propriedade definitiva de im\u00f3veis para 116 fam\u00edlias, na \u00faltima sexta-feira<\/p>\n","protected":false},"author":2,"featured_media":6922,"comment_status":"open","ping_status":"open","sticky":false,"template":"","format":"standard","meta":{"footnotes":""},"categories":[9,11],"tags":[],"class_list":["post-6921","post","type-post","status-publish","format-standard","has-post-thumbnail","hentry","category-araxa","category-destaques"],"_links":{"self":[{"href":"http:\/\/blogdoarmindomaia.com.br\/index.php?rest_route=\/wp\/v2\/posts\/6921","targetHints":{"allow":["GET"]}}],"collection":[{"href":"http:\/\/blogdoarmindomaia.com.br\/index.php?rest_route=\/wp\/v2\/posts"}],"about":[{"href":"http:\/\/blogdoarmindomaia.com.br\/index.php?rest_route=\/wp\/v2\/types\/post"}],"author":[{"embeddable":true,"href":"http:\/\/blogdoarmindomaia.com.br\/index.php?rest_route=\/wp\/v2\/users\/2"}],"replies":[{"embeddable":true,"href":"http:\/\/blogdoarmindomaia.com.br\/index.php?rest_route=%2Fwp%2Fv2%2Fcomments&post=6921"}],"version-history":[{"count":1,"href":"http:\/\/blogdoarmindomaia.com.br\/index.php?rest_route=\/wp\/v2\/posts\/6921\/revisions"}],"predecessor-version":[{"id":6923,"href":"http:\/\/blogdoarmindomaia.com.br\/index.php?rest_route=\/wp\/v2\/posts\/6921\/revisions\/6923"}],"wp:featuredmedia":[{"embeddable":true,"href":"http:\/\/blogdoarmindomaia.com.br\/index.php?rest_route=\/wp\/v2\/media\/6922"}],"wp:attachment":[{"href":"http:\/\/blogdoarmindomaia.com.br\/index.php?rest_route=%2Fwp%2Fv2%2Fmedia&parent=6921"}],"wp:term":[{"taxonomy":"category","embeddable":true,"href":"http:\/\/blogdoarmindomaia.com.br\/index.php?rest_route=%2Fwp%2Fv2%2Fcategories&post=6921"},{"taxonomy":"post_tag","embeddable":true,"href":"http:\/\/blogdoarmindomaia.com.br\/index.php?rest_route=%2Fwp%2Fv2%2Ftags&post=6921"}],"curies":[{"name":"wp","href":"https:\/\/api.w.org\/{rel}","templated":true}]}}