{"id":6924,"date":"2023-12-27T15:47:48","date_gmt":"2023-12-27T18:47:48","guid":{"rendered":"http:\/\/blogdoarmindomaia.com.br\/?p=6924"},"modified":"2023-12-27T15:47:50","modified_gmt":"2023-12-27T18:47:50","slug":"prefeitura-de-araxa-realiza-a-primeira-eleicao-direta-para-diretores-escolares","status":"publish","type":"post","link":"http:\/\/blogdoarmindomaia.com.br\/?p=6924","title":{"rendered":"Prefeitura de Arax\u00e1 realiza a primeira elei\u00e7\u00e3o direta para diretores escolares"},"content":{"rendered":"\n<figure class=\"wp-block-image size-full is-style-default\"><img loading=\"lazy\" decoding=\"async\" width=\"1025\" height=\"683\" src=\"http:\/\/blogdoarmindomaia.com.br\/wp-content\/uploads\/2023\/12\/Eleicao-Diretor-Escolar-8.jpeg\" alt=\"\" class=\"wp-image-6925\" srcset=\"http:\/\/blogdoarmindomaia.com.br\/wp-content\/uploads\/2023\/12\/Eleicao-Diretor-Escolar-8.jpeg 1025w, http:\/\/blogdoarmindomaia.com.br\/wp-content\/uploads\/2023\/12\/Eleicao-Diretor-Escolar-8-300x200.jpeg 300w, http:\/\/blogdoarmindomaia.com.br\/wp-content\/uploads\/2023\/12\/Eleicao-Diretor-Escolar-8-768x512.jpeg 768w\" sizes=\"auto, (max-width: 1025px) 100vw, 1025px\" \/><\/figure>\n\n\n\n<p>Estudantes, pais, professores e servidores da Secretaria Municipal de Educa\u00e7\u00e3o compareceram em peso \u00e0s urnas para a realiza\u00e7\u00e3o da primeira elei\u00e7\u00e3o direta para escolha de diretores escolares. Ao todo, houve vota\u00e7\u00e3o em 42 unidades de ensino da Rede Municipal, com 52 chapas registradas.&nbsp;<\/p>\n\n\n\n<p>Os eleitos desempenhar\u00e3o suas fun\u00e7\u00f5es no quadri\u00eanio 2024 a 2027. De acordo com a secret\u00e1ria Zulma Moreira, a iniciativa introduziu o inovador Plano de Gest\u00e3o Escolar (PGE), estabelecendo crit\u00e9rios t\u00e9cnicos de m\u00e9rito e desempenho para a candidatura ao pleito.&nbsp;<\/p>\n\n\n\n<p>\u201cImplantamos um processo que busca promover lideran\u00e7as qualificadas, assegurando a gest\u00e3o democr\u00e1tica das escolas\u201d, destaca.<\/p>\n\n\n\n<p>O prefeito Robson Magela destaca que \u00e9 importante a constru\u00e7\u00e3o de um ambiente democr\u00e1tico e representativo nas escolas d\u00e1 voz aos anseios da comunidade.&nbsp;<\/p>\n\n\n\n<p>\u201cPrimeiramente quero parabenizar todos os diretores eleitos e tamb\u00e9m os que se candidatam para essa fun\u00e7\u00e3o, que \u00e9 t\u00e3o importante para o desenvolvimento de bons cidad\u00e3os. Agora, os eleitos ter\u00e3o o desafio de liderar as unidades de ensino, guiados pelos princ\u00edpios da gest\u00e3o democr\u00e1tica e pela responsabilidade de atender \u00e0s necessidades da comunidade educacional araxaense\u201d, diz.<\/p>\n\n\n\n<p>As escolas onde n\u00e3o houve elei\u00e7\u00e3o, em raz\u00e3o de n\u00e3o ter candidatos que cumprissem todos os requisitos necess\u00e1rios para candidatura, o diretor ser\u00e1 indicado, seguindo os crit\u00e9rios da legisla\u00e7\u00e3o.<\/p>\n\n\n\n<p>Confira as chapas vencedoras:<\/p>\n\n\n\n<p>\u2022&nbsp; &nbsp; CEMEI Anita Mesquita &#8211; Luciana Fonseca Pires<\/p>\n\n\n\n<p>\u2022&nbsp; &nbsp; CEMEI Araci Pedrelina de Lima &#8211; Simone Aparecida Cearense Magela<\/p>\n\n\n\n<p>\u2022&nbsp; &nbsp; CEMEI Armindo Barbosa &#8211; N\u00e3o houve chapa inscrita<\/p>\n\n\n\n<p>\u2022&nbsp; &nbsp; CEMEI Az\u00e1lia Guimar\u00e3es &#8211; Marilac Luiza Pacheco<\/p>\n\n\n\n<p>\u2022&nbsp; &nbsp; CEMEI Bal\u00e3o M\u00e1gico &#8211; Ana Paula Pinheiro Vaz Rosa<\/p>\n\n\n\n<p>\u2022&nbsp; &nbsp; CEMEI C\u00e1ssio Barsante &#8211; Aparecida Maria de Mendon\u00e7a Campos<\/p>\n\n\n\n<p>\u2022&nbsp; &nbsp; CEMEI Concei\u00e7\u00e3o Velasco &#8211; Patr\u00edcia de Souza Caixeta&nbsp;<\/p>\n\n\n\n<p>\u2022&nbsp; &nbsp; CEMEI Dalva Santos Zema &#8211; Adriana Gon\u00e7alves da Silva&nbsp;<\/p>\n\n\n\n<p>\u2022&nbsp; &nbsp; CEMEI de F\u00e1tima &#8211; Edelv\u00e2nia Aparecida Ribeiro Aguiar<\/p>\n\n\n\n<p>\u2022&nbsp; &nbsp; CEMEI Delica Pereira Vale &#8211; Domitila Maria Guimar\u00e3es&nbsp;&nbsp;<\/p>\n\n\n\n<p>\u2022&nbsp; &nbsp; CEMEI Dona Ad\u00e9lia Valle &#8211; Ana Maria Mariano Borges<\/p>\n\n\n\n<p>\u2022&nbsp; &nbsp; CEMEI Dona Petrosa &#8211; Lilian Salerno Martins<\/p>\n\n\n\n<p>\u2022&nbsp; &nbsp; CEMEI Doralice Afonso de Azevedo &#8211; Nilva Darc da Silva<\/p>\n\n\n\n<p>\u2022&nbsp; &nbsp; CEMEI Magdalena Lemos &#8211; Elenice das Gra\u00e7as Alves Pereira&nbsp;<\/p>\n\n\n\n<p>\u2022&nbsp; &nbsp; CEMEI Prof\u00aa Francisca Querina Martins de Oliveira &#8211; Elaine dos Santos Rufino<\/p>\n\n\n\n<p>\u2022&nbsp; &nbsp; CEMEI Prof\u00aa Maria das Dores Faria da Fonseca &#8211; N\u00e3o houve chapa inscrita<\/p>\n\n\n\n<p>\u2022&nbsp; &nbsp; CEMEI Prof\u00aa Olga Cunha Pinheiro &#8211; Karla Beatriz de Oliveira e Silva<\/p>\n\n\n\n<p>\u2022&nbsp; &nbsp; CEMEI Prof\u00aa Marlene Braga Guimar\u00e3es &#8211; Maria Abadia dos Reis Santana<\/p>\n\n\n\n<p>\u2022&nbsp; &nbsp; CEMEI Querobina Gomes Borges &#8211; Cristiane Alves Vieito&nbsp;<\/p>\n\n\n\n<p>\u2022&nbsp; &nbsp; CEMEI Sarah Valle Abrah\u00e3o &#8211;&nbsp; Elis\u00e2ngela Cristina Ferreira<\/p>\n\n\n\n<p>\u2022&nbsp; &nbsp; CEMEI Vicente Pereira da Silva &#8211; Elda Maria Rosa de Faria<\/p>\n\n\n\n<p>\u2022&nbsp; &nbsp; EMEI Dom Pixote &#8211; Renata das Gra\u00e7as Batista Lima<\/p>\n\n\n\n<p>\u2022&nbsp; &nbsp; EMEI Francisco Braga &#8211; Rossana Maria Severino Guimar\u00e3es Carneiro<\/p>\n\n\n\n<p>\u2022&nbsp; &nbsp; EMEI Lucas Teixeira dos Santos Junior &#8211; Maria Aparecida de Faria Oliveira<\/p>\n\n\n\n<p>\u2022&nbsp; &nbsp; E.M. Agar de Affonseca e Silva &#8211; Erica Cristina Cardoso Paulista<\/p>\n\n\n\n<p>\u2022&nbsp; &nbsp; E.M. Alice Moura &#8211; N\u00e3o houve chapa inscrita<\/p>\n\n\n\n<p>\u2022&nbsp; &nbsp; E.M. Ant\u00f4nio Augusto de Paiva &#8211; Jackeline Carla Ferreira<\/p>\n\n\n\n<p>\u2022&nbsp; &nbsp; E.M. Aziz J. Chaer &#8211; Maria Jos\u00e9 de Jesus Granja Marques<\/p>\n\n\n\n<p>\u2022&nbsp; &nbsp; E.M. Aplica\u00e7\u00e3o L\u00e9lia Guimar\u00e3es &#8211; Val\u00e9ria Aparecida Fran\u00e7a<\/p>\n\n\n\n<p>\u2022&nbsp; &nbsp; E.M. Benedito de Paula Filho &#8211; Mari\u00e2ngela Oliveira Cunha de Resende<\/p>\n\n\n\n<p>\u2022&nbsp; &nbsp; E.M. Delfim Moreira &#8211; Tatiane Teixeira Duarte<\/p>\n\n\n\n<p>\u2022&nbsp; &nbsp; E.M. Dona Gabriela &#8211; Cl\u00e1udia de F\u00e1tima de Faria Oliveira<\/p>\n\n\n\n<p>\u2022&nbsp; &nbsp; E.M. Dr. Eduardo Montandon &#8211; Maria Am\u00e9rica de F\u00e1tima Moura<\/p>\n\n\n\n<p>\u2022&nbsp; &nbsp; E.M. Eunice Weaver &#8211; Vanessa Rios Cardoso de Melo<\/p>\n\n\n\n<p>\u2022&nbsp; &nbsp; E.M. Francisco Primo, de Melo &#8211; Lilian Cristina Soares Ferreira Andrade<\/p>\n\n\n\n<p>\u2022&nbsp; &nbsp; E.M. Jos\u00e9 Bento &#8211; N\u00e3o houve chapa inscrita<\/p>\n\n\n\n<p>\u2022&nbsp; &nbsp; E.M. Lia Salgado &#8211; Fab\u00edola F\u00e1tima Bruno<\/p>\n\n\n\n<p>\u2022&nbsp; &nbsp; E.M. Manoela Lemos &#8211; N\u00e3o houve chapa inscrita<\/p>\n\n\n\n<p>\u2022&nbsp; &nbsp; E.M. Padre In\u00e1cio &#8211; Elaine Gomes de Paulo Almeida<\/p>\n\n\n\n<p>\u2022&nbsp; &nbsp; E.M Padre Jo\u00e3o Botelho &#8211; Cacilda de F\u00e1tima Cearence<\/p>\n\n\n\n<p>\u2022&nbsp; &nbsp; E.M. Pio XII &#8211; Vicentina Aparecida Ribeiro Borges<\/p>\n\n\n\n<p>\u2022&nbsp; &nbsp; E.M. Prof\u00aa Auxiliadora Paiva &#8211; Ana Lucia da Trindade Pereira<\/p>\n\n\n\n<p>\u2022&nbsp; &nbsp; E.M. Prof\u00aa Leonilda Montandon &#8211; L\u00e9a Francisca Batista<\/p>\n\n\n\n<p>\u2022&nbsp; &nbsp; E.M. Prof\u00aa Rom\u00e1lia Porf\u00edrio de Azevedo Leite &#8211; Ana Maria Rezende de Alencar Silva<\/p>\n\n\n\n<p>\u2022&nbsp; &nbsp; E.M. Professor Nelson Gomes &#8211; Rosa Maria Carneiro Oliveira<\/p>\n\n\n\n<p>\u2022&nbsp; &nbsp; CESU \u2013 Padre Evaristo Afonso &#8211; Aparecida Bruno Leite dos Santos<\/p>\n","protected":false},"excerpt":{"rendered":"<p>Estudantes, pais, professores e servidores da Secretaria Municipal de Educa\u00e7\u00e3o compareceram em peso \u00e0s urnas para a realiza\u00e7\u00e3o da primeira<\/p>\n","protected":false},"author":2,"featured_media":6925,"comment_status":"open","ping_status":"open","sticky":false,"template":"","format":"standard","meta":{"footnotes":""},"categories":[9,11,13],"tags":[],"class_list":["post-6924","post","type-post","status-publish","format-standard","has-post-thumbnail","hentry","category-araxa","category-destaques","category-educacao"],"_links":{"self":[{"href":"http:\/\/blogdoarmindomaia.com.br\/index.php?rest_route=\/wp\/v2\/posts\/6924","targetHints":{"allow":["GET"]}}],"collection":[{"href":"http:\/\/blogdoarmindomaia.com.br\/index.php?rest_route=\/wp\/v2\/posts"}],"about":[{"href":"http:\/\/blogdoarmindomaia.com.br\/index.php?rest_route=\/wp\/v2\/types\/post"}],"author":[{"embeddable":true,"href":"http:\/\/blogdoarmindomaia.com.br\/index.php?rest_route=\/wp\/v2\/users\/2"}],"replies":[{"embeddable":true,"href":"http:\/\/blogdoarmindomaia.com.br\/index.php?rest_route=%2Fwp%2Fv2%2Fcomments&post=6924"}],"version-history":[{"count":1,"href":"http:\/\/blogdoarmindomaia.com.br\/index.php?rest_route=\/wp\/v2\/posts\/6924\/revisions"}],"predecessor-version":[{"id":6926,"href":"http:\/\/blogdoarmindomaia.com.br\/index.php?rest_route=\/wp\/v2\/posts\/6924\/revisions\/6926"}],"wp:featuredmedia":[{"embeddable":true,"href":"http:\/\/blogdoarmindomaia.com.br\/index.php?rest_route=\/wp\/v2\/media\/6925"}],"wp:attachment":[{"href":"http:\/\/blogdoarmindomaia.com.br\/index.php?rest_route=%2Fwp%2Fv2%2Fmedia&parent=6924"}],"wp:term":[{"taxonomy":"category","embeddable":true,"href":"http:\/\/blogdoarmindomaia.com.br\/index.php?rest_route=%2Fwp%2Fv2%2Fcategories&post=6924"},{"taxonomy":"post_tag","embeddable":true,"href":"http:\/\/blogdoarmindomaia.com.br\/index.php?rest_route=%2Fwp%2Fv2%2Ftags&post=6924"}],"curies":[{"name":"wp","href":"https:\/\/api.w.org\/{rel}","templated":true}]}}