{"id":6930,"date":"2023-12-28T14:29:03","date_gmt":"2023-12-28T17:29:03","guid":{"rendered":"http:\/\/blogdoarmindomaia.com.br\/?p=6930"},"modified":"2023-12-28T14:29:05","modified_gmt":"2023-12-28T17:29:05","slug":"a-secretaria-municipal-de-educacao-informa-sobre-o-cronograma-de-matriculas-para-o-ano-de-2024","status":"publish","type":"post","link":"http:\/\/blogdoarmindomaia.com.br\/?p=6930","title":{"rendered":"A Secretaria Municipal de Educa\u00e7\u00e3o informa sobre o Cronograma de Matr\u00edculas para o ano de 2024."},"content":{"rendered":"\n<figure class=\"wp-block-image size-full is-style-default\"><img loading=\"lazy\" decoding=\"async\" width=\"1024\" height=\"683\" src=\"http:\/\/blogdoarmindomaia.com.br\/wp-content\/uploads\/2023\/12\/A-Secretaria-Municipal-de-Educacao-informa-sobre-o-Cronograma-de-Matriculas-pag-09.jpeg\" alt=\"\" class=\"wp-image-6931\" srcset=\"http:\/\/blogdoarmindomaia.com.br\/wp-content\/uploads\/2023\/12\/A-Secretaria-Municipal-de-Educacao-informa-sobre-o-Cronograma-de-Matriculas-pag-09.jpeg 1024w, http:\/\/blogdoarmindomaia.com.br\/wp-content\/uploads\/2023\/12\/A-Secretaria-Municipal-de-Educacao-informa-sobre-o-Cronograma-de-Matriculas-pag-09-300x200.jpeg 300w, http:\/\/blogdoarmindomaia.com.br\/wp-content\/uploads\/2023\/12\/A-Secretaria-Municipal-de-Educacao-informa-sobre-o-Cronograma-de-Matriculas-pag-09-768x512.jpeg 768w\" sizes=\"auto, (max-width: 1024px) 100vw, 1024px\" \/><\/figure>\n\n\n\n<p>Vagas remanescentes para 2024<br>&#8211; Ensino Fundamental: A partir de 25\/01\/2024.<br>&#8211; A Educa\u00e7\u00e3o Infantil seguir\u00e1 a lista de Classifica\u00e7\u00e3o do Cadastramento referente a cada Unidade de Ensino. Em caso de vagas remanescentes, a Secretaria Municipal de Educa\u00e7\u00e3o entrar\u00e1 em contato com as fam\u00edlias para avisar do surgimento da vaga e orientar sobre o processo de matr\u00edcula.<br><br>D\u00favidas e mais informa\u00e7\u00f5es, entrar em contato pelo telefone (34) 3669-9351, ou presencialmente em dias \u00fateis na Secretaria Municipal de Educa\u00e7\u00e3o, no Centro Administrativo (recesso de 18 de dezembro &nbsp;a 1\u00ba de janeiro) &#8211; &nbsp;av. Ros\u00e1lia Isaura de Ara\u00fajo, n\u00ba 275.<\/p>\n","protected":false},"excerpt":{"rendered":"<p>Vagas remanescentes para 2024&#8211; Ensino Fundamental: A partir de 25\/01\/2024.&#8211; A Educa\u00e7\u00e3o Infantil seguir\u00e1 a lista de Classifica\u00e7\u00e3o do Cadastramento<\/p>\n","protected":false},"author":2,"featured_media":6931,"comment_status":"open","ping_status":"open","sticky":false,"template":"","format":"standard","meta":{"footnotes":""},"categories":[9,11,13],"tags":[],"class_list":["post-6930","post","type-post","status-publish","format-standard","has-post-thumbnail","hentry","category-araxa","category-destaques","category-educacao"],"_links":{"self":[{"href":"http:\/\/blogdoarmindomaia.com.br\/index.php?rest_route=\/wp\/v2\/posts\/6930","targetHints":{"allow":["GET"]}}],"collection":[{"href":"http:\/\/blogdoarmindomaia.com.br\/index.php?rest_route=\/wp\/v2\/posts"}],"about":[{"href":"http:\/\/blogdoarmindomaia.com.br\/index.php?rest_route=\/wp\/v2\/types\/post"}],"author":[{"embeddable":true,"href":"http:\/\/blogdoarmindomaia.com.br\/index.php?rest_route=\/wp\/v2\/users\/2"}],"replies":[{"embeddable":true,"href":"http:\/\/blogdoarmindomaia.com.br\/index.php?rest_route=%2Fwp%2Fv2%2Fcomments&post=6930"}],"version-history":[{"count":1,"href":"http:\/\/blogdoarmindomaia.com.br\/index.php?rest_route=\/wp\/v2\/posts\/6930\/revisions"}],"predecessor-version":[{"id":6932,"href":"http:\/\/blogdoarmindomaia.com.br\/index.php?rest_route=\/wp\/v2\/posts\/6930\/revisions\/6932"}],"wp:featuredmedia":[{"embeddable":true,"href":"http:\/\/blogdoarmindomaia.com.br\/index.php?rest_route=\/wp\/v2\/media\/6931"}],"wp:attachment":[{"href":"http:\/\/blogdoarmindomaia.com.br\/index.php?rest_route=%2Fwp%2Fv2%2Fmedia&parent=6930"}],"wp:term":[{"taxonomy":"category","embeddable":true,"href":"http:\/\/blogdoarmindomaia.com.br\/index.php?rest_route=%2Fwp%2Fv2%2Fcategories&post=6930"},{"taxonomy":"post_tag","embeddable":true,"href":"http:\/\/blogdoarmindomaia.com.br\/index.php?rest_route=%2Fwp%2Fv2%2Ftags&post=6930"}],"curies":[{"name":"wp","href":"https:\/\/api.w.org\/{rel}","templated":true}]}}