{"id":6933,"date":"2023-12-28T14:32:00","date_gmt":"2023-12-28T17:32:00","guid":{"rendered":"http:\/\/blogdoarmindomaia.com.br\/?p=6933"},"modified":"2023-12-28T14:32:02","modified_gmt":"2023-12-28T17:32:02","slug":"aberta-licitacao-de-contratacao-de-empresa-para-operar-estacionamento-rotativo","status":"publish","type":"post","link":"http:\/\/blogdoarmindomaia.com.br\/?p=6933","title":{"rendered":"Aberta \u00a0licita\u00e7\u00e3o de contrata\u00e7\u00e3o de empresa para operar Estacionamento Rotativo"},"content":{"rendered":"\n<figure class=\"wp-block-image size-full is-style-default\"><img loading=\"lazy\" decoding=\"async\" width=\"1024\" height=\"683\" src=\"http:\/\/blogdoarmindomaia.com.br\/wp-content\/uploads\/2023\/12\/Aberta-licitacao-de-contratacao-de-empresa-para-operar-Estacionamento-Rotativo-pag-08.jpeg\" alt=\"\" class=\"wp-image-6934\" srcset=\"http:\/\/blogdoarmindomaia.com.br\/wp-content\/uploads\/2023\/12\/Aberta-licitacao-de-contratacao-de-empresa-para-operar-Estacionamento-Rotativo-pag-08.jpeg 1024w, http:\/\/blogdoarmindomaia.com.br\/wp-content\/uploads\/2023\/12\/Aberta-licitacao-de-contratacao-de-empresa-para-operar-Estacionamento-Rotativo-pag-08-300x200.jpeg 300w, http:\/\/blogdoarmindomaia.com.br\/wp-content\/uploads\/2023\/12\/Aberta-licitacao-de-contratacao-de-empresa-para-operar-Estacionamento-Rotativo-pag-08-768x512.jpeg 768w\" sizes=\"auto, (max-width: 1024px) 100vw, 1024px\" \/><\/figure>\n\n\n\n<p>A Secretaria Municipal de Seguran\u00e7a P\u00fablica publicou o edital da licita\u00e7\u00e3o para contrata\u00e7\u00e3o de empresa para opera\u00e7\u00e3o do Estacionamento Rotativo.<br><br>As empresas podem se credenciar at\u00e9 o dia 25 de janeiro pelo link (&nbsp;<a href=\"https:\/\/tinyurl.com\/yjt358j8\" target=\"_blank\" rel=\"noreferrer noopener\">https:\/\/tinyurl.com\/yjt358j8<\/a>&nbsp;). O interessado tamb\u00e9m pode buscar orienta\u00e7\u00e3o presencial na Secretaria Municipal de Seguran\u00e7a P\u00fablica, no Centro Administrativo &#8211; rua Ros\u00e1lia Isaura de Ara\u00fajo, n\u00ba 275, a partir do dia 2 de janeiro de 2024.<br><br>O secret\u00e1rio Daniel Rosa afirma que o Estacionamento Rotativo vai democratizar o uso das vagas de estacionamento nas \u00e1reas centrais. \u201cA retomada do Estacionamento Rotativo atende as demandas da comunidade e dos lojistas da Regi\u00e3o Central. Permite tamb\u00e9m que mais carros estacionem perto de centros comerciais, aumentando o fluxo de pessoas e fomentando o com\u00e9rcio\u201d, destaca.<br><br>Link do edital: (&nbsp;<a href=\"https:\/\/tinyurl.com\/yjt358j8\" target=\"_blank\" rel=\"noreferrer noopener\">https:\/\/tinyurl.com\/yjt358j8<\/a>&nbsp;).<br><\/p>\n","protected":false},"excerpt":{"rendered":"<p>A Secretaria Municipal de Seguran\u00e7a P\u00fablica publicou o edital da licita\u00e7\u00e3o para contrata\u00e7\u00e3o de empresa para opera\u00e7\u00e3o do Estacionamento Rotativo.<\/p>\n","protected":false},"author":2,"featured_media":6934,"comment_status":"open","ping_status":"open","sticky":false,"template":"","format":"standard","meta":{"footnotes":""},"categories":[9,11],"tags":[],"class_list":["post-6933","post","type-post","status-publish","format-standard","has-post-thumbnail","hentry","category-araxa","category-destaques"],"_links":{"self":[{"href":"http:\/\/blogdoarmindomaia.com.br\/index.php?rest_route=\/wp\/v2\/posts\/6933","targetHints":{"allow":["GET"]}}],"collection":[{"href":"http:\/\/blogdoarmindomaia.com.br\/index.php?rest_route=\/wp\/v2\/posts"}],"about":[{"href":"http:\/\/blogdoarmindomaia.com.br\/index.php?rest_route=\/wp\/v2\/types\/post"}],"author":[{"embeddable":true,"href":"http:\/\/blogdoarmindomaia.com.br\/index.php?rest_route=\/wp\/v2\/users\/2"}],"replies":[{"embeddable":true,"href":"http:\/\/blogdoarmindomaia.com.br\/index.php?rest_route=%2Fwp%2Fv2%2Fcomments&post=6933"}],"version-history":[{"count":1,"href":"http:\/\/blogdoarmindomaia.com.br\/index.php?rest_route=\/wp\/v2\/posts\/6933\/revisions"}],"predecessor-version":[{"id":6935,"href":"http:\/\/blogdoarmindomaia.com.br\/index.php?rest_route=\/wp\/v2\/posts\/6933\/revisions\/6935"}],"wp:featuredmedia":[{"embeddable":true,"href":"http:\/\/blogdoarmindomaia.com.br\/index.php?rest_route=\/wp\/v2\/media\/6934"}],"wp:attachment":[{"href":"http:\/\/blogdoarmindomaia.com.br\/index.php?rest_route=%2Fwp%2Fv2%2Fmedia&parent=6933"}],"wp:term":[{"taxonomy":"category","embeddable":true,"href":"http:\/\/blogdoarmindomaia.com.br\/index.php?rest_route=%2Fwp%2Fv2%2Fcategories&post=6933"},{"taxonomy":"post_tag","embeddable":true,"href":"http:\/\/blogdoarmindomaia.com.br\/index.php?rest_route=%2Fwp%2Fv2%2Ftags&post=6933"}],"curies":[{"name":"wp","href":"https:\/\/api.w.org\/{rel}","templated":true}]}}