{"id":6960,"date":"2024-01-04T14:25:59","date_gmt":"2024-01-04T17:25:59","guid":{"rendered":"http:\/\/blogdoarmindomaia.com.br\/?p=6960"},"modified":"2024-01-04T14:26:01","modified_gmt":"2024-01-04T17:26:01","slug":"barulhinho-bom-reune-amigos-da-musica-em-araxa-no-final-de-2023","status":"publish","type":"post","link":"http:\/\/blogdoarmindomaia.com.br\/?p=6960","title":{"rendered":"\u201cBarulhinho Bom\u201d, re\u00fane amigos da m\u00fasica em Arax\u00e1 no final de 2023"},"content":{"rendered":"\n<figure class=\"wp-block-image size-large is-style-default\"><img loading=\"lazy\" decoding=\"async\" width=\"1024\" height=\"591\" src=\"http:\/\/blogdoarmindomaia.com.br\/wp-content\/uploads\/2024\/01\/Artistas-e-convidados-1024x591.jpg\" alt=\"\" class=\"wp-image-6961\" srcset=\"http:\/\/blogdoarmindomaia.com.br\/wp-content\/uploads\/2024\/01\/Artistas-e-convidados-1024x591.jpg 1024w, http:\/\/blogdoarmindomaia.com.br\/wp-content\/uploads\/2024\/01\/Artistas-e-convidados-300x173.jpg 300w, http:\/\/blogdoarmindomaia.com.br\/wp-content\/uploads\/2024\/01\/Artistas-e-convidados-768x444.jpg 768w, http:\/\/blogdoarmindomaia.com.br\/wp-content\/uploads\/2024\/01\/Artistas-e-convidados-1536x887.jpg 1536w, http:\/\/blogdoarmindomaia.com.br\/wp-content\/uploads\/2024\/01\/Artistas-e-convidados.jpg 1600w\" sizes=\"auto, (max-width: 1024px) 100vw, 1024px\" \/><\/figure>\n\n\n\n<figure class=\"wp-block-image size-large is-style-default\"><img loading=\"lazy\" decoding=\"async\" width=\"1024\" height=\"768\" src=\"http:\/\/blogdoarmindomaia.com.br\/wp-content\/uploads\/2024\/01\/musica-boa-compartilhada-1024x768.jpg\" alt=\"\" class=\"wp-image-6962\" srcset=\"http:\/\/blogdoarmindomaia.com.br\/wp-content\/uploads\/2024\/01\/musica-boa-compartilhada-1024x768.jpg 1024w, http:\/\/blogdoarmindomaia.com.br\/wp-content\/uploads\/2024\/01\/musica-boa-compartilhada-300x225.jpg 300w, http:\/\/blogdoarmindomaia.com.br\/wp-content\/uploads\/2024\/01\/musica-boa-compartilhada-768x576.jpg 768w, http:\/\/blogdoarmindomaia.com.br\/wp-content\/uploads\/2024\/01\/musica-boa-compartilhada-1536x1152.jpg 1536w, http:\/\/blogdoarmindomaia.com.br\/wp-content\/uploads\/2024\/01\/musica-boa-compartilhada.jpg 1600w\" sizes=\"auto, (max-width: 1024px) 100vw, 1024px\" \/><\/figure>\n\n\n\n<p>A \u00faltima sexta-feira de 2023 foi de encontro e muita m\u00fasica boa. V\u00e1rios amigos e artistas da m\u00fasica araxanese se encontraram na casa do jornalista Armindo Maia, para a tradicional reuni\u00e3o do \u201c Barulhinho Bom\u201d, que tradicionalmente \u00e9 um momento de descontra\u00e7\u00e3o, amizade e muita m\u00fasica de qualidade. Este ano, estiveram presentes convidados ilustres e especiais. As cantoras Ludy Rocha, Anal\u00fa, Carol Moura e os cantores e m\u00fasicos Maia G\u00eameos ( Augusto e Mateus Maia), Matheus Coc\u00e3o, que veio da Hungria especialmente para o encontro, Vin\u00edcius Moura, Jay Bispo e a jornalista Velma Greg\u00f3rio. Foi uma festa muito animada e com muita cantoria. Estilos diferentes e muita sintonia nos ritmos e bela vozes. Um encontro da arte e da amizade, chegado pela magia da m\u00fasica, e que j\u00e1 tem data para acontecer de novo este ano. Aguardem\u00a0 o \u201c Barulhinho Bom 3 na Casa do Armindo Maia!\u00a0\u00a0\u00a0\u00a0\u00a0\u00a0 \u00a0<\/p>\n\n\n\n<figure class=\"wp-block-image size-large is-style-default\"><img loading=\"lazy\" decoding=\"async\" width=\"1024\" height=\"815\" src=\"http:\/\/blogdoarmindomaia.com.br\/wp-content\/uploads\/2024\/01\/Amigos-e-artistas-1024x815.jpg\" alt=\"\" class=\"wp-image-6963\" srcset=\"http:\/\/blogdoarmindomaia.com.br\/wp-content\/uploads\/2024\/01\/Amigos-e-artistas-1024x815.jpg 1024w, http:\/\/blogdoarmindomaia.com.br\/wp-content\/uploads\/2024\/01\/Amigos-e-artistas-300x239.jpg 300w, http:\/\/blogdoarmindomaia.com.br\/wp-content\/uploads\/2024\/01\/Amigos-e-artistas-768x611.jpg 768w, http:\/\/blogdoarmindomaia.com.br\/wp-content\/uploads\/2024\/01\/Amigos-e-artistas.jpg 1481w\" sizes=\"auto, (max-width: 1024px) 100vw, 1024px\" \/><\/figure>\n","protected":false},"excerpt":{"rendered":"<p>A \u00faltima sexta-feira de 2023 foi de encontro e muita m\u00fasica boa. V\u00e1rios amigos e artistas da m\u00fasica araxanese se<\/p>\n","protected":false},"author":2,"featured_media":6961,"comment_status":"open","ping_status":"open","sticky":false,"template":"","format":"standard","meta":{"footnotes":""},"categories":[9,5,11],"tags":[],"class_list":["post-6960","post","type-post","status-publish","format-standard","has-post-thumbnail","hentry","category-araxa","category-arte-e-cultura","category-destaques"],"_links":{"self":[{"href":"http:\/\/blogdoarmindomaia.com.br\/index.php?rest_route=\/wp\/v2\/posts\/6960","targetHints":{"allow":["GET"]}}],"collection":[{"href":"http:\/\/blogdoarmindomaia.com.br\/index.php?rest_route=\/wp\/v2\/posts"}],"about":[{"href":"http:\/\/blogdoarmindomaia.com.br\/index.php?rest_route=\/wp\/v2\/types\/post"}],"author":[{"embeddable":true,"href":"http:\/\/blogdoarmindomaia.com.br\/index.php?rest_route=\/wp\/v2\/users\/2"}],"replies":[{"embeddable":true,"href":"http:\/\/blogdoarmindomaia.com.br\/index.php?rest_route=%2Fwp%2Fv2%2Fcomments&post=6960"}],"version-history":[{"count":1,"href":"http:\/\/blogdoarmindomaia.com.br\/index.php?rest_route=\/wp\/v2\/posts\/6960\/revisions"}],"predecessor-version":[{"id":6964,"href":"http:\/\/blogdoarmindomaia.com.br\/index.php?rest_route=\/wp\/v2\/posts\/6960\/revisions\/6964"}],"wp:featuredmedia":[{"embeddable":true,"href":"http:\/\/blogdoarmindomaia.com.br\/index.php?rest_route=\/wp\/v2\/media\/6961"}],"wp:attachment":[{"href":"http:\/\/blogdoarmindomaia.com.br\/index.php?rest_route=%2Fwp%2Fv2%2Fmedia&parent=6960"}],"wp:term":[{"taxonomy":"category","embeddable":true,"href":"http:\/\/blogdoarmindomaia.com.br\/index.php?rest_route=%2Fwp%2Fv2%2Fcategories&post=6960"},{"taxonomy":"post_tag","embeddable":true,"href":"http:\/\/blogdoarmindomaia.com.br\/index.php?rest_route=%2Fwp%2Fv2%2Ftags&post=6960"}],"curies":[{"name":"wp","href":"https:\/\/api.w.org\/{rel}","templated":true}]}}