{"id":6971,"date":"2024-01-05T11:13:46","date_gmt":"2024-01-05T14:13:46","guid":{"rendered":"http:\/\/blogdoarmindomaia.com.br\/?p=6971"},"modified":"2024-01-05T11:13:48","modified_gmt":"2024-01-05T14:13:48","slug":"secretaria-de-fazenda-de-minas-gerais-libera-pagamento-do-ipva-2024","status":"publish","type":"post","link":"http:\/\/blogdoarmindomaia.com.br\/?p=6971","title":{"rendered":"Secretaria de Fazenda de Minas Gerais libera pagamento do IPVA 2024"},"content":{"rendered":"\n<figure class=\"wp-block-image size-large is-style-default\"><img loading=\"lazy\" decoding=\"async\" width=\"1024\" height=\"613\" src=\"http:\/\/blogdoarmindomaia.com.br\/wp-content\/uploads\/2024\/01\/Secretaria-de-Fazenda-de-Minas-Gerais-libera-pagamento-do-IPVA-2024-pag-08-1024x613.jpg\" alt=\"\" class=\"wp-image-6973\" srcset=\"http:\/\/blogdoarmindomaia.com.br\/wp-content\/uploads\/2024\/01\/Secretaria-de-Fazenda-de-Minas-Gerais-libera-pagamento-do-IPVA-2024-pag-08-1024x613.jpg 1024w, http:\/\/blogdoarmindomaia.com.br\/wp-content\/uploads\/2024\/01\/Secretaria-de-Fazenda-de-Minas-Gerais-libera-pagamento-do-IPVA-2024-pag-08-300x180.jpg 300w, http:\/\/blogdoarmindomaia.com.br\/wp-content\/uploads\/2024\/01\/Secretaria-de-Fazenda-de-Minas-Gerais-libera-pagamento-do-IPVA-2024-pag-08-768x460.jpg 768w, http:\/\/blogdoarmindomaia.com.br\/wp-content\/uploads\/2024\/01\/Secretaria-de-Fazenda-de-Minas-Gerais-libera-pagamento-do-IPVA-2024-pag-08.jpg 1280w\" sizes=\"auto, (max-width: 1024px) 100vw, 1024px\" \/><\/figure>\n\n\n\n<p>O&nbsp;<a href=\"https:\/\/www.mg.gov.br\/\" target=\"_blank\" rel=\"noreferrer noopener\">Governo de Minas<\/a>, por meio da&nbsp;<a href=\"https:\/\/www.fazenda.mg.gov.br\/\" target=\"_blank\" rel=\"noreferrer noopener\">Secretaria de Estado de Fazenda de Minas Gerais (SEF\/MG)<\/a>, liberou na ter\u00e7a-feira (2\/1) as op\u00e7\u00f5es de pagamento do Imposto sobre a Propriedade de Ve\u00edculos Automotores (IPVA) de 2024 via Documento de Arrecada\u00e7\u00e3o Estadual (DAE) ou Pix. A quita\u00e7\u00e3o pode ser feita, tamb\u00e9m, diretamente nos caixas ou no autoatendimento dos bancos credenciados, bastando informar o n\u00famero do Renavam do ve\u00edculo. Tanto a consulta aos valores do imposto quanto o pagamento devem ser efetuados, exclusivamente, no site&nbsp;<a href=\"http:\/\/www.fazenda.mg.gov.br\/\" target=\"_blank\" rel=\"noreferrer noopener\">www.fazenda.mg.gov.br<\/a>. \u00c9 importante ficar em alerta para os golpes praticados por meio de links enviados em aplicativos de redes sociais, mensagens de SMS ou sites falsos, muitas vezes oferecendo descontos que n\u00e3o s\u00e3o concedidos pela Secretaria de Fazenda. No caso do pagamento via Pix, \u00e9 necess\u00e1rio observar que o beneficiado da opera\u00e7\u00e3o sempre ser\u00e1 o Estado de Minas Gerais (CNPJ: 18.715615\/0001-60) e a institui\u00e7\u00e3o emissora de QR Code \u00e9 o Banco Ita\u00fa S\/A.<\/p>\n\n\n\n<p>A escala de vencimentos da primeira parcela ou cota \u00fanica come\u00e7a em 15\/1, para os finais de placa 1 e 2, e segue ao longo da semana, se encerrando no dia 19\/1, com os finais de placa 9 e 0. Quem optar pelo pagamento em cota \u00fanica tem desconto de 3%.<\/p>\n\n\n\n<p>Neste ano, a expectativa de arrecada\u00e7\u00e3o \u00e9 de R$ 10,6 bilh\u00f5es. A frota tribut\u00e1vel \u00e9 de 11.201.920 de ve\u00edculos, registrados at\u00e9 outubro de 2023. Em compara\u00e7\u00e3o a 2023, o valor do imposto teve uma redu\u00e7\u00e3o m\u00e9dia de 3,37%, em fun\u00e7\u00e3o, principalmente, da deprecia\u00e7\u00e3o do valor dos ve\u00edculos usados.<\/p>\n\n\n\n<p><strong>Distribui\u00e7\u00e3o<\/strong><\/p>\n\n\n\n<p>Do total arrecadado com o IPVA, 40% v\u00e3o para o caixa \u00fanico do Estado, 40% s\u00e3o destinados aos munic\u00edpios de emplacamento dos ve\u00edculos e 20% v\u00e3o para o Fundo de Manuten\u00e7\u00e3o e Desenvolvimento da Educa\u00e7\u00e3o B\u00e1sica (Fundeb).<\/p>\n","protected":false},"excerpt":{"rendered":"<p>O&nbsp;Governo de Minas, por meio da&nbsp;Secretaria de Estado de Fazenda de Minas Gerais (SEF\/MG), liberou na ter\u00e7a-feira (2\/1) as op\u00e7\u00f5es<\/p>\n","protected":false},"author":2,"featured_media":6973,"comment_status":"open","ping_status":"open","sticky":false,"template":"","format":"standard","meta":{"footnotes":""},"categories":[9,11],"tags":[],"class_list":["post-6971","post","type-post","status-publish","format-standard","has-post-thumbnail","hentry","category-araxa","category-destaques"],"_links":{"self":[{"href":"http:\/\/blogdoarmindomaia.com.br\/index.php?rest_route=\/wp\/v2\/posts\/6971","targetHints":{"allow":["GET"]}}],"collection":[{"href":"http:\/\/blogdoarmindomaia.com.br\/index.php?rest_route=\/wp\/v2\/posts"}],"about":[{"href":"http:\/\/blogdoarmindomaia.com.br\/index.php?rest_route=\/wp\/v2\/types\/post"}],"author":[{"embeddable":true,"href":"http:\/\/blogdoarmindomaia.com.br\/index.php?rest_route=\/wp\/v2\/users\/2"}],"replies":[{"embeddable":true,"href":"http:\/\/blogdoarmindomaia.com.br\/index.php?rest_route=%2Fwp%2Fv2%2Fcomments&post=6971"}],"version-history":[{"count":1,"href":"http:\/\/blogdoarmindomaia.com.br\/index.php?rest_route=\/wp\/v2\/posts\/6971\/revisions"}],"predecessor-version":[{"id":6974,"href":"http:\/\/blogdoarmindomaia.com.br\/index.php?rest_route=\/wp\/v2\/posts\/6971\/revisions\/6974"}],"wp:featuredmedia":[{"embeddable":true,"href":"http:\/\/blogdoarmindomaia.com.br\/index.php?rest_route=\/wp\/v2\/media\/6973"}],"wp:attachment":[{"href":"http:\/\/blogdoarmindomaia.com.br\/index.php?rest_route=%2Fwp%2Fv2%2Fmedia&parent=6971"}],"wp:term":[{"taxonomy":"category","embeddable":true,"href":"http:\/\/blogdoarmindomaia.com.br\/index.php?rest_route=%2Fwp%2Fv2%2Fcategories&post=6971"},{"taxonomy":"post_tag","embeddable":true,"href":"http:\/\/blogdoarmindomaia.com.br\/index.php?rest_route=%2Fwp%2Fv2%2Ftags&post=6971"}],"curies":[{"name":"wp","href":"https:\/\/api.w.org\/{rel}","templated":true}]}}