{"id":6990,"date":"2024-01-08T15:57:20","date_gmt":"2024-01-08T18:57:20","guid":{"rendered":"http:\/\/blogdoarmindomaia.com.br\/?p=6990"},"modified":"2024-01-08T15:57:22","modified_gmt":"2024-01-08T18:57:22","slug":"araxa-atinge-100-de-cobertura-medica-nas-esf-e-projeto-conexao-rural","status":"publish","type":"post","link":"http:\/\/blogdoarmindomaia.com.br\/?p=6990","title":{"rendered":"Arax\u00e1 atinge 100% de cobertura m\u00e9dica nas ESF e projeto Conex\u00e3o Rural"},"content":{"rendered":"\n<figure class=\"wp-block-image size-full is-style-default\"><img loading=\"lazy\" decoding=\"async\" width=\"1024\" height=\"683\" src=\"http:\/\/blogdoarmindomaia.com.br\/wp-content\/uploads\/2024\/01\/100-de-cobertura-medica-nas-Estrategias-de-Saude-da-Familia-pag-03.jpg\" alt=\"\" class=\"wp-image-6991\" srcset=\"http:\/\/blogdoarmindomaia.com.br\/wp-content\/uploads\/2024\/01\/100-de-cobertura-medica-nas-Estrategias-de-Saude-da-Familia-pag-03.jpg 1024w, http:\/\/blogdoarmindomaia.com.br\/wp-content\/uploads\/2024\/01\/100-de-cobertura-medica-nas-Estrategias-de-Saude-da-Familia-pag-03-300x200.jpg 300w, http:\/\/blogdoarmindomaia.com.br\/wp-content\/uploads\/2024\/01\/100-de-cobertura-medica-nas-Estrategias-de-Saude-da-Familia-pag-03-768x512.jpg 768w\" sizes=\"auto, (max-width: 1024px) 100vw, 1024px\" \/><\/figure>\n\n\n\n<p>A Prefeitura de Arax\u00e1 est\u00e1 operando com 100% de cobertura m\u00e9dica nas Estrat\u00e9gias de Sa\u00fade da Fam\u00edlia (ESFs) nas Zonas Urbana e Rural desde o dia 7 de dezembro. O registro se deve \u00e0 contrata\u00e7\u00e3o de m\u00e9dicos em unidades que estavam passando por revezamento e agora est\u00e3o com atendimento permanente.<br><br>Atualmente, a Secretaria Municipal de Sa\u00fade conta com 23 equipes de ESFs e com o projeto Conex\u00e3o Rural, voltado para os atendimentos \u00e0 comunidade que reside no campo. As equipes e o projeto desenvolvem a\u00e7\u00f5es e prestam atendimentos voltados \u00e0 promo\u00e7\u00e3o e preven\u00e7\u00e3o \u00e0 sa\u00fade, al\u00e9m do diagn\u00f3stico precoce e tratamento oportuno de eventuais doen\u00e7as.<br><br>Al\u00e9m dos m\u00e9dicos, fazem parte das equipes das ESFs, enfermeiros, t\u00e9cnicos de enfermagem e agentes comunit\u00e1rios de Sa\u00fade (ACSs). Dentre os servi\u00e7os prestados est\u00e3o atendimentos de pr\u00e9-natal, puericultura (acompanhamento do crescimento e desenvolvimento da crian\u00e7a), visitas domiciliares, procedimentos b\u00e1sicos como aferi\u00e7\u00e3o de press\u00e3o arterial, glicemia, curativos, dentre outros.<br><br>Somente em 2023, foram realizados em m\u00e9dia, 85 mil atendimentos nas ESFs \u201cUm n\u00famero bastante significativo para que o cuidado com a sa\u00fade das fam\u00edlias, seja ele em qualquer faixa et\u00e1ria, seja realizado com efici\u00eancia\u201d, destaca o prefeito Robson Magela.<br><br>Ele acrescenta que 100% de cobertura nas ESFs representam mais um grande avan\u00e7o para a Sa\u00fade de Arax\u00e1. Isso \u00e9 motivo de grande alegria para aquela m\u00e3e que pode contar com um atendimento acolhedor para o filho, ou para aquele idoso que j\u00e1 considera as equipes de Sa\u00fade como parte de sua fam\u00edlia. \u00c9 sobre prestar um atendimento digno e de qualidade, da forma como a popula\u00e7\u00e3o merece\u201d, ressalta.<br><br>Segundo a secret\u00e1ria Municipal de Sa\u00fade, Cristiane Gon\u00e7alves Pereira, a popula\u00e7\u00e3o que usufrui dos servi\u00e7os das ESFs, aguardava ansiosamente pela presen\u00e7a do profissional m\u00e9dico em todas essas unidades, e agora tem um bom motivo para comemorar.<br><br>\u201cApesar de sempre demonstrarmos a import\u00e2ncia das diversas fun\u00e7\u00f5es nas equipes, este profissional \u00e9 muito valorizado pela comunidade e tem grande import\u00e2ncia para que o processo de vincula\u00e7\u00e3o dos pacientes \u00e0 equipe de seu territ\u00f3rio seja realizado com efici\u00eancia. Neste momento, \u00e9 v\u00e1lido destacar a import\u00e2ncia das Estrat\u00e9gias e refor\u00e7ar ainda o papel do cidad\u00e3o em manter o cadastro de todos os moradores de sua resid\u00eancia, atualizados, junto aos agentes comunit\u00e1rios\u201d, conclui a secret\u00e1ria.<br><\/p>\n","protected":false},"excerpt":{"rendered":"<p>A Prefeitura de Arax\u00e1 est\u00e1 operando com 100% de cobertura m\u00e9dica nas Estrat\u00e9gias de Sa\u00fade da Fam\u00edlia (ESFs) nas Zonas<\/p>\n","protected":false},"author":2,"featured_media":6991,"comment_status":"open","ping_status":"open","sticky":false,"template":"","format":"standard","meta":{"footnotes":""},"categories":[9,11],"tags":[],"class_list":["post-6990","post","type-post","status-publish","format-standard","has-post-thumbnail","hentry","category-araxa","category-destaques"],"_links":{"self":[{"href":"http:\/\/blogdoarmindomaia.com.br\/index.php?rest_route=\/wp\/v2\/posts\/6990","targetHints":{"allow":["GET"]}}],"collection":[{"href":"http:\/\/blogdoarmindomaia.com.br\/index.php?rest_route=\/wp\/v2\/posts"}],"about":[{"href":"http:\/\/blogdoarmindomaia.com.br\/index.php?rest_route=\/wp\/v2\/types\/post"}],"author":[{"embeddable":true,"href":"http:\/\/blogdoarmindomaia.com.br\/index.php?rest_route=\/wp\/v2\/users\/2"}],"replies":[{"embeddable":true,"href":"http:\/\/blogdoarmindomaia.com.br\/index.php?rest_route=%2Fwp%2Fv2%2Fcomments&post=6990"}],"version-history":[{"count":1,"href":"http:\/\/blogdoarmindomaia.com.br\/index.php?rest_route=\/wp\/v2\/posts\/6990\/revisions"}],"predecessor-version":[{"id":6992,"href":"http:\/\/blogdoarmindomaia.com.br\/index.php?rest_route=\/wp\/v2\/posts\/6990\/revisions\/6992"}],"wp:featuredmedia":[{"embeddable":true,"href":"http:\/\/blogdoarmindomaia.com.br\/index.php?rest_route=\/wp\/v2\/media\/6991"}],"wp:attachment":[{"href":"http:\/\/blogdoarmindomaia.com.br\/index.php?rest_route=%2Fwp%2Fv2%2Fmedia&parent=6990"}],"wp:term":[{"taxonomy":"category","embeddable":true,"href":"http:\/\/blogdoarmindomaia.com.br\/index.php?rest_route=%2Fwp%2Fv2%2Fcategories&post=6990"},{"taxonomy":"post_tag","embeddable":true,"href":"http:\/\/blogdoarmindomaia.com.br\/index.php?rest_route=%2Fwp%2Fv2%2Ftags&post=6990"}],"curies":[{"name":"wp","href":"https:\/\/api.w.org\/{rel}","templated":true}]}}