{"id":6993,"date":"2024-01-08T16:06:58","date_gmt":"2024-01-08T19:06:58","guid":{"rendered":"http:\/\/blogdoarmindomaia.com.br\/?p=6993"},"modified":"2024-01-08T16:07:00","modified_gmt":"2024-01-08T19:07:00","slug":"araxa-recebe-voo-inaugural-para-sao-paulo-rota-visa-fomentar-turismo-e-negocios","status":"publish","type":"post","link":"http:\/\/blogdoarmindomaia.com.br\/?p=6993","title":{"rendered":"Arax\u00e1 recebe voo inaugural para S\u00e3o Paulo; rota visa fomentar turismo e neg\u00f3cios"},"content":{"rendered":"\n<figure class=\"wp-block-image size-full is-style-default\"><img loading=\"lazy\" decoding=\"async\" width=\"1025\" height=\"683\" src=\"http:\/\/blogdoarmindomaia.com.br\/wp-content\/uploads\/2024\/01\/Araxa-recebe-voo-inaugural-para-Sao-Paulo-rota-visa-fomentar-turismo-e-negocios-pag-09.jpg\" alt=\"\" class=\"wp-image-6994\" srcset=\"http:\/\/blogdoarmindomaia.com.br\/wp-content\/uploads\/2024\/01\/Araxa-recebe-voo-inaugural-para-Sao-Paulo-rota-visa-fomentar-turismo-e-negocios-pag-09.jpg 1025w, http:\/\/blogdoarmindomaia.com.br\/wp-content\/uploads\/2024\/01\/Araxa-recebe-voo-inaugural-para-Sao-Paulo-rota-visa-fomentar-turismo-e-negocios-pag-09-300x200.jpg 300w, http:\/\/blogdoarmindomaia.com.br\/wp-content\/uploads\/2024\/01\/Araxa-recebe-voo-inaugural-para-Sao-Paulo-rota-visa-fomentar-turismo-e-negocios-pag-09-768x512.jpg 768w\" sizes=\"auto, (max-width: 1025px) 100vw, 1025px\" \/><\/figure>\n\n\n\n<figure class=\"wp-block-image size-full is-style-default\"><img loading=\"lazy\" decoding=\"async\" width=\"640\" height=\"480\" src=\"http:\/\/blogdoarmindomaia.com.br\/wp-content\/uploads\/2024\/01\/Voo-inaugural-1.jpeg\" alt=\"\" class=\"wp-image-6995\" srcset=\"http:\/\/blogdoarmindomaia.com.br\/wp-content\/uploads\/2024\/01\/Voo-inaugural-1.jpeg 640w, http:\/\/blogdoarmindomaia.com.br\/wp-content\/uploads\/2024\/01\/Voo-inaugural-1-300x225.jpeg 300w\" sizes=\"auto, (max-width: 640px) 100vw, 640px\" \/><\/figure>\n\n\n\n<figure class=\"wp-block-image size-full is-style-default\"><img loading=\"lazy\" decoding=\"async\" width=\"1025\" height=\"683\" src=\"http:\/\/blogdoarmindomaia.com.br\/wp-content\/uploads\/2024\/01\/Voo-inaugural-7.jpg\" alt=\"\" class=\"wp-image-6996\" srcset=\"http:\/\/blogdoarmindomaia.com.br\/wp-content\/uploads\/2024\/01\/Voo-inaugural-7.jpg 1025w, http:\/\/blogdoarmindomaia.com.br\/wp-content\/uploads\/2024\/01\/Voo-inaugural-7-300x200.jpg 300w, http:\/\/blogdoarmindomaia.com.br\/wp-content\/uploads\/2024\/01\/Voo-inaugural-7-768x512.jpg 768w\" sizes=\"auto, (max-width: 1025px) 100vw, 1025px\" \/><\/figure>\n\n\n\n<p>Mais desenvolvimento econ\u00f4mico e turismo para Arax\u00e1. O Aeroporto Municipal Romeu Zema passou a receber, desde a \u00faltima sexta-feira (5), voos de ida e volta para S\u00e3o Paulo &#8211; Aeroporto Internacional de Guarulhos.<br><br>Os voos s\u00e3o operados pela Azul Linhas A\u00e9reas e acontecem \u00e0s segundas e sextas-feiras com a aeronave a jato Embraer E195.<br><br>Acompanharam o voo inaugural o prefeito de Arax\u00e1, Robson Magela, o deputado estadual Bosco, o presidente da C\u00e2mara Municipal de Arax\u00e1, Bosco J\u00fanior, os secret\u00e1rios Daniel Rosa (Seguran\u00e7a P\u00fablica) e Juliano Cesar da Silva (Desenvolvimento Econ\u00f4mico, Inova\u00e7\u00e3o e Turismo), o administrador do aeroporto, Fabiano Cota, e demais autoridades.<br><br>A rota objetiva atender a demanda de moradores de S\u00e3o Paulo que buscam conhecer, revisitar e aproveitar os atrativos de Arax\u00e1, tendo como principal destino o Grande Hotel e Termas, gerido pelo Grupo Tau\u00e1, e, parceria com o Governo de Minas, por meio da Companhia de Desenvolvimento de Minas Gerais (Codemge).<br><br>O prefeito Robson Magela destaca a import\u00e2ncia do investimento da Administra\u00e7\u00e3o Municipal com a reforma geral e atualiza\u00e7\u00e3o de equipamentos de seguran\u00e7a no aeroporto para a amplia\u00e7\u00e3o dos voos.<br><br>\u201cAntes, o Aeroporto Municipal estava em estado de abandono e com diversos problemas estruturais. N\u00f3s realizamos a reforma geral com o objetivo de fomentar o turismo e os neg\u00f3cios em nosso munic\u00edpio, e ficamos muito felizes em ver a cidade ganhando novas rotas a\u00e9reas que v\u00e3o possibilitar deslocamentos mais r\u00e1pidos e mais conforto para os passageiros\u201d, destaca.<br><br>Arax\u00e1 \u00e9 a \u00fanica cidade de Minas Gerais com menos de 300 mil habitantes a receber a rota a\u00e9rea direta para S\u00e3o Paulo. Os voos s\u00e3o operados \u00e0s segundas e sextas, com sa\u00edda de Guarulhos \u00e0s 13h15 e chegada a Arax\u00e1 \u00e0s 14h30, e sa\u00edda de Arax\u00e1 \u00e0s 15h15 e chegada a Guarulhos \u00e0s 16h30.<\/p>\n","protected":false},"excerpt":{"rendered":"<p>Mais desenvolvimento econ\u00f4mico e turismo para Arax\u00e1. O Aeroporto Municipal Romeu Zema passou a receber, desde a \u00faltima sexta-feira (5),<\/p>\n","protected":false},"author":2,"featured_media":6994,"comment_status":"open","ping_status":"open","sticky":false,"template":"","format":"standard","meta":{"footnotes":""},"categories":[9,11],"tags":[],"class_list":["post-6993","post","type-post","status-publish","format-standard","has-post-thumbnail","hentry","category-araxa","category-destaques"],"_links":{"self":[{"href":"http:\/\/blogdoarmindomaia.com.br\/index.php?rest_route=\/wp\/v2\/posts\/6993","targetHints":{"allow":["GET"]}}],"collection":[{"href":"http:\/\/blogdoarmindomaia.com.br\/index.php?rest_route=\/wp\/v2\/posts"}],"about":[{"href":"http:\/\/blogdoarmindomaia.com.br\/index.php?rest_route=\/wp\/v2\/types\/post"}],"author":[{"embeddable":true,"href":"http:\/\/blogdoarmindomaia.com.br\/index.php?rest_route=\/wp\/v2\/users\/2"}],"replies":[{"embeddable":true,"href":"http:\/\/blogdoarmindomaia.com.br\/index.php?rest_route=%2Fwp%2Fv2%2Fcomments&post=6993"}],"version-history":[{"count":1,"href":"http:\/\/blogdoarmindomaia.com.br\/index.php?rest_route=\/wp\/v2\/posts\/6993\/revisions"}],"predecessor-version":[{"id":6997,"href":"http:\/\/blogdoarmindomaia.com.br\/index.php?rest_route=\/wp\/v2\/posts\/6993\/revisions\/6997"}],"wp:featuredmedia":[{"embeddable":true,"href":"http:\/\/blogdoarmindomaia.com.br\/index.php?rest_route=\/wp\/v2\/media\/6994"}],"wp:attachment":[{"href":"http:\/\/blogdoarmindomaia.com.br\/index.php?rest_route=%2Fwp%2Fv2%2Fmedia&parent=6993"}],"wp:term":[{"taxonomy":"category","embeddable":true,"href":"http:\/\/blogdoarmindomaia.com.br\/index.php?rest_route=%2Fwp%2Fv2%2Fcategories&post=6993"},{"taxonomy":"post_tag","embeddable":true,"href":"http:\/\/blogdoarmindomaia.com.br\/index.php?rest_route=%2Fwp%2Fv2%2Ftags&post=6993"}],"curies":[{"name":"wp","href":"https:\/\/api.w.org\/{rel}","templated":true}]}}