{"id":7018,"date":"2024-01-16T16:39:50","date_gmt":"2024-01-16T19:39:50","guid":{"rendered":"http:\/\/blogdoarmindomaia.com.br\/?p=7018"},"modified":"2024-01-16T16:39:53","modified_gmt":"2024-01-16T19:39:53","slug":"araxa-alcanca-indices-de-melhoria-na-educacao-e-recebe-recurso-adicional-do-fundeb","status":"publish","type":"post","link":"http:\/\/blogdoarmindomaia.com.br\/?p=7018","title":{"rendered":"Arax\u00e1 alcan\u00e7a \u00edndices de melhoria na educa\u00e7\u00e3o e recebe recurso adicional do Fundeb"},"content":{"rendered":"\n<p><\/p>\n\n\n\n<p><\/p>\n\n\n\n<figure class=\"wp-block-image size-full is-style-default\"><img loading=\"lazy\" decoding=\"async\" width=\"1024\" height=\"683\" src=\"http:\/\/blogdoarmindomaia.com.br\/wp-content\/uploads\/2024\/01\/Araxa-alcanca-indices-de-melhoria-na-educacao-e-recebe-recurso-adicional-do-Fundeb-pag-04.jpeg\" alt=\"\" class=\"wp-image-7020\" srcset=\"http:\/\/blogdoarmindomaia.com.br\/wp-content\/uploads\/2024\/01\/Araxa-alcanca-indices-de-melhoria-na-educacao-e-recebe-recurso-adicional-do-Fundeb-pag-04.jpeg 1024w, http:\/\/blogdoarmindomaia.com.br\/wp-content\/uploads\/2024\/01\/Araxa-alcanca-indices-de-melhoria-na-educacao-e-recebe-recurso-adicional-do-Fundeb-pag-04-300x200.jpeg 300w, http:\/\/blogdoarmindomaia.com.br\/wp-content\/uploads\/2024\/01\/Araxa-alcanca-indices-de-melhoria-na-educacao-e-recebe-recurso-adicional-do-Fundeb-pag-04-768x512.jpeg 768w\" sizes=\"auto, (max-width: 1024px) 100vw, 1024px\" \/><\/figure>\n\n\n\n<p>A Secretaria de Educa\u00e7\u00e3o de Arax\u00e1 conquistou uma complementa\u00e7\u00e3o do Fundo de Manuten\u00e7\u00e3o e Desenvolvimento da Educa\u00e7\u00e3o B\u00e1sica (Fundeb) &#8211; Valor Ano Aluno Resultado (VAAR) de R$ 1.475.862,45.<br><br>Entre os 853 munic\u00edpios mineiros, Arax\u00e1 est\u00e1 entre os 296 contemplados com esse recurso. O VAAR \u00e9 um indicador importante para medir a qualidade do ensino oferecido pelas escolas p\u00fablicas. Ele \u00e9 calculado com base no \u00cdndice de Desenvolvimento da Educa\u00e7\u00e3o B\u00e1sica (IDEB) e no n\u00famero de alunos matriculados em cada escola.<br><br>Para receber este valor adicional, o Munic\u00edpio precisa comprovar evolu\u00e7\u00e3o nos indicadores de atendimento, aprendizagem e redu\u00e7\u00e3o de desigualdade educacional; implementa\u00e7\u00e3o do cargo de diretor escolar baseado em crit\u00e9rios t\u00e9cnicos de m\u00e9rito e escolha da comunidade; participa\u00e7\u00e3o de pelo menos 80% dos estudantes em avalia\u00e7\u00f5es nacionais; regime de colabora\u00e7\u00e3o entre estado e munic\u00edpio; alinhamento \u00e0s refer\u00eancias curriculares da Base Nacional Comum Curricular (BNCC).<br><br>De acordo com a secret\u00e1ria Zulma Moreira, o VAAR \u00e9 importante para garantir que os recursos do Fundeb sejam utilizados de forma eficiente e para incentivar a melhoria da qualidade do ensino nas escolas p\u00fablicas.<br><br>\u201cOs crit\u00e9rios de premia\u00e7\u00e3o inclu\u00edram qualidade de ensino, aprendizado e melhorias nos indicadores educacionais. E este \u00e9 o grande objetivo da Educa\u00e7\u00e3o. Nesta gest\u00e3o, foram implementadas v\u00e1rias a\u00e7\u00f5es, projetos e melhorias nas escolas. E essa complementa\u00e7\u00e3o vem para coroar todo esse trabalho em prol da educa\u00e7\u00e3o de qualidade. Esse valor ser\u00e1 aplicado na manuten\u00e7\u00e3o e em investimentos nas escolas da Rede Municipal\u201d, refor\u00e7a.<br><br>O prefeito Robson Magela destaca que esse resultado reflete o comprometimento da gest\u00e3o em alcan\u00e7ar resultados cada vez mais positivos para a Educa\u00e7\u00e3o P\u00fablica Municipal.<br><br>\u201cA Educa\u00e7\u00e3o em Arax\u00e1 est\u00e1 cada dia melhor, com investimento em projetos pedag\u00f3gicos, infraestrutura das unidades, com reformas e amplia\u00e7\u00f5es e constru\u00e7\u00f5es de creches e escolas, entrega de kits de materiais escolares e uniformes para todos os alunos, al\u00e9m da valoriza\u00e7\u00e3o financeira dada a todos os profissionais da rede. S\u00e3o conquistas que destacam a efici\u00eancia da Secretaria Municipal de Educa\u00e7\u00e3o no incentivo cont\u00ednuo para aprimorar a nossa qualidade do ensino, conclui.<br><\/p>\n","protected":false},"excerpt":{"rendered":"<p>A Secretaria de Educa\u00e7\u00e3o de Arax\u00e1 conquistou uma complementa\u00e7\u00e3o do Fundo de Manuten\u00e7\u00e3o e Desenvolvimento da Educa\u00e7\u00e3o B\u00e1sica (Fundeb) &#8211;<\/p>\n","protected":false},"author":2,"featured_media":7020,"comment_status":"open","ping_status":"open","sticky":false,"template":"","format":"standard","meta":{"footnotes":""},"categories":[9,11],"tags":[],"class_list":["post-7018","post","type-post","status-publish","format-standard","has-post-thumbnail","hentry","category-araxa","category-destaques"],"_links":{"self":[{"href":"http:\/\/blogdoarmindomaia.com.br\/index.php?rest_route=\/wp\/v2\/posts\/7018","targetHints":{"allow":["GET"]}}],"collection":[{"href":"http:\/\/blogdoarmindomaia.com.br\/index.php?rest_route=\/wp\/v2\/posts"}],"about":[{"href":"http:\/\/blogdoarmindomaia.com.br\/index.php?rest_route=\/wp\/v2\/types\/post"}],"author":[{"embeddable":true,"href":"http:\/\/blogdoarmindomaia.com.br\/index.php?rest_route=\/wp\/v2\/users\/2"}],"replies":[{"embeddable":true,"href":"http:\/\/blogdoarmindomaia.com.br\/index.php?rest_route=%2Fwp%2Fv2%2Fcomments&post=7018"}],"version-history":[{"count":1,"href":"http:\/\/blogdoarmindomaia.com.br\/index.php?rest_route=\/wp\/v2\/posts\/7018\/revisions"}],"predecessor-version":[{"id":7021,"href":"http:\/\/blogdoarmindomaia.com.br\/index.php?rest_route=\/wp\/v2\/posts\/7018\/revisions\/7021"}],"wp:featuredmedia":[{"embeddable":true,"href":"http:\/\/blogdoarmindomaia.com.br\/index.php?rest_route=\/wp\/v2\/media\/7020"}],"wp:attachment":[{"href":"http:\/\/blogdoarmindomaia.com.br\/index.php?rest_route=%2Fwp%2Fv2%2Fmedia&parent=7018"}],"wp:term":[{"taxonomy":"category","embeddable":true,"href":"http:\/\/blogdoarmindomaia.com.br\/index.php?rest_route=%2Fwp%2Fv2%2Fcategories&post=7018"},{"taxonomy":"post_tag","embeddable":true,"href":"http:\/\/blogdoarmindomaia.com.br\/index.php?rest_route=%2Fwp%2Fv2%2Ftags&post=7018"}],"curies":[{"name":"wp","href":"https:\/\/api.w.org\/{rel}","templated":true}]}}