{"id":7064,"date":"2024-01-26T16:43:30","date_gmt":"2024-01-26T19:43:30","guid":{"rendered":"http:\/\/blogdoarmindomaia.com.br\/?p=7064"},"modified":"2024-01-26T16:46:23","modified_gmt":"2024-01-26T19:46:23","slug":"araxa-ja-tem-grade-de-eventos-definidos-para-2024","status":"publish","type":"post","link":"http:\/\/blogdoarmindomaia.com.br\/?p=7064","title":{"rendered":"Arax\u00e1 j\u00e1 tem grade de eventos definidos para 2024"},"content":{"rendered":"\n<figure class=\"wp-block-image size-large is-style-default\"><img loading=\"lazy\" decoding=\"async\" width=\"1024\" height=\"576\" src=\"http:\/\/blogdoarmindomaia.com.br\/wp-content\/uploads\/2024\/01\/Prefeitura-cancela-carnaval-popular-e-podera-voltar-com-pag-11-1024x576.jpg\" alt=\"\" class=\"wp-image-7066\" srcset=\"http:\/\/blogdoarmindomaia.com.br\/wp-content\/uploads\/2024\/01\/Prefeitura-cancela-carnaval-popular-e-podera-voltar-com-pag-11-1024x576.jpg 1024w, http:\/\/blogdoarmindomaia.com.br\/wp-content\/uploads\/2024\/01\/Prefeitura-cancela-carnaval-popular-e-podera-voltar-com-pag-11-300x169.jpg 300w, http:\/\/blogdoarmindomaia.com.br\/wp-content\/uploads\/2024\/01\/Prefeitura-cancela-carnaval-popular-e-podera-voltar-com-pag-11-768x432.jpg 768w, http:\/\/blogdoarmindomaia.com.br\/wp-content\/uploads\/2024\/01\/Prefeitura-cancela-carnaval-popular-e-podera-voltar-com-pag-11.jpg 1200w\" sizes=\"auto, (max-width: 1024px) 100vw, 1024px\" \/><\/figure>\n\n\n\n<p>Na semana que passou o Secret\u00e1rio Municipal de Desenvolvimento Econ\u00f4mico e Turismo de Arax\u00e1 Juliano C\u00e9sar da Silva, informou que noventa por cento da grade de eventos art\u00edsticos, culturais e esportivos com apoio da Prefeitura de Arax\u00e1, j\u00e1 est\u00e3o confirmados, com data e locais definidos. De acordo com o Secret\u00e1rio, \u201c n\u00f3s conseguimos manter todos os grandes eventos realizados&nbsp; em 2023 e ainda agregamos outros importantes eventos na nossa grade para este ano. Um exemplo \u00e9 a etapa do Campeonato Mundial de Mountain Bike que vai ser realizado na pista do Barreiro entre os dias 18 e 21 de abril, com a participa\u00e7\u00e3o de ciclistas de mais de 50 pa\u00edses\u201d.<\/p>\n\n\n\n<p>Confira os eventos confirmados e as datas:<\/p>\n\n\n\n<p>Fenadoces \u2013 4\u00aa edi\u00e7\u00e3o &#8211;&nbsp; de 27 a 31 de mar\u00e7o<\/p>\n\n\n\n<p>Arax\u00e1 Rodeio Show \u2013 de 17 a 21 de abril<\/p>\n\n\n\n<p>Copa do Mundo de MTB de 18 a 21 de abril<\/p>\n\n\n\n<p>Copa Internacional de MTB de 26 a 28 de abril<\/p>\n\n\n\n<p>Rally Makers \u2013 em maio<\/p>\n\n\n\n<p>Bocaina Trail em maio<\/p>\n\n\n\n<p>Campeonato Mineiro de Balonismo \u2013 3\u00aa edi\u00e7\u00e3o em maio<\/p>\n\n\n\n<p>Expoqueijo \u2013 de 27 a 30 de junho<\/p>\n\n\n\n<p>Festival de Inverno Cultural de Arax\u00e1 \u2013 2\u00aa edi\u00e7\u00e3o de 04 a 07 de julho<\/p>\n\n\n\n<p>Dan\u00e7arax\u00e1 \u2013 23\u00aa edi\u00e7\u00e3o de 15 a 18 de agosto<\/p>\n\n\n\n<p>Motofest 21\u00aa edi\u00e7\u00e3o de 30 de agosto a 1 de setembro<\/p>\n\n\n\n<p>Feira de Carros Antigos&nbsp; de 05 a 07 de setembro &nbsp;&nbsp;&nbsp;&nbsp;&nbsp;&nbsp;&nbsp;&nbsp;<\/p>\n","protected":false},"excerpt":{"rendered":"<p>Na semana que passou o Secret\u00e1rio Municipal de Desenvolvimento Econ\u00f4mico e Turismo de Arax\u00e1 Juliano C\u00e9sar da Silva, informou que<\/p>\n","protected":false},"author":2,"featured_media":7066,"comment_status":"open","ping_status":"open","sticky":false,"template":"","format":"standard","meta":{"footnotes":""},"categories":[9,11],"tags":[],"class_list":["post-7064","post","type-post","status-publish","format-standard","has-post-thumbnail","hentry","category-araxa","category-destaques"],"_links":{"self":[{"href":"http:\/\/blogdoarmindomaia.com.br\/index.php?rest_route=\/wp\/v2\/posts\/7064","targetHints":{"allow":["GET"]}}],"collection":[{"href":"http:\/\/blogdoarmindomaia.com.br\/index.php?rest_route=\/wp\/v2\/posts"}],"about":[{"href":"http:\/\/blogdoarmindomaia.com.br\/index.php?rest_route=\/wp\/v2\/types\/post"}],"author":[{"embeddable":true,"href":"http:\/\/blogdoarmindomaia.com.br\/index.php?rest_route=\/wp\/v2\/users\/2"}],"replies":[{"embeddable":true,"href":"http:\/\/blogdoarmindomaia.com.br\/index.php?rest_route=%2Fwp%2Fv2%2Fcomments&post=7064"}],"version-history":[{"count":1,"href":"http:\/\/blogdoarmindomaia.com.br\/index.php?rest_route=\/wp\/v2\/posts\/7064\/revisions"}],"predecessor-version":[{"id":7067,"href":"http:\/\/blogdoarmindomaia.com.br\/index.php?rest_route=\/wp\/v2\/posts\/7064\/revisions\/7067"}],"wp:featuredmedia":[{"embeddable":true,"href":"http:\/\/blogdoarmindomaia.com.br\/index.php?rest_route=\/wp\/v2\/media\/7066"}],"wp:attachment":[{"href":"http:\/\/blogdoarmindomaia.com.br\/index.php?rest_route=%2Fwp%2Fv2%2Fmedia&parent=7064"}],"wp:term":[{"taxonomy":"category","embeddable":true,"href":"http:\/\/blogdoarmindomaia.com.br\/index.php?rest_route=%2Fwp%2Fv2%2Fcategories&post=7064"},{"taxonomy":"post_tag","embeddable":true,"href":"http:\/\/blogdoarmindomaia.com.br\/index.php?rest_route=%2Fwp%2Fv2%2Ftags&post=7064"}],"curies":[{"name":"wp","href":"https:\/\/api.w.org\/{rel}","templated":true}]}}