{"id":7068,"date":"2024-01-26T16:47:13","date_gmt":"2024-01-26T19:47:13","guid":{"rendered":"http:\/\/blogdoarmindomaia.com.br\/?p=7068"},"modified":"2024-01-26T16:47:22","modified_gmt":"2024-01-26T19:47:22","slug":"copa-do-mundo-de-mtb-em-araxa-promete-promover-o-turismo-em-minas-gerais","status":"publish","type":"post","link":"http:\/\/blogdoarmindomaia.com.br\/?p=7068","title":{"rendered":"Copa do Mundo de MTB em Arax\u00e1 promete promover o turismo em Minas Gerais \u00a0"},"content":{"rendered":"\n<figure class=\"wp-block-image size-large is-style-default\"><img loading=\"lazy\" decoding=\"async\" width=\"1024\" height=\"768\" src=\"http:\/\/blogdoarmindomaia.com.br\/wp-content\/uploads\/2024\/01\/Copa-do-Mundo-de-MTB-em-Araxa-promete-promover-o-turismo-em-Minas-Gerais-pag-12-1-1024x768.jpg\" alt=\"\" class=\"wp-image-7069\" srcset=\"http:\/\/blogdoarmindomaia.com.br\/wp-content\/uploads\/2024\/01\/Copa-do-Mundo-de-MTB-em-Araxa-promete-promover-o-turismo-em-Minas-Gerais-pag-12-1-1024x768.jpg 1024w, http:\/\/blogdoarmindomaia.com.br\/wp-content\/uploads\/2024\/01\/Copa-do-Mundo-de-MTB-em-Araxa-promete-promover-o-turismo-em-Minas-Gerais-pag-12-1-300x225.jpg 300w, http:\/\/blogdoarmindomaia.com.br\/wp-content\/uploads\/2024\/01\/Copa-do-Mundo-de-MTB-em-Araxa-promete-promover-o-turismo-em-Minas-Gerais-pag-12-1-768x576.jpg 768w, http:\/\/blogdoarmindomaia.com.br\/wp-content\/uploads\/2024\/01\/Copa-do-Mundo-de-MTB-em-Araxa-promete-promover-o-turismo-em-Minas-Gerais-pag-12-1-1536x1152.jpg 1536w, http:\/\/blogdoarmindomaia.com.br\/wp-content\/uploads\/2024\/01\/Copa-do-Mundo-de-MTB-em-Araxa-promete-promover-o-turismo-em-Minas-Gerais-pag-12-1-2048x1536.jpg 2048w\" sizes=\"auto, (max-width: 1024px) 100vw, 1024px\" \/><\/figure>\n\n\n\n<p>Minas Gerais \u00e9 l\u00edder de crescimento do turismo no Brasil. Com&nbsp;31 milh\u00f5es de turistas recebidos&nbsp;em 2023, o estado ocupou o primeiro lugar na varia\u00e7\u00e3o do volume da atividade tur\u00edstica acumulada nos \u00faltimos 12 meses, de acordo com o Instituto Brasileiro de Geografia e Estat\u00edstica (IBGE).<br><br>Uma das raz\u00f5es \u00e9 a pol\u00edtica de descentraliza\u00e7\u00e3o adotada pelo&nbsp;<a href=\"https:\/\/www.mg.gov.br\/\" target=\"_blank\" rel=\"noreferrer noopener\">Governo de Minas<\/a>, por meio da<a href=\"https:\/\/www.secult.mg.gov.br\/\" target=\"_blank\" rel=\"noreferrer noopener\">Secretaria de Estado de Cultura e Turismo de Minas Gerais (Secult)<\/a>&nbsp;e do&nbsp;programa Mais Turistas, que implementa uma s\u00e9rie de a\u00e7\u00f5es para fortalecer o turismo em todo o estado, gerando emprego e renda.<br><br>A atividade tur\u00edstica movimentou cerca de R$ 34 bilh\u00f5es no estado em 2023. Minas criou aproximadamente 50 mil empregos na economia da criatividade, n\u00famero que corresponde a 26% de todos os 187.866 postos de trabalho gerados at\u00e9 novembro, segundo dados do Novo Cadastro Geral de Empregados e Desempregados (Caged), colocando o segmento como o principal gerador empregos no estado.<br><br>Muitos desses novos empregos est\u00e3o no interior, que viu ampliar o n\u00famero de atrativos tur\u00edsticos, em grande parte por conta dos incentivos do Governo de Minas.<\/p>\n\n\n\n<p>Um dos exemplos \u00e9 a rota tur\u00edstica Caf\u00e9s do Cerrado, estruturada pelo Sebrae Minas e lan\u00e7ada pelo Governo do Estado em novembro, durante a Festuris, em Gramado (RS).<br><br><br>O interesse da empres\u00e1ria Renata Villela em vir para Minas tamb\u00e9m foi pelas del\u00edcias da terra &#8211; mas, no seu caso, o queijo. A carioca escolheu o Serro para aproveitar as f\u00e9rias com os filhos, de 11 e 8 anos. &nbsp;\u201cEstou planejando ir ao Inhotim em 2024. Tem muita coisa que quero conhecer em Minas Gerais\u201d, revela.<br><br>J\u00e1 o contador Jackson Fernando de Freitas Rodrigues \u00e9 s\u00f3cio de carteirinha. Morador do Rio de Janeiro, ele j\u00e1 veio mais de dez vezes a Minas, motivado principalmente pela natureza, cozinha e cultura. Na \u00faltima viagem, feita com seu namorado no in\u00edcio de dezembro, p\u00f4de conhecer as tradicionais Ouro Preto e Tiradentes.<\/p>\n\n\n\n<p>O aumento da procura tur\u00edstica tamb\u00e9m fez ampliar a quantidade de rotas nacionais. Apenas no terminal de Confins, foram inaugurados dez trechos dom\u00e9sticos, incluindo tr\u00eas regionais: Palmas (Tocantins); Teresina (Piau\u00ed); Parna\u00edba (Piau\u00ed), com escala em Jericoacoara (Cear\u00e1); Campina Grande (Para\u00edba); Porto Velho (Rond\u00f4nia); Caldas Novas (Goi\u00e1s); e Linhares (Esp\u00edrito Santo); al\u00e9m de Arax\u00e1, Manhua\u00e7u e Salinas, no interior do estado.<br><br>A economia de tempo proporcionada pelos voos diretos \u00e9 um grande diferencial para o auxiliar-t\u00e9cnico em seguran\u00e7a do trabalho Davidson da Cruz.<br><br><br><br><strong>Minas para o mundo<\/strong><br><br><br>Na esteira da promo\u00e7\u00e3o do destino Minas ao p\u00fablico europeu, a Secult participou da ITB Berlim (Alemanha), onde iniciou as tratativas para trazer para Arax\u00e1 uma das etapas da Copa do Mundo de Mountain Bike em 2024.<br><br>O protocolo de inten\u00e7\u00f5es foi assinado em novembro, em Paris, pelo vice-governador Professor Mateus e o secret\u00e1rio Le\u00f4nidas Oliveira. O evento em Arax\u00e1 vai acontecer entre os dias 18 e 21 de abril, na pista<br><br><br><\/p>\n","protected":false},"excerpt":{"rendered":"<p>Minas Gerais \u00e9 l\u00edder de crescimento do turismo no Brasil. Com&nbsp;31 milh\u00f5es de turistas recebidos&nbsp;em 2023, o estado ocupou o<\/p>\n","protected":false},"author":2,"featured_media":0,"comment_status":"open","ping_status":"open","sticky":false,"template":"","format":"standard","meta":{"footnotes":""},"categories":[1],"tags":[],"class_list":["post-7068","post","type-post","status-publish","format-standard","hentry","category-sem-categoria"],"_links":{"self":[{"href":"http:\/\/blogdoarmindomaia.com.br\/index.php?rest_route=\/wp\/v2\/posts\/7068","targetHints":{"allow":["GET"]}}],"collection":[{"href":"http:\/\/blogdoarmindomaia.com.br\/index.php?rest_route=\/wp\/v2\/posts"}],"about":[{"href":"http:\/\/blogdoarmindomaia.com.br\/index.php?rest_route=\/wp\/v2\/types\/post"}],"author":[{"embeddable":true,"href":"http:\/\/blogdoarmindomaia.com.br\/index.php?rest_route=\/wp\/v2\/users\/2"}],"replies":[{"embeddable":true,"href":"http:\/\/blogdoarmindomaia.com.br\/index.php?rest_route=%2Fwp%2Fv2%2Fcomments&post=7068"}],"version-history":[{"count":2,"href":"http:\/\/blogdoarmindomaia.com.br\/index.php?rest_route=\/wp\/v2\/posts\/7068\/revisions"}],"predecessor-version":[{"id":7071,"href":"http:\/\/blogdoarmindomaia.com.br\/index.php?rest_route=\/wp\/v2\/posts\/7068\/revisions\/7071"}],"wp:attachment":[{"href":"http:\/\/blogdoarmindomaia.com.br\/index.php?rest_route=%2Fwp%2Fv2%2Fmedia&parent=7068"}],"wp:term":[{"taxonomy":"category","embeddable":true,"href":"http:\/\/blogdoarmindomaia.com.br\/index.php?rest_route=%2Fwp%2Fv2%2Fcategories&post=7068"},{"taxonomy":"post_tag","embeddable":true,"href":"http:\/\/blogdoarmindomaia.com.br\/index.php?rest_route=%2Fwp%2Fv2%2Ftags&post=7068"}],"curies":[{"name":"wp","href":"https:\/\/api.w.org\/{rel}","templated":true}]}}