{"id":7072,"date":"2024-01-26T16:50:10","date_gmt":"2024-01-26T19:50:10","guid":{"rendered":"http:\/\/blogdoarmindomaia.com.br\/?p=7072"},"modified":"2024-01-26T16:50:12","modified_gmt":"2024-01-26T19:50:12","slug":"diretores-de-escolas-da-rede-municipal-de-ensino-de-araxa-sao-empossados","status":"publish","type":"post","link":"http:\/\/blogdoarmindomaia.com.br\/?p=7072","title":{"rendered":"Diretores \u00a0de escolas da rede municipal de ensino de Arax\u00e1 s\u00e3o empossados"},"content":{"rendered":"\n<figure class=\"wp-block-image size-full is-style-default\"><img loading=\"lazy\" decoding=\"async\" width=\"640\" height=\"427\" src=\"http:\/\/blogdoarmindomaia.com.br\/wp-content\/uploads\/2024\/01\/Diretores-de-escolas-da-rede-municipal-de-ensino-pag-11.jpg\" alt=\"\" class=\"wp-image-7073\" srcset=\"http:\/\/blogdoarmindomaia.com.br\/wp-content\/uploads\/2024\/01\/Diretores-de-escolas-da-rede-municipal-de-ensino-pag-11.jpg 640w, http:\/\/blogdoarmindomaia.com.br\/wp-content\/uploads\/2024\/01\/Diretores-de-escolas-da-rede-municipal-de-ensino-pag-11-300x200.jpg 300w\" sizes=\"auto, (max-width: 640px) 100vw, 640px\" \/><\/figure>\n\n\n\n<p>A Prefeitura de Arax\u00e1 empossou os diretores escolares que v\u00e3o gerir as escolas e Centros Municipais de Educa\u00e7\u00e3o Infantil (Cemeis) durante o quadri\u00eanio 2024 \/ 2027. A cerim\u00f4nia aconteceu na \u00faltima sexta-feira (19), no Hotel Virgilius. Com um total de 48 empossados, a escolha dos gestores foi resultado de um processo democr\u00e1tico, consolidando os diretores eleitos pela maioria dos votos dos pais, servidores e alunos em elei\u00e7\u00e3o ocorrida em dezembro de 2023.<br><br>Participaram do ato solene, o prefeito Robson Magela, o deputado estadual Bosco, a secret\u00e1ria municipal de Educa\u00e7\u00e3o Zulma Moreira, o presidente da C\u00e2mara dos Vereadores, Bosco J\u00fanior, os vereadores Raphael Rios, Evaldo do Ferrocarril, Jo\u00e3o Veras, Leni Nobre e Omara Paolinelli, al\u00e9m de secret\u00e1rios municipais, familiares e comunidade em geral.<br><br>Durante o seu pronunciamento, o prefeito Robson Magela destacou que o evento marca n\u00e3o apenas a oficializa\u00e7\u00e3o das equipes gestoras, mas tamb\u00e9m o compromisso assumido por elas em proporcionar uma educa\u00e7\u00e3o de qualidade e impulsionar o desenvolvimento educacional dos alunos da rede municipal.<br><br>\u201cA gest\u00e3o municipal parabeniza os novos gestores, reafirmando seu compromisso cont\u00ednuo com a valoriza\u00e7\u00e3o da Educa\u00e7\u00e3o no munic\u00edpio. Agora os diretores podem assumir seu papel fundamental no processo de aprendizagem, moldando o ambiente escolar e influenciando diretamente no desenvolvimento acad\u00eamico de nossos alunos. Agrade\u00e7o a participa\u00e7\u00e3o ativa de todos nesse processo democr\u00e1tico, que aconteceu pela primeira vez na hist\u00f3ria da Administra\u00e7\u00e3o Municipal\u201d, diz.<br><br>De acordo com a secret\u00e1ria Zulma Moreira, a elei\u00e7\u00e3o de diretores escolares, que faz parte do Plano de Gest\u00e3o Escolar (PGE), estabelece crit\u00e9rios t\u00e9cnicos de m\u00e9rito e desempenho para a candidatura ao pleito.<br><br>\u201cEsse \u00e9 um dia muito importante para a Educa\u00e7\u00e3o Municipal, eu digo at\u00e9 um dia hist\u00f3rico, porque nunca tivemos elei\u00e7\u00e3o para diretor escolar. Ent\u00e3o, a partir de agora existe uma gest\u00e3o democr\u00e1tica, escolhida pela comunidade, ou seja, o professor, o aluno e os pais, t\u00eam participa\u00e7\u00e3o direta na gest\u00e3o da escola. Isso \u00e9 um divisor de \u00e1gua, porque a partir de agora a comunidade est\u00e1 diretamente inserida na escola\u201d, refor\u00e7a.<br><br>Uma das diretoras eleitas, Tatiana Teixeira Duarte, refor\u00e7a a import\u00e2ncia desse momento hist\u00f3rico para a Educa\u00e7\u00e3o. \u201cEssa democracia \u00e9 muito importante, e Arax\u00e1 est\u00e1 saindo na frente. Essa celebra\u00e7\u00e3o \u00e9 muito importante, pois valoriza todos os diretores de escola. Eu me sinto orgulhosa e privilegiada por estar fazendo parte dessa hist\u00f3ria&#8221;, refor\u00e7a.<\/p>\n","protected":false},"excerpt":{"rendered":"<p>A Prefeitura de Arax\u00e1 empossou os diretores escolares que v\u00e3o gerir as escolas e Centros Municipais de Educa\u00e7\u00e3o Infantil (Cemeis)<\/p>\n","protected":false},"author":2,"featured_media":0,"comment_status":"open","ping_status":"open","sticky":false,"template":"","format":"standard","meta":{"footnotes":""},"categories":[1],"tags":[],"class_list":["post-7072","post","type-post","status-publish","format-standard","hentry","category-sem-categoria"],"_links":{"self":[{"href":"http:\/\/blogdoarmindomaia.com.br\/index.php?rest_route=\/wp\/v2\/posts\/7072","targetHints":{"allow":["GET"]}}],"collection":[{"href":"http:\/\/blogdoarmindomaia.com.br\/index.php?rest_route=\/wp\/v2\/posts"}],"about":[{"href":"http:\/\/blogdoarmindomaia.com.br\/index.php?rest_route=\/wp\/v2\/types\/post"}],"author":[{"embeddable":true,"href":"http:\/\/blogdoarmindomaia.com.br\/index.php?rest_route=\/wp\/v2\/users\/2"}],"replies":[{"embeddable":true,"href":"http:\/\/blogdoarmindomaia.com.br\/index.php?rest_route=%2Fwp%2Fv2%2Fcomments&post=7072"}],"version-history":[{"count":1,"href":"http:\/\/blogdoarmindomaia.com.br\/index.php?rest_route=\/wp\/v2\/posts\/7072\/revisions"}],"predecessor-version":[{"id":7074,"href":"http:\/\/blogdoarmindomaia.com.br\/index.php?rest_route=\/wp\/v2\/posts\/7072\/revisions\/7074"}],"wp:attachment":[{"href":"http:\/\/blogdoarmindomaia.com.br\/index.php?rest_route=%2Fwp%2Fv2%2Fmedia&parent=7072"}],"wp:term":[{"taxonomy":"category","embeddable":true,"href":"http:\/\/blogdoarmindomaia.com.br\/index.php?rest_route=%2Fwp%2Fv2%2Fcategories&post=7072"},{"taxonomy":"post_tag","embeddable":true,"href":"http:\/\/blogdoarmindomaia.com.br\/index.php?rest_route=%2Fwp%2Fv2%2Ftags&post=7072"}],"curies":[{"name":"wp","href":"https:\/\/api.w.org\/{rel}","templated":true}]}}