{"id":7078,"date":"2024-01-29T14:33:58","date_gmt":"2024-01-29T17:33:58","guid":{"rendered":"http:\/\/blogdoarmindomaia.com.br\/?p=7078"},"modified":"2024-01-29T14:34:00","modified_gmt":"2024-01-29T17:34:00","slug":"confira-a-programacao-do-araxa-folia-que-vai-movimentar-o-carnaval-na-cidade","status":"publish","type":"post","link":"http:\/\/blogdoarmindomaia.com.br\/?p=7078","title":{"rendered":"\u00a0Confira a programa\u00e7\u00e3o do Arax\u00e1 Folia que vai movimentar o Carnaval na cidade"},"content":{"rendered":"\n<figure class=\"wp-block-image size-large is-style-default\"><img loading=\"lazy\" decoding=\"async\" width=\"1024\" height=\"1024\" src=\"http:\/\/blogdoarmindomaia.com.br\/wp-content\/uploads\/2024\/01\/Confira-a-programacao-do-Araxa-Folia-que-vai-movimentar-o-Carnaval-na-cidade-05-1024x1024.jpeg\" alt=\"\" class=\"wp-image-7079\" srcset=\"http:\/\/blogdoarmindomaia.com.br\/wp-content\/uploads\/2024\/01\/Confira-a-programacao-do-Araxa-Folia-que-vai-movimentar-o-Carnaval-na-cidade-05-1024x1024.jpeg 1024w, http:\/\/blogdoarmindomaia.com.br\/wp-content\/uploads\/2024\/01\/Confira-a-programacao-do-Araxa-Folia-que-vai-movimentar-o-Carnaval-na-cidade-05-300x300.jpeg 300w, http:\/\/blogdoarmindomaia.com.br\/wp-content\/uploads\/2024\/01\/Confira-a-programacao-do-Araxa-Folia-que-vai-movimentar-o-Carnaval-na-cidade-05-150x150.jpeg 150w, http:\/\/blogdoarmindomaia.com.br\/wp-content\/uploads\/2024\/01\/Confira-a-programacao-do-Araxa-Folia-que-vai-movimentar-o-Carnaval-na-cidade-05-768x768.jpeg 768w, http:\/\/blogdoarmindomaia.com.br\/wp-content\/uploads\/2024\/01\/Confira-a-programacao-do-Araxa-Folia-que-vai-movimentar-o-Carnaval-na-cidade-05.jpeg 1080w\" sizes=\"auto, (max-width: 1024px) 100vw, 1024px\" \/><\/figure>\n\n\n\n<p>O Carnaval 2024 promete agitar a terra de Dona Beja. Entre 10 e 12 de fevereiro, a Prefeitura de Arax\u00e1 e a Funda\u00e7\u00e3o Cultural Calmon Barreto (FCCB) promovem o \u201cArax\u00e1 na Folia\u201d. A programa\u00e7\u00e3o conta com desfile de blocos, show, DJ, pra\u00e7a de alimenta\u00e7\u00e3o e trio el\u00e9trico.<br><br>Nos tr\u00eas dias de evento, a festa come\u00e7a na avenida Imbiara, em frente \u00e0 Escola Estadual Vasco Santos, com trio el\u00e9trico, concentra\u00e7\u00e3o e esquenta dos blocos a partir das 15h. \u00c0s 18h, todos os grupos saem junto com o trio rumo ao estacionamento do Est\u00e1dio Municipal Fausto Alvim, onde, a partir das 20h30, acontece show musical, seguido com apresenta\u00e7\u00e3o de DJ at\u00e9 \u00e0s 23h.<br><br>J\u00e1 no dia 13 de fevereiro, por iniciativa dos coordenadores dos blocos, haver\u00e1 programa\u00e7\u00e3o alternativa com um encontr\u00e3o de todos os grupos no estacionamento do est\u00e1dio, das 16h \u00e0s 23h.<br><br>De acordo com a presidente da FCCB, Cynthia Ver\u00e7osa, o objetivo para 2024 \u00e9 promover um carnaval cultural, que resgate tradi\u00e7\u00f5es, juntamente com as tend\u00eancias que movimentam a folia em grandes centros do pa\u00eds.<br><br>\u201cElaboramos uma programa\u00e7\u00e3o agrad\u00e1vel para toda a fam\u00edlia. Nas m\u00fasicas, por exemplo, teremos can\u00e7\u00f5es que marcaram v\u00e1rios carnavais. A novidade \u00e9 a estrutura de palco m\u00f3vel. Contaremos com trio el\u00e9trico que j\u00e1 foi utilizado em diversos carnavais na Bahia e que, em Arax\u00e1, ir\u00e1 abrigar todas as manifesta\u00e7\u00f5es culturais. Grupos de dan\u00e7a e bandas da cidade que foram contemplados pela Lei Paulo Gustavo, tamb\u00e9m estar\u00e3o presentes na programa\u00e7\u00e3o\u201d, conta.<br><br><strong>Programa\u00e7\u00e3o<\/strong><br>S\u00e1bado, 10\/02<br><br>Avenida Imbiara, em frente \u00e0 Escola Estadual Vasco Santos<br>15h: Trio El\u00e9trico<br>16h: Concentra\u00e7\u00e3o e esquenta com o Bloco Vai que Cola<br><br><br>18h: Sa\u00edda do Trio El\u00e9trico rumo ao Est\u00e1dio Municipal Fausto Alvim, com o Bloco Clube Uni\u00e3o puxando a bateria.<br>Blocos participantes: Vai-Vai, Panel\u00e3o de Minas, Empoderadas e Vai Que Cola<br><br>Est\u00e1dio Municipal Fausto Alvim<br><br>20h30: Show (atra\u00e7\u00e3o a confirmar via chamamento p\u00fablico);<br>&#8211; Projeto Dan\u00e7a Para Elas, com Valmir Santos<br>22h: DJ Vander Salles<br><br>Domingo, 11\/02<br><br>Avenida Imbiara, em frente \u00e0 Escola Estadual Vasco Santos<br>15h: Trio El\u00e9trico<br>16h: Concentra\u00e7\u00e3o e esquenta com o Bloco do Z\u00e9<br><br>18h: Sa\u00edda do Trio El\u00e9trico rumo ao Est\u00e1dio Municipal Fausto Alvim, com o Bloco Vai Quem Quer puxando a bateria.<br>Blocos participantes: N\u00eaga Ful\u00f4, Empoderadas, Panel\u00e3o de Minas, Clube Uni\u00e3o, Vai-Vai, Bloco do Z\u00e9, Vai que Cola e Vapo-Vapo<br><br>Est\u00e1dio Municipal Fausto Alvim<br><br>20h30: Show com Trio Retrovisor;<br>&#8211; Projeto Dan\u00e7a na Pra\u00e7a, com o Centro de Dan\u00e7as Kathak (CDK).<br><br>22h: DJ Vander Salles<br><br>Segunda-feira, 12\/02<br><br>Avenida Imbiara, em frente \u00e0 Escola Estadual Vasco Santos<br>15h: Trio El\u00e9trico<br>16h: Concentra\u00e7\u00e3o e esquenta com o Bloco Vai Que Cola<br><br>18h: Sa\u00edda do Trio El\u00e9trico rumo ao Est\u00e1dio Municipal Fausto Alvim, com o Bloco Vapo-Vapo puxando a bateria<br>Blocos participantes: N\u00eaga Ful\u00f4, Panel\u00e3o de Minas, Empoderadas, Vai Quem Quer, Vai Que Cola e Vai-Vai<br><br>Est\u00e1dio Municipal Fausto Alvim<br><br>20h30: Show com Latitude 19 &#8211; CarnaRock<br><br>22h: DJ Vander Salles<br><br><br>Ter\u00e7a-feira, 13\/02<br>Est\u00e1dio Municipal Fausto Alvim<br>16h \u00e0s 23h &#8211; Encontr\u00e3o dos Blocos de Arax\u00e1<br><\/p>\n","protected":false},"excerpt":{"rendered":"<p>O Carnaval 2024 promete agitar a terra de Dona Beja. Entre 10 e 12 de fevereiro, a Prefeitura de Arax\u00e1<\/p>\n","protected":false},"author":2,"featured_media":7079,"comment_status":"open","ping_status":"open","sticky":false,"template":"","format":"standard","meta":{"footnotes":""},"categories":[9,11],"tags":[],"class_list":["post-7078","post","type-post","status-publish","format-standard","has-post-thumbnail","hentry","category-araxa","category-destaques"],"_links":{"self":[{"href":"http:\/\/blogdoarmindomaia.com.br\/index.php?rest_route=\/wp\/v2\/posts\/7078","targetHints":{"allow":["GET"]}}],"collection":[{"href":"http:\/\/blogdoarmindomaia.com.br\/index.php?rest_route=\/wp\/v2\/posts"}],"about":[{"href":"http:\/\/blogdoarmindomaia.com.br\/index.php?rest_route=\/wp\/v2\/types\/post"}],"author":[{"embeddable":true,"href":"http:\/\/blogdoarmindomaia.com.br\/index.php?rest_route=\/wp\/v2\/users\/2"}],"replies":[{"embeddable":true,"href":"http:\/\/blogdoarmindomaia.com.br\/index.php?rest_route=%2Fwp%2Fv2%2Fcomments&post=7078"}],"version-history":[{"count":1,"href":"http:\/\/blogdoarmindomaia.com.br\/index.php?rest_route=\/wp\/v2\/posts\/7078\/revisions"}],"predecessor-version":[{"id":7080,"href":"http:\/\/blogdoarmindomaia.com.br\/index.php?rest_route=\/wp\/v2\/posts\/7078\/revisions\/7080"}],"wp:featuredmedia":[{"embeddable":true,"href":"http:\/\/blogdoarmindomaia.com.br\/index.php?rest_route=\/wp\/v2\/media\/7079"}],"wp:attachment":[{"href":"http:\/\/blogdoarmindomaia.com.br\/index.php?rest_route=%2Fwp%2Fv2%2Fmedia&parent=7078"}],"wp:term":[{"taxonomy":"category","embeddable":true,"href":"http:\/\/blogdoarmindomaia.com.br\/index.php?rest_route=%2Fwp%2Fv2%2Fcategories&post=7078"},{"taxonomy":"post_tag","embeddable":true,"href":"http:\/\/blogdoarmindomaia.com.br\/index.php?rest_route=%2Fwp%2Fv2%2Ftags&post=7078"}],"curies":[{"name":"wp","href":"https:\/\/api.w.org\/{rel}","templated":true}]}}