{"id":7085,"date":"2024-01-29T14:59:03","date_gmt":"2024-01-29T17:59:03","guid":{"rendered":"http:\/\/blogdoarmindomaia.com.br\/?p=7085"},"modified":"2024-01-29T14:59:05","modified_gmt":"2024-01-29T17:59:05","slug":"iprema-inaugura-sede-propria-no-dia-nacional-do-aposentado","status":"publish","type":"post","link":"http:\/\/blogdoarmindomaia.com.br\/?p=7085","title":{"rendered":"Iprema inaugura sede pr\u00f3pria no Dia Nacional do Aposentado"},"content":{"rendered":"\n<figure class=\"wp-block-image size-full is-style-default\"><img loading=\"lazy\" decoding=\"async\" width=\"1024\" height=\"576\" src=\"http:\/\/blogdoarmindomaia.com.br\/wp-content\/uploads\/2024\/01\/Iprema-inaugura-sede-propria-no-Dia-Nacional-do-Aposentado-pag-09.jpeg\" alt=\"\" class=\"wp-image-7086\" srcset=\"http:\/\/blogdoarmindomaia.com.br\/wp-content\/uploads\/2024\/01\/Iprema-inaugura-sede-propria-no-Dia-Nacional-do-Aposentado-pag-09.jpeg 1024w, http:\/\/blogdoarmindomaia.com.br\/wp-content\/uploads\/2024\/01\/Iprema-inaugura-sede-propria-no-Dia-Nacional-do-Aposentado-pag-09-300x169.jpeg 300w, http:\/\/blogdoarmindomaia.com.br\/wp-content\/uploads\/2024\/01\/Iprema-inaugura-sede-propria-no-Dia-Nacional-do-Aposentado-pag-09-768x432.jpeg 768w\" sizes=\"auto, (max-width: 1024px) 100vw, 1024px\" \/><\/figure>\n\n\n\n<p>O Instituto de Previd\u00eancia Municipal de Arax\u00e1 (Iprema) inaugurou sua sede pr\u00f3pria na quarta-feira (24), Dia Nacional do Aposentado, na rua Dr. Franklin de Castro, n\u00ba 160, Centro.<br><br>O espa\u00e7o, que por muitos anos abrigou o Museu Calmon Barreto, passou por reforma geral, contemplando desde a cobertura at\u00e9 a moderniza\u00e7\u00e3o das instala\u00e7\u00f5es el\u00e9tricas e hidr\u00e1ulicas e do sistema de Tecnologia da Informa\u00e7\u00e3o (TI), amplia\u00e7\u00e3o de salas, novos revestimentos, reparos no sistema sanit\u00e1rio, pintura geral e sistema de combate a inc\u00eandio.<br><br>A solenidade, que faz parte das comemora\u00e7\u00f5es de 32 anos do instituto, contou com as presen\u00e7as do prefeito Robson Magela, do superintendente do Iprema, Rog\u00e9rio Farah, do presidente da C\u00e2mara dos Vereadores, Bosco J\u00fanior, dos vereadores Evaldo do Ferrocarril, Jairinho Borges, Dirley da Escolinha e Leni Nobre, do presidente do Sindicato dos Servidores P\u00fablicos de Arax\u00e1 e Regi\u00e3o (Sinplalto), Hely Aires, al\u00e9m de secret\u00e1rios municipais, servidores, aposentados e pensionistas e demais convidados.<br><br>De acordo com Rog\u00e9rio Farah, a institui\u00e7\u00e3o j\u00e1 se consolidou como refer\u00eancia na regi\u00e3o e no pa\u00eds. &#8220;Ao longo de 32 anos, crescemos e agora foi alcan\u00e7ada a conquista da nossa primeira sede pr\u00f3pria. Hoje, com mais de 1.000 aposentados e pensionistas, o trabalho \u00e9 feito com comprometimento, dedica\u00e7\u00e3o e efici\u00eancia aos nossos segurados\u201d, diz.<br><br>O prefeito Robson Magela ressalta que o novo espa\u00e7o do Iprema marca um momento muito importante, pois o instituto consolida ainda mais o seu crescimento f\u00edsico e financeiro.<br><br>\u201cEssa inaugura\u00e7\u00e3o n\u00e3o apenas simboliza um marco hist\u00f3rico, mas tamb\u00e9m representa uma economia significativa para o instituto, que anteriormente arcava com despesas de aluguel. Agora a institui\u00e7\u00e3o poder\u00e1 investir mais em prol desses servidores, que tanto contribu\u00edram para o desenvolvimento da nossa cidade\u201d, refor\u00e7a.<br><br>Benefici\u00e1ria do Iprema h\u00e1 5 anos, Idelma Aparecida Crispim explica sobre a felicidade da nova sede. \u201cEu estou muito feliz com esse novo local, vai facilitar muito o trabalho da equipe, e principalmente n\u00f3s, previdenci\u00e1rios, vai facilitar a nossa vinda para realizarmos as necessidades que a gente precisa\u201d, destaca.<br><br>O hor\u00e1rio de atendimento \u00e9 de segunda a sexta-feira, das 8h \u00e0s 18h. O instituto tamb\u00e9m realiza atendimentos pelo WhatsApp (34) 9.9972-7982.<\/p>\n","protected":false},"excerpt":{"rendered":"<p>O Instituto de Previd\u00eancia Municipal de Arax\u00e1 (Iprema) inaugurou sua sede pr\u00f3pria na quarta-feira (24), Dia Nacional do Aposentado, na<\/p>\n","protected":false},"author":2,"featured_media":7086,"comment_status":"open","ping_status":"open","sticky":false,"template":"","format":"standard","meta":{"footnotes":""},"categories":[9,11],"tags":[],"class_list":["post-7085","post","type-post","status-publish","format-standard","has-post-thumbnail","hentry","category-araxa","category-destaques"],"_links":{"self":[{"href":"http:\/\/blogdoarmindomaia.com.br\/index.php?rest_route=\/wp\/v2\/posts\/7085","targetHints":{"allow":["GET"]}}],"collection":[{"href":"http:\/\/blogdoarmindomaia.com.br\/index.php?rest_route=\/wp\/v2\/posts"}],"about":[{"href":"http:\/\/blogdoarmindomaia.com.br\/index.php?rest_route=\/wp\/v2\/types\/post"}],"author":[{"embeddable":true,"href":"http:\/\/blogdoarmindomaia.com.br\/index.php?rest_route=\/wp\/v2\/users\/2"}],"replies":[{"embeddable":true,"href":"http:\/\/blogdoarmindomaia.com.br\/index.php?rest_route=%2Fwp%2Fv2%2Fcomments&post=7085"}],"version-history":[{"count":1,"href":"http:\/\/blogdoarmindomaia.com.br\/index.php?rest_route=\/wp\/v2\/posts\/7085\/revisions"}],"predecessor-version":[{"id":7087,"href":"http:\/\/blogdoarmindomaia.com.br\/index.php?rest_route=\/wp\/v2\/posts\/7085\/revisions\/7087"}],"wp:featuredmedia":[{"embeddable":true,"href":"http:\/\/blogdoarmindomaia.com.br\/index.php?rest_route=\/wp\/v2\/media\/7086"}],"wp:attachment":[{"href":"http:\/\/blogdoarmindomaia.com.br\/index.php?rest_route=%2Fwp%2Fv2%2Fmedia&parent=7085"}],"wp:term":[{"taxonomy":"category","embeddable":true,"href":"http:\/\/blogdoarmindomaia.com.br\/index.php?rest_route=%2Fwp%2Fv2%2Fcategories&post=7085"},{"taxonomy":"post_tag","embeddable":true,"href":"http:\/\/blogdoarmindomaia.com.br\/index.php?rest_route=%2Fwp%2Fv2%2Ftags&post=7085"}],"curies":[{"name":"wp","href":"https:\/\/api.w.org\/{rel}","templated":true}]}}