{"id":7098,"date":"2024-02-06T16:58:09","date_gmt":"2024-02-06T19:58:09","guid":{"rendered":"http:\/\/blogdoarmindomaia.com.br\/?p=7098"},"modified":"2024-02-06T16:58:11","modified_gmt":"2024-02-06T19:58:11","slug":"mg-supera-34-gigawatts-de-potencia-instalada-na-geracao-propria-de-energia-solar","status":"publish","type":"post","link":"http:\/\/blogdoarmindomaia.com.br\/?p=7098","title":{"rendered":"MG supera 3,4 gigawatts de pot\u00eancia instalada na gera\u00e7\u00e3o pr\u00f3pria de energia solar\u00a0"},"content":{"rendered":"\n<figure class=\"wp-block-image size-large is-style-default\"><img loading=\"lazy\" decoding=\"async\" width=\"1024\" height=\"683\" src=\"http:\/\/blogdoarmindomaia.com.br\/wp-content\/uploads\/2024\/02\/absolar1-1024x683.jpg\" alt=\"\" class=\"wp-image-7100\" srcset=\"http:\/\/blogdoarmindomaia.com.br\/wp-content\/uploads\/2024\/02\/absolar1-1024x683.jpg 1024w, http:\/\/blogdoarmindomaia.com.br\/wp-content\/uploads\/2024\/02\/absolar1-300x200.jpg 300w, http:\/\/blogdoarmindomaia.com.br\/wp-content\/uploads\/2024\/02\/absolar1-768x512.jpg 768w, http:\/\/blogdoarmindomaia.com.br\/wp-content\/uploads\/2024\/02\/absolar1-1536x1024.jpg 1536w, http:\/\/blogdoarmindomaia.com.br\/wp-content\/uploads\/2024\/02\/absolar1.jpg 1600w\" sizes=\"auto, (max-width: 1024px) 100vw, 1024px\" \/><\/figure>\n\n\n\n<p><strong>&nbsp;<\/strong>Minas Gerais \u00e9 o segundo estado brasileiro com maior pot\u00eancia instalada de energia solar em telhados e pequenos terrenos. Segundo recente mapeamento da Associa\u00e7\u00e3o Brasileira de Energia Solar Fotovoltaica (ABSOLAR), a regi\u00e3o supera a marca de 3,4 gigawatts (GW) em opera\u00e7\u00e3o nas resid\u00eancias, com\u00e9rcios, ind\u00fastrias, propriedades rurais e pr\u00e9dios p\u00fablicos.<br>&nbsp;<br>O territ\u00f3rio mineiro responde sozinho por 13,4% de toda a pot\u00eancia instalada de energia solar na modalidade e possui mais de 269,8 mil conex\u00f5es operacionais, espalhadas por 853 cidades, ou 100% munic\u00edpios da regi\u00e3o. Atualmente, s\u00e3o mais de 649 mil consumidores de energia el\u00e9trica que j\u00e1 contam com redu\u00e7\u00e3o na conta de luz, maior autonomia e confiabilidade el\u00e9trica.<br>&nbsp;<br>Desde 2012, a gera\u00e7\u00e3o pr\u00f3pria de energia solar j\u00e1 proporcionou a Minas Gerais a atra\u00e7\u00e3o de mais de R$ 17,6 bilh\u00f5es em investimentos, gera\u00e7\u00e3o de mais de 103 mil empregos e a arrecada\u00e7\u00e3o de mais de R$ 2,9 bilh\u00f5es aos cofres p\u00fablicos.<br>&nbsp;<br>Apesar do hist\u00f3rico ensolarado do estado, o setor fotovoltaico tem enfrentado alguns desafios para continuar avan\u00e7ando de forma robusta na regi\u00e3o. Isso em virtude dos problemas que milhares de consumidores t\u00eam enfrentado para conseguir conectar suas micro e miniusinas junto \u00e0 rede de distribui\u00e7\u00e3o da CEMIG. Neste caso, a ABSOLAR tem atuado de forma transparente e profissional com a distribuidora, no sentido de equacionar as negativas em rela\u00e7\u00e3o aos pedidos de conex\u00e3o de novos projetos fotovoltaicos em telhados, fachadas e pequenos terrenos.<br>&nbsp;<br>Com reuni\u00f5es peri\u00f3dicas, a atua\u00e7\u00e3o da entidade junto \u00e0s autoridades p\u00fablicas e \u00e0 pr\u00f3pria CEMIG \u00e9 pautada na constru\u00e7\u00e3o de di\u00e1logo e de solu\u00e7\u00f5es pr\u00e1ticas para que seja preservado o direito do consumidor de gerar a pr\u00f3pria energia e o direito das empresas integradoras de exercerem o seu trabalho.<br>&nbsp;<br>Para Bruno Catta Preta, coordenador estadual da ABSOLAR em Minas Gerais, o avan\u00e7o da energia solar no Pa\u00eds \u00e9 fundamental para o desenvolvimento social, econ\u00f4mico e ambiental do Brasil e ajuda a diversificar o suprimento de energia el\u00e9trica do Pa\u00eds, reduzindo a press\u00e3o sobre os recursos h\u00eddricos e o risco da ocorr\u00eancia de bandeira vermelha na conta de luz da popula\u00e7\u00e3o.<br>&nbsp;<br>\u201cO estado de Minas Gerais \u00e9 atualmente um importante centro de desenvolvimento da energia solar. A tecnologia fotovoltaica representa um enorme potencial de gera\u00e7\u00e3o de emprego e renda, atra\u00e7\u00e3o de investimentos privados e colabora\u00e7\u00e3o no combate \u00e0s mudan\u00e7as clim\u00e1ticas\u201d, comenta.<br>&nbsp;<br>Segundo o presidente executivo da ABSOLAR, Rodrigo Sauaia, o crescimento da gera\u00e7\u00e3o pr\u00f3pria de energia solar fortalece a sustentabilidade e protagonismo internacional do Brasil, alivia o or\u00e7amento das fam\u00edlias e amplia a competitividade dos setores produtivos brasileiros.<br>&nbsp;<br>\u201cA fonte solar \u00e9 uma alavanca para o desenvolvimento do Pa\u00eds. Em especial, temos uma imensa oportunidade de uso da tecnologia em programas sociais, como casas populares do programa Minha Casa Minha Vida, na universaliza\u00e7\u00e3o do acesso \u00e0 energia el\u00e9trica pelo programa Luz para Todos, bem como no seu uso em pr\u00e9dios p\u00fablicos, como escolas, hospitais, postos de sa\u00fade, delegacias, bibliotecas, museus, parques, entre outros, ajudando a reduzir os gastos dos governos com energia el\u00e9trica para que tenham mais recursos para investir em sa\u00fade, educa\u00e7\u00e3o, seguran\u00e7a p\u00fablica e outras prioridades da sociedade brasileira\u201d, conclui Sauaia.<br><br><\/p>\n","protected":false},"excerpt":{"rendered":"<p>&nbsp;Minas Gerais \u00e9 o segundo estado brasileiro com maior pot\u00eancia instalada de energia solar em telhados e pequenos terrenos. Segundo<\/p>\n","protected":false},"author":2,"featured_media":7100,"comment_status":"open","ping_status":"open","sticky":false,"template":"","format":"standard","meta":{"footnotes":""},"categories":[9,11],"tags":[],"class_list":["post-7098","post","type-post","status-publish","format-standard","has-post-thumbnail","hentry","category-araxa","category-destaques"],"_links":{"self":[{"href":"http:\/\/blogdoarmindomaia.com.br\/index.php?rest_route=\/wp\/v2\/posts\/7098","targetHints":{"allow":["GET"]}}],"collection":[{"href":"http:\/\/blogdoarmindomaia.com.br\/index.php?rest_route=\/wp\/v2\/posts"}],"about":[{"href":"http:\/\/blogdoarmindomaia.com.br\/index.php?rest_route=\/wp\/v2\/types\/post"}],"author":[{"embeddable":true,"href":"http:\/\/blogdoarmindomaia.com.br\/index.php?rest_route=\/wp\/v2\/users\/2"}],"replies":[{"embeddable":true,"href":"http:\/\/blogdoarmindomaia.com.br\/index.php?rest_route=%2Fwp%2Fv2%2Fcomments&post=7098"}],"version-history":[{"count":1,"href":"http:\/\/blogdoarmindomaia.com.br\/index.php?rest_route=\/wp\/v2\/posts\/7098\/revisions"}],"predecessor-version":[{"id":7101,"href":"http:\/\/blogdoarmindomaia.com.br\/index.php?rest_route=\/wp\/v2\/posts\/7098\/revisions\/7101"}],"wp:featuredmedia":[{"embeddable":true,"href":"http:\/\/blogdoarmindomaia.com.br\/index.php?rest_route=\/wp\/v2\/media\/7100"}],"wp:attachment":[{"href":"http:\/\/blogdoarmindomaia.com.br\/index.php?rest_route=%2Fwp%2Fv2%2Fmedia&parent=7098"}],"wp:term":[{"taxonomy":"category","embeddable":true,"href":"http:\/\/blogdoarmindomaia.com.br\/index.php?rest_route=%2Fwp%2Fv2%2Fcategories&post=7098"},{"taxonomy":"post_tag","embeddable":true,"href":"http:\/\/blogdoarmindomaia.com.br\/index.php?rest_route=%2Fwp%2Fv2%2Ftags&post=7098"}],"curies":[{"name":"wp","href":"https:\/\/api.w.org\/{rel}","templated":true}]}}