{"id":7116,"date":"2024-02-08T14:56:22","date_gmt":"2024-02-08T17:56:22","guid":{"rendered":"http:\/\/blogdoarmindomaia.com.br\/?p=7116"},"modified":"2024-02-08T14:56:24","modified_gmt":"2024-02-08T17:56:24","slug":"alunos-da-rede-municipal-de-araxa-iniciaram-o-ano-letivo-esta-semana","status":"publish","type":"post","link":"http:\/\/blogdoarmindomaia.com.br\/?p=7116","title":{"rendered":"Alunos da Rede Municipal de Arax\u00e1 iniciaram o ano letivo esta semana"},"content":{"rendered":"\n<figure class=\"wp-block-image size-full is-style-default\"><img loading=\"lazy\" decoding=\"async\" width=\"659\" height=\"509\" src=\"http:\/\/blogdoarmindomaia.com.br\/wp-content\/uploads\/2024\/02\/Alunos-da-Rede-Municipal-de-Araxa-iniciaram-o-ano-letivo-esta-semana-pag03.jpeg\" alt=\"\" class=\"wp-image-7117\" srcset=\"http:\/\/blogdoarmindomaia.com.br\/wp-content\/uploads\/2024\/02\/Alunos-da-Rede-Municipal-de-Araxa-iniciaram-o-ano-letivo-esta-semana-pag03.jpeg 659w, http:\/\/blogdoarmindomaia.com.br\/wp-content\/uploads\/2024\/02\/Alunos-da-Rede-Municipal-de-Araxa-iniciaram-o-ano-letivo-esta-semana-pag03-300x232.jpeg 300w\" sizes=\"auto, (max-width: 659px) 100vw, 659px\" \/><\/figure>\n\n\n\n<p>Cerca de 13 mil estudantes da Rede Municipal de Ensino iniciaram o ano letivo de 2024 na segunda-feira, 5 de fevereiro. S\u00e3o 67 unidades (entre creches, escolas, conveniadas e anexos), que ofertam Educa\u00e7\u00e3o Infantil, Ensino Fundamental e Educa\u00e7\u00e3o de Jovens e Adultos (EJA).<br><br>Quatro unidades (Anexos Dona Petrosa e Francisca Querina, e Cemeis Terezinha de Melo Cortes e Gabriela Almeida Aristimunho), por\u00e9m, v\u00e3o iniciar o ano letivo apenas na segunda-feira, dia 19, por terem terminado suas reformas e\/ou constru\u00e7\u00f5es recentemente \u2013 a altera\u00e7\u00e3o foi comunicada de forma direta aos pais.<br><br>As aulas s\u00e3o gratuitas e os estudantes recebem material did\u00e1tico, uniforme e merenda escolar. O retorno dos profissionais da Educa\u00e7\u00e3o \u00e0s escolas ocorreu nesta semana para a execu\u00e7\u00e3o do planejamento das atividades pedag\u00f3gicas e organiza\u00e7\u00e3o das a\u00e7\u00f5es de acolhimento aos estudantes.<br><br>Pelo terceiro ano consecutivo, a Prefeitura de Arax\u00e1 vai entregar kits de material escolar e uniforme para todos os alunos da Rede Municipal. O conjunto de materiais dispon\u00edveis nos kits varia para cada faixa et\u00e1ria e etapa da Educa\u00e7\u00e3o, e ser\u00e1 distribu\u00eddo durante o m\u00eas de fevereiro.<br><br>Cada kit incluir\u00e1 itens essenciais para o ano escolar do aluno, como estojos, cadernos, agendas, l\u00e1pis, borrachas, tesouras, apontadores, garrafinha, dentre outros itens necess\u00e1rios no aux\u00edlio da aprendizagem. Al\u00e9m disso, os alunos tamb\u00e9m receber\u00e3o uniforme completo, com camiseta, bermuda, cal\u00e7a e agasalho. A data de entrega ser\u00e1 comunicada pelas escolas no in\u00edcio do ano letivo.<br><br>A secret\u00e1ria municipal de Educa\u00e7\u00e3o, Zulma Moreira, explica a import\u00e2ncia do in\u00edcio do ano letivo para toda comunidade escolar. &#8220;O retorno \u00e0s aulas \u00e9 crucial para o desenvolvimento educacional. A secretaria est\u00e1 empenhada em oferecer um ambiente seguro, promovendo aprendizado significativo e apoio emocional aos estudantes&#8221;, diz.<br><\/p>\n","protected":false},"excerpt":{"rendered":"<p>Cerca de 13 mil estudantes da Rede Municipal de Ensino iniciaram o ano letivo de 2024 na segunda-feira, 5 de<\/p>\n","protected":false},"author":2,"featured_media":7117,"comment_status":"open","ping_status":"open","sticky":false,"template":"","format":"standard","meta":{"footnotes":""},"categories":[9,11,13],"tags":[],"class_list":["post-7116","post","type-post","status-publish","format-standard","has-post-thumbnail","hentry","category-araxa","category-destaques","category-educacao"],"_links":{"self":[{"href":"http:\/\/blogdoarmindomaia.com.br\/index.php?rest_route=\/wp\/v2\/posts\/7116","targetHints":{"allow":["GET"]}}],"collection":[{"href":"http:\/\/blogdoarmindomaia.com.br\/index.php?rest_route=\/wp\/v2\/posts"}],"about":[{"href":"http:\/\/blogdoarmindomaia.com.br\/index.php?rest_route=\/wp\/v2\/types\/post"}],"author":[{"embeddable":true,"href":"http:\/\/blogdoarmindomaia.com.br\/index.php?rest_route=\/wp\/v2\/users\/2"}],"replies":[{"embeddable":true,"href":"http:\/\/blogdoarmindomaia.com.br\/index.php?rest_route=%2Fwp%2Fv2%2Fcomments&post=7116"}],"version-history":[{"count":1,"href":"http:\/\/blogdoarmindomaia.com.br\/index.php?rest_route=\/wp\/v2\/posts\/7116\/revisions"}],"predecessor-version":[{"id":7118,"href":"http:\/\/blogdoarmindomaia.com.br\/index.php?rest_route=\/wp\/v2\/posts\/7116\/revisions\/7118"}],"wp:featuredmedia":[{"embeddable":true,"href":"http:\/\/blogdoarmindomaia.com.br\/index.php?rest_route=\/wp\/v2\/media\/7117"}],"wp:attachment":[{"href":"http:\/\/blogdoarmindomaia.com.br\/index.php?rest_route=%2Fwp%2Fv2%2Fmedia&parent=7116"}],"wp:term":[{"taxonomy":"category","embeddable":true,"href":"http:\/\/blogdoarmindomaia.com.br\/index.php?rest_route=%2Fwp%2Fv2%2Fcategories&post=7116"},{"taxonomy":"post_tag","embeddable":true,"href":"http:\/\/blogdoarmindomaia.com.br\/index.php?rest_route=%2Fwp%2Fv2%2Ftags&post=7116"}],"curies":[{"name":"wp","href":"https:\/\/api.w.org\/{rel}","templated":true}]}}