{"id":7119,"date":"2024-02-08T15:00:54","date_gmt":"2024-02-08T18:00:54","guid":{"rendered":"http:\/\/blogdoarmindomaia.com.br\/?p=7119"},"modified":"2024-02-08T15:00:56","modified_gmt":"2024-02-08T18:00:56","slug":"zema-recebe-visita-de-lula-e-diz-temos-que-conviver-com-as-diferencas","status":"publish","type":"post","link":"http:\/\/blogdoarmindomaia.com.br\/?p=7119","title":{"rendered":"Zema recebe visita de Lula e diz: &#8220;Temos que conviver com as diferen\u00e7as&#8221;"},"content":{"rendered":"\n<figure class=\"wp-block-image size-large is-style-default\"><img loading=\"lazy\" decoding=\"async\" width=\"1024\" height=\"615\" src=\"http:\/\/blogdoarmindomaia.com.br\/wp-content\/uploads\/2024\/02\/zema-e-lula-1-scaled-1-1536x923-1-1024x615.jpg\" alt=\"\" class=\"wp-image-7120\" srcset=\"http:\/\/blogdoarmindomaia.com.br\/wp-content\/uploads\/2024\/02\/zema-e-lula-1-scaled-1-1536x923-1-1024x615.jpg 1024w, http:\/\/blogdoarmindomaia.com.br\/wp-content\/uploads\/2024\/02\/zema-e-lula-1-scaled-1-1536x923-1-300x180.jpg 300w, http:\/\/blogdoarmindomaia.com.br\/wp-content\/uploads\/2024\/02\/zema-e-lula-1-scaled-1-1536x923-1-768x462.jpg 768w, http:\/\/blogdoarmindomaia.com.br\/wp-content\/uploads\/2024\/02\/zema-e-lula-1-scaled-1-1536x923-1.jpg 1536w\" sizes=\"auto, (max-width: 1024px) 100vw, 1024px\" \/><\/figure>\n\n\n\n<p><strong>Na manh\u00e3 desta quinta-feira (8) o presidente Lula se encontrou com o governador mineiro&nbsp; Romeu Zema. O encontro foi no Minascentro em Belo Horizonte. <\/strong>Zema foi o primeiro a discursar durante o encontro na primeira visita de Lula a Minas Gerais em seu terceiro mandato, e deu as boas-vindas ao presidente. \u201cEssa visita \u00e9 um reconhecimento da import\u00e2ncia do nosso estado. Em toda minha vida de trabalho, primeiro como funcion\u00e1rio, empres\u00e1rio e agora nos cinco anos como governador, aprendi a trabalhar com quem pensa diferente\u201d, disse o governador de Minas Gerais Romeu Zema Neto.<\/p>\n\n\n\n<p>Em seu discurso, o presidente da Rep\u00fablica, Luiz In\u00e1cio ( PT), optou por um discurso de concilia\u00e7\u00e3o na presen\u00e7a do governador de Minas Gerais, Romeu Zema (Novo). O petista disse que seu papel n\u00e3o \u00e9 se preocupar com o partido do governador dos estados em que visita. \u201cJ\u00e1 estive com muitos governadores de Minas Gerais. O \u00faltimo, o companheiro A\u00e9cio, do PSDB, depois o Pimentel. A gente n\u00e3o faz diferen\u00e7a de tratamento nem para governador, nem para prefeito. Os programas que vamos apresentar aqui foram compartilhados &#8211; ou com governo ou com prefeitos\u201d, afirmou.<\/p>\n\n\n\n<p>No final Zema tamb\u00e9m adotou um tom conciliat\u00f3rio e entregou uma lista de demandas do estado ao presidente.&nbsp;<\/p>\n","protected":false},"excerpt":{"rendered":"<p>Na manh\u00e3 desta quinta-feira (8) o presidente Lula se encontrou com o governador mineiro&nbsp; Romeu Zema. O encontro foi no<\/p>\n","protected":false},"author":2,"featured_media":7120,"comment_status":"open","ping_status":"open","sticky":false,"template":"","format":"standard","meta":{"footnotes":""},"categories":[9,11],"tags":[],"class_list":["post-7119","post","type-post","status-publish","format-standard","has-post-thumbnail","hentry","category-araxa","category-destaques"],"_links":{"self":[{"href":"http:\/\/blogdoarmindomaia.com.br\/index.php?rest_route=\/wp\/v2\/posts\/7119","targetHints":{"allow":["GET"]}}],"collection":[{"href":"http:\/\/blogdoarmindomaia.com.br\/index.php?rest_route=\/wp\/v2\/posts"}],"about":[{"href":"http:\/\/blogdoarmindomaia.com.br\/index.php?rest_route=\/wp\/v2\/types\/post"}],"author":[{"embeddable":true,"href":"http:\/\/blogdoarmindomaia.com.br\/index.php?rest_route=\/wp\/v2\/users\/2"}],"replies":[{"embeddable":true,"href":"http:\/\/blogdoarmindomaia.com.br\/index.php?rest_route=%2Fwp%2Fv2%2Fcomments&post=7119"}],"version-history":[{"count":1,"href":"http:\/\/blogdoarmindomaia.com.br\/index.php?rest_route=\/wp\/v2\/posts\/7119\/revisions"}],"predecessor-version":[{"id":7121,"href":"http:\/\/blogdoarmindomaia.com.br\/index.php?rest_route=\/wp\/v2\/posts\/7119\/revisions\/7121"}],"wp:featuredmedia":[{"embeddable":true,"href":"http:\/\/blogdoarmindomaia.com.br\/index.php?rest_route=\/wp\/v2\/media\/7120"}],"wp:attachment":[{"href":"http:\/\/blogdoarmindomaia.com.br\/index.php?rest_route=%2Fwp%2Fv2%2Fmedia&parent=7119"}],"wp:term":[{"taxonomy":"category","embeddable":true,"href":"http:\/\/blogdoarmindomaia.com.br\/index.php?rest_route=%2Fwp%2Fv2%2Fcategories&post=7119"},{"taxonomy":"post_tag","embeddable":true,"href":"http:\/\/blogdoarmindomaia.com.br\/index.php?rest_route=%2Fwp%2Fv2%2Ftags&post=7119"}],"curies":[{"name":"wp","href":"https:\/\/api.w.org\/{rel}","templated":true}]}}