{"id":7122,"date":"2024-02-08T15:24:26","date_gmt":"2024-02-08T18:24:26","guid":{"rendered":"http:\/\/blogdoarmindomaia.com.br\/?p=7122"},"modified":"2024-02-08T15:24:28","modified_gmt":"2024-02-08T18:24:28","slug":"pacientes-recebem-equipamentos-por-meio-da-oficina-ortopedica-itinerante","status":"publish","type":"post","link":"http:\/\/blogdoarmindomaia.com.br\/?p=7122","title":{"rendered":"Pacientes recebem equipamentos por meio da Oficina Ortop\u00e9dica Itinerante"},"content":{"rendered":"\n<figure class=\"wp-block-image size-large is-style-default\"><img loading=\"lazy\" decoding=\"async\" width=\"1024\" height=\"768\" src=\"http:\/\/blogdoarmindomaia.com.br\/wp-content\/uploads\/2024\/02\/Pacientes-recebem-equipamentos-por-meio-da-Oficina-Ortopedica-Itinerante-pag-03-1024x768.jpeg\" alt=\"\" class=\"wp-image-7123\" srcset=\"http:\/\/blogdoarmindomaia.com.br\/wp-content\/uploads\/2024\/02\/Pacientes-recebem-equipamentos-por-meio-da-Oficina-Ortopedica-Itinerante-pag-03-1024x768.jpeg 1024w, http:\/\/blogdoarmindomaia.com.br\/wp-content\/uploads\/2024\/02\/Pacientes-recebem-equipamentos-por-meio-da-Oficina-Ortopedica-Itinerante-pag-03-300x225.jpeg 300w, http:\/\/blogdoarmindomaia.com.br\/wp-content\/uploads\/2024\/02\/Pacientes-recebem-equipamentos-por-meio-da-Oficina-Ortopedica-Itinerante-pag-03-768x576.jpeg 768w, http:\/\/blogdoarmindomaia.com.br\/wp-content\/uploads\/2024\/02\/Pacientes-recebem-equipamentos-por-meio-da-Oficina-Ortopedica-Itinerante-pag-03.jpeg 1280w\" sizes=\"auto, (max-width: 1024px) 100vw, 1024px\" \/><\/figure>\n\n\n\n<p>Mais de 300 pacientes com defici\u00eancia de Arax\u00e1 e regi\u00e3o j\u00e1 est\u00e3o recebendo os aparelhos ortop\u00e9dicos fabricados sob medida pelo projeto Oficina Ortop\u00e9dica Itinerante, com equipe multiprofissional de Diamantina (MG), por meio de parceria com a Associa\u00e7\u00e3o de Pais e Amigos dos Excepcionais (Apae) de Arax\u00e1 e Secretaria Municipal de Sa\u00fade.<br><br>Os pacientes contemplados foram encaminhados pela Secretaria Municipal de Sa\u00fade e reabilitados pelo CER\/Apae, abrangendo os munic\u00edpios de Arax\u00e1, Ibi\u00e1, Campos Altos, Perdizes, Pratinha, Pedrin\u00f3polis, Santa Juliana e Tapira.<br><br>Est\u00e3o sendo entregues gratuitamente cadeiras de rodas manuais e motorizadas, pr\u00f3teses, \u00f3rteses, bengalas, andadores, muletas, cadeiras de banho e adapta\u00e7\u00f5es necess\u00e1rias para facilitar a acessibilidade e mobilidade dos atendidos.<br><br>A secret\u00e1ria Cristiane Gon\u00e7alves Pereira destaca que a iniciativa \u00e9 muito importante para proporcionar mais autonomia, melhorar a autoestima e estimular o desenvolvimento social dos pacientes.<br><br>\u201cInvestir em estrat\u00e9gias como a Oficina Ortop\u00e9dica comprova que parcerias alavancam ainda mais as pol\u00edticas p\u00fablicas do Sistema \u00danico de Sa\u00fade (SUS). S\u00e3o produtos m\u00e9dicos fundamentais para aumentar a qualidade de vida de muitas pessoas e, com certeza, fazem toda a diferen\u00e7a para garantir o desenvolvimento, bem-estar e confian\u00e7a das pessoas com defici\u00eancia\u201d, afirma.<br><\/p>\n","protected":false},"excerpt":{"rendered":"<p>Mais de 300 pacientes com defici\u00eancia de Arax\u00e1 e regi\u00e3o j\u00e1 est\u00e3o recebendo os aparelhos ortop\u00e9dicos fabricados sob medida pelo<\/p>\n","protected":false},"author":2,"featured_media":7123,"comment_status":"open","ping_status":"open","sticky":false,"template":"","format":"standard","meta":{"footnotes":""},"categories":[9,11],"tags":[],"class_list":["post-7122","post","type-post","status-publish","format-standard","has-post-thumbnail","hentry","category-araxa","category-destaques"],"_links":{"self":[{"href":"http:\/\/blogdoarmindomaia.com.br\/index.php?rest_route=\/wp\/v2\/posts\/7122","targetHints":{"allow":["GET"]}}],"collection":[{"href":"http:\/\/blogdoarmindomaia.com.br\/index.php?rest_route=\/wp\/v2\/posts"}],"about":[{"href":"http:\/\/blogdoarmindomaia.com.br\/index.php?rest_route=\/wp\/v2\/types\/post"}],"author":[{"embeddable":true,"href":"http:\/\/blogdoarmindomaia.com.br\/index.php?rest_route=\/wp\/v2\/users\/2"}],"replies":[{"embeddable":true,"href":"http:\/\/blogdoarmindomaia.com.br\/index.php?rest_route=%2Fwp%2Fv2%2Fcomments&post=7122"}],"version-history":[{"count":1,"href":"http:\/\/blogdoarmindomaia.com.br\/index.php?rest_route=\/wp\/v2\/posts\/7122\/revisions"}],"predecessor-version":[{"id":7124,"href":"http:\/\/blogdoarmindomaia.com.br\/index.php?rest_route=\/wp\/v2\/posts\/7122\/revisions\/7124"}],"wp:featuredmedia":[{"embeddable":true,"href":"http:\/\/blogdoarmindomaia.com.br\/index.php?rest_route=\/wp\/v2\/media\/7123"}],"wp:attachment":[{"href":"http:\/\/blogdoarmindomaia.com.br\/index.php?rest_route=%2Fwp%2Fv2%2Fmedia&parent=7122"}],"wp:term":[{"taxonomy":"category","embeddable":true,"href":"http:\/\/blogdoarmindomaia.com.br\/index.php?rest_route=%2Fwp%2Fv2%2Fcategories&post=7122"},{"taxonomy":"post_tag","embeddable":true,"href":"http:\/\/blogdoarmindomaia.com.br\/index.php?rest_route=%2Fwp%2Fv2%2Ftags&post=7122"}],"curies":[{"name":"wp","href":"https:\/\/api.w.org\/{rel}","templated":true}]}}